{"id":1276,"date":"2010-05-28T18:36:30","date_gmt":"2010-05-28T17:36:30","guid":{"rendered":"http:\/\/blogs.avui.cat\/jaumepubill\/2010\/05\/28\/la-masia-fbrica-de-cracs\/"},"modified":"2010-05-28T18:36:30","modified_gmt":"2010-05-28T17:36:30","slug":"la-masia-fbrica-de-cracs-2","status":"publish","type":"post","link":"https:\/\/blogs.avui.cat\/jaumepubill\/2010\/05\/28\/la-masia-fbrica-de-cracs-2\/","title":{"rendered":"&#034;La masia&#034;: F&#224;brica de cracs."},"content":{"rendered":"<h3><img data-recalc-dims=\"1\" loading=\"lazy\" decoding=\"async\" align=\"left\" src=\"https:\/\/i0.wp.com\/www.vilaweb.cat\/media\/continguts\/000\/006\/664\/thumbnails\/thumb_474__4.jpg?resize=272%2C222\" width=\"272\" height=\"222\" \/> <\/h3>\n<p>Aquesta antiga masia catalana que veieu a la foto \u00e9s Can Planes i es va aixecar l&#8217;any 1702 al barri de les Corts de Barcelona. Segurament que aquestes dades no us diuen res. Per\u00f2 si us dic que aquesta masia pertany al FC Barcelona des de l&#8217;any 1950, que \u00e9s quan la va comprar, i \u00e9s on hi viuen els nois que arriben de fora de la ciutat per formar-se com a futurs jugadors, ja us sonar\u00e0 m\u00e9s i ja sabeu de qu\u00e8 us parlo.<\/p>\n<p>Aquesta Masia \u00e9s on hi van viure molts dels cracs actuals del Bar\u00e7a i \u00e9s on hi viuen els futurs. Perqu\u00e8 si les coses segueixen com ara i no es torcen, el planter del Bar\u00e7a seguir\u00e0 essent important per molts anys. <\/p>\n<p>Fa un temps, el diari Vila Web, va publicar unes dades molt interessants que us resumeixo tot seguit.<\/p>\n<p>El renom de Can Planes, la <a href=\"http:\/\/www.fcbarcelona.cat\/web\/catala\/club\/club_avui\/territori_barca\/la_Masia\/lamasia.html\">Masia<\/a>, va lligat al <a href=\"http:\/\/www.fcbarcelona.cat\/web\/catala\">Futbol Club Barcelona<\/a> des de 1950, quan el club la va comprar a Francesc Planes i Buera per convertir-la, sota l&#8217;ombra del <a href=\"http:\/\/www.fcbarcelona.cat\/web\/catala\/club\/club_avui\/territori_barca\/CampNou\/estadi_cinc_estrelles.html\">Camp Nou<\/a>, primer en taller i seu social del club i, des de 1979, en el centre formatiu i la resid\u00e8ncia dels joves jugadors del planter. A la Masia, hi han arribat a viure jugadors del primer equip com Andr\u00e9s Iniesta, Pedro, Carles Puyol i Victor Vald\u00e9s, i han passat per les seves estances Cesc F\u00e0bregas, Guardiola, Bojan Krki\u0107, Piqu\u00e9, Reina i Xavi, entre molts altres noms. De fet, en els trenta anys de funcionament d&#8217;aquest singular centre de formaci\u00f3 futbol\u00edstica, n&#8217;han arribat a sortir trenta jugadors del primer equip, entre els quals hi ha un jove argent\u00ed, <a href=\"http:\/\/www.nosaltres.cat\/www\/seccio?p_idint=802218&amp;=0\">Lionel Messi<\/a>, que l&#8217;any passat es va convertir en el primer &#8216;masover&#8217; a obtenir la Pilota d&#8217;Or.<\/p>\n<p><a href=\"http:\/\/www.fcbarcelona.com\/web\/catala\/futbol\/temporada_09-10\/plantilla\/jugadors\/messi.html\">Lionel Andr\u00e9s Messi<\/a> (Rosario, 24 de juny de 1987) va comen\u00e7ar a mostrar els seus dots de futbolista de ben petit. Per\u00f2 a onze anys se li va diagnosticar l&#8217;hormona del creixement inhibida. \u00c9s a dir, que el seu creixement s&#8217;havia aturat. Nom\u00e9s hi havia una manera de posar-hi remei, a trav\u00e9s d&#8217;una ter\u00e0pia amb l&#8217;hormona Gh. Per\u00f2 el tractament, d&#8217;injeccions de cinc-cents euros di\u00e0ries, no era a l&#8217;abast de la fam\u00edlia. El River Plate, un dels grans equips argentins, va mostrar inter\u00e8s en el progr\u00e9s de Messi, per\u00f2 en \u00e8poca de vaques magres no tenia pressupost per a pagar la ter\u00e0pia. Messi, tal com explica el periodista napolit\u00e0 <a href=\"http:\/\/www.robertosaviano.com\">Roberto Saviano<\/a> al seu \u00faltim llibre &quot;<a href=\"http:\/\/www.vilaweb.cat\/noticia\/3698939\/avancament-editorial-bellesa-linfern.html\">La bellesa i l&#8217;infern<\/a>&quot; (<a href=\"http:\/\/www.editorialempuries.cat\/ca\/llibre\/la-bellesa-i-l-infern_11715.html\">Emp\u00faries<\/a>, 2010), no es va donar per ven\u00e7ut i va continuar demostrant que el futbol era la seva passi\u00f3, tot i ser el m\u00e9s baixet del terreny de joc.<\/p>\n<p>Fins que un dia de l&#8217;any 2000, Carles Rexach, el director esportiu del FC Barcelona, advertit del seu talent, es va comprometre a pagar el tractament si Messi, &#8216;la Pu\u00e7a&#8217;, estava disposat a comen\u00e7ar una nova vida a la Masia. Amb <a href=\"http:\/\/www.timesonline.co.uk\/tol\/sport\/football\/european_football\/article3779961.ece\">tretze anys<\/a>, Messi i la seva fam\u00edlia van aterrar a Catalunya, d&#8217;on curiosament <a href=\"http:\/\/www.adn.es\/pdf\/ADN-2009-05-29-LLE.pdf\">havien marxat<\/a> cap a l&#8217;Argentina, gaireb\u00e9 un segle abans, un besavi (Jos\u00e9 P\u00e9rez Soler, de Bellcaire d&#8217;Urgell) i una bes\u00e0via seus (<a href=\"http:\/\/www.ccnoguera.cat\/osbalaguer\/index.php?option=com_content&amp;task=view&amp;id=98&amp;Itemid=115#messi\">Rosa Mateu<\/a>, de <a href=\"http:\/\/habitantesdelanada.blogspot.com\/2009\/07\/nadie-en-blancafort.html\">Blancafort<\/a> de Noguera). Messi va ingressar a l&#8217;equip infantil del Bar\u00e7a i, des de llavors, la seva <a href=\"http:\/\/www.fcbarcelona.com\/web\/catala\/futbol\/temporada_09-10\/plantilla\/jugadors\/messi.html\">progressi\u00f3<\/a> per totes les categories del club ha estat espectacular. I en menys d&#8217;una d\u00e8cada, ha arribat a ser el millor jugador del m\u00f3n.<\/p>\n<p>Una cosa que vaig descobrir i que em va fer gr\u00e0cia: resulta que Messi t\u00e9 arrels lleidatanes. Qui ho havia de dir? Resulta que es fa realitat all\u00f2 de &quot;Gira el m\u00f3n i torna al born&quot;.<\/p>\n<div>Etiquetes de Technorati: <a href=\"http:\/\/technorati.com\/tags\/Esports\" rel=\"tag\">Esports<\/a>,<a href=\"http:\/\/technorati.com\/tags\/Futbol\" rel=\"tag\">Futbol<\/a>,<a href=\"http:\/\/technorati.com\/tags\/Bar%c3%a7a\" rel=\"tag\">Bar&#231;a<\/a><\/div>\n","protected":false},"excerpt":{"rendered":"<p>Aquesta antiga masia catalana que veieu a la foto \u00e9s Can Planes i es va aixecar l&#8217;any 1702 al barri de les Corts de Barcelona. Segurament que aquestes dades no us diuen res. Per\u00f2 si us dic que aquesta masia pertany al FC Barcelona des de l&#8217;any 1950, que \u00e9s quan la va comprar, i [&hellip;]<\/p>\n","protected":false},"author":214,"featured_media":0,"comment_status":"open","ping_status":"closed","sticky":false,"template":"","format":"standard","meta":{"_jetpack_memberships_contains_paid_content":false,"footnotes":"","jetpack_publicize_message":"","jetpack_publicize_feature_enabled":true,"jetpack_social_post_already_shared":false,"jetpack_social_options":{"image_generator_settings":{"template":"highway","default_image_id":0,"font":"","enabled":false},"version":2}},"categories":[656,850,657],"tags":[],"class_list":["post-1276","post","type-post","status-publish","format-standard","hentry","category-barca","category-esports","category-futbol"],"jetpack_publicize_connections":[],"jetpack_featured_media_url":"","jetpack_shortlink":"https:\/\/wp.me\/pagkjs-kA","jetpack-related-posts":[],"jetpack_sharing_enabled":true,"_links":{"self":[{"href":"https:\/\/blogs.avui.cat\/jaumepubill\/wp-json\/wp\/v2\/posts\/1276","targetHints":{"allow":["GET"]}}],"collection":[{"href":"https:\/\/blogs.avui.cat\/jaumepubill\/wp-json\/wp\/v2\/posts"}],"about":[{"href":"https:\/\/blogs.avui.cat\/jaumepubill\/wp-json\/wp\/v2\/types\/post"}],"author":[{"embeddable":true,"href":"https:\/\/blogs.avui.cat\/jaumepubill\/wp-json\/wp\/v2\/users\/214"}],"replies":[{"embeddable":true,"href":"https:\/\/blogs.avui.cat\/jaumepubill\/wp-json\/wp\/v2\/comments?post=1276"}],"version-history":[{"count":0,"href":"https:\/\/blogs.avui.cat\/jaumepubill\/wp-json\/wp\/v2\/posts\/1276\/revisions"}],"wp:attachment":[{"href":"https:\/\/blogs.avui.cat\/jaumepubill\/wp-json\/wp\/v2\/media?parent=1276"}],"wp:term":[{"taxonomy":"category","embeddable":true,"href":"https:\/\/blogs.avui.cat\/jaumepubill\/wp-json\/wp\/v2\/categories?post=1276"},{"taxonomy":"post_tag","embeddable":true,"href":"https:\/\/blogs.avui.cat\/jaumepubill\/wp-json\/wp\/v2\/tags?post=1276"}],"curies":[{"name":"wp","href":"https:\/\/api.w.org\/{rel}","templated":true}]}}