{"id":1270,"date":"2010-05-17T20:49:24","date_gmt":"2010-05-17T19:49:24","guid":{"rendered":"http:\/\/blogs.avui.cat\/jaumepubill\/2010\/05\/17\/quin-pjaro-aquest-carlos-fabra\/"},"modified":"2010-05-17T20:49:24","modified_gmt":"2010-05-17T19:49:24","slug":"quin-pjaro-aquest-carlos-fabra-2","status":"publish","type":"post","link":"https:\/\/blogs.avui.cat\/jaumepubill\/2010\/05\/17\/quin-pjaro-aquest-carlos-fabra-2\/","title":{"rendered":"Quin &#034;p&#225;jaro&#034; aquest Carlos Fabra!"},"content":{"rendered":"<p>Acabo de trobar aquesta perla en el blog &quot;Las malas lenguas&quot;<\/p>\n<p><a href=\"http:\/\/www.lasmalaslenguas.es\/wp-content\/uploads\/latrociniofachas.jpg\">http:\/\/www.lasmalaslenguas.es\/wp-content\/uploads\/latrociniofachas.jpg<\/a><\/p>\n<p>Hem de riure o plorar amb la just\u00edcia espanyola? Si girem el nas cap al Pa\u00eds Valenci\u00e0 s&#8217;ensuma una pudor a podrit que no s&#8217;aguanta&#8230;&#160; Entre els Camps, Fabra i Cia la botiga queda ben assortida&#8230;<\/p>\n<p>Vegeu-ne un exemple:<\/p>\n<p><img data-recalc-dims=\"1\" decoding=\"async\" src=\"https:\/\/i0.wp.com\/www.lasmalaslenguas.es\/wp-content\/uploads\/latrociniofachas.jpg\" \/> <\/p>\n<p>Fabra propueso e intent\u00f3 realizar durante su mandato varios proyectos, cuya factibilidad y\/o estabilidad son dudables. Cabe destacar las siguientes:<\/p>\n<ul>\n<li>Aeroport de Castell\u00f3: el \u00fanico en el mundo cuya pista est\u00e1 construida al rev\u00e9s para pillar m\u00e1s terreno del colega y poder cobrar m\u00e1s comisiones. <\/li>\n<\/ul>\n<ul>\n<li>Mundo Ilusi\u00f3n: el parque tem\u00e1tico de Castell\u00f3n. Despu\u00e9s de rechazar la oferta de Eurodisney, Fabra se arrepinti\u00f3 y deicidi\u00f3 montar su parque tem\u00e1tico, pero Fabra Empire sonaba demasiado cantoso. <\/li>\n<\/ul>\n<ul>\n<li>Marina d&#8217;Or, Ciudad de Comisiones: tras no permitir la venta del terreno d\u00f3nde se hubiera situado Eurodisney por una peseta, pill\u00f3 a los cuatro abuelos que quer\u00edan vender el terreno y les pag\u00f3 dos carajillos a cada uno a cambio de las mejores playas de <a href=\"http:\/\/www.frikipedia.es\/index.php?title=Oropesa&amp;action=edit&amp;redlink=1\">Oropesa<\/a>. Gracias a su amigo el de Porcelanosa, que invit\u00f3 a Josemari Ansar de vacaciones a su villa de gran lujo en dicha localidad, us\u00f3 su red de contactos para construir, a un precio irrisorio, un complejo de vacaciones con hoteles de todo tipo. En el 2083 el complejo cambi\u00f3 nombre a Drakulina d&#8217;Or, para acontentar a los nuevos due\u00f1os de este lado del Mediterr\u00e1neo y que as\u00ed le dejaran mandar tranquilo y seguir cobrando comisiones. <\/li>\n<\/ul>\n<div>Etiquetes de Technorati: <a href=\"http:\/\/technorati.com\/tags\/Corrupci%c3%b3\" rel=\"tag\">Corrupci&#243;<\/a><\/div>\n","protected":false},"excerpt":{"rendered":"<p>Acabo de trobar aquesta perla en el blog &quot;Las malas lenguas&quot; http:\/\/www.lasmalaslenguas.es\/wp-content\/uploads\/latrociniofachas.jpg Hem de riure o plorar amb la just\u00edcia espanyola? Si girem el nas cap al Pa\u00eds Valenci\u00e0 s&#8217;ensuma una pudor a podrit que no s&#8217;aguanta&#8230;&#160; Entre els Camps, Fabra i Cia la botiga queda ben assortida&#8230; Vegeu-ne un exemple: Fabra propueso e intent\u00f3 [&hellip;]<\/p>\n","protected":false},"author":214,"featured_media":0,"comment_status":"open","ping_status":"closed","sticky":false,"template":"","format":"standard","meta":{"_jetpack_memberships_contains_paid_content":false,"footnotes":"","jetpack_publicize_message":"","jetpack_publicize_feature_enabled":true,"jetpack_social_post_already_shared":false,"jetpack_social_options":{"image_generator_settings":{"template":"highway","default_image_id":0,"font":"","enabled":false},"version":2}},"categories":[],"tags":[],"class_list":["post-1270","post","type-post","status-publish","format-standard","hentry"],"jetpack_publicize_connections":[],"jetpack_featured_media_url":"","jetpack_shortlink":"https:\/\/wp.me\/pagkjs-ku","jetpack-related-posts":[],"jetpack_sharing_enabled":true,"_links":{"self":[{"href":"https:\/\/blogs.avui.cat\/jaumepubill\/wp-json\/wp\/v2\/posts\/1270","targetHints":{"allow":["GET"]}}],"collection":[{"href":"https:\/\/blogs.avui.cat\/jaumepubill\/wp-json\/wp\/v2\/posts"}],"about":[{"href":"https:\/\/blogs.avui.cat\/jaumepubill\/wp-json\/wp\/v2\/types\/post"}],"author":[{"embeddable":true,"href":"https:\/\/blogs.avui.cat\/jaumepubill\/wp-json\/wp\/v2\/users\/214"}],"replies":[{"embeddable":true,"href":"https:\/\/blogs.avui.cat\/jaumepubill\/wp-json\/wp\/v2\/comments?post=1270"}],"version-history":[{"count":0,"href":"https:\/\/blogs.avui.cat\/jaumepubill\/wp-json\/wp\/v2\/posts\/1270\/revisions"}],"wp:attachment":[{"href":"https:\/\/blogs.avui.cat\/jaumepubill\/wp-json\/wp\/v2\/media?parent=1270"}],"wp:term":[{"taxonomy":"category","embeddable":true,"href":"https:\/\/blogs.avui.cat\/jaumepubill\/wp-json\/wp\/v2\/categories?post=1270"},{"taxonomy":"post_tag","embeddable":true,"href":"https:\/\/blogs.avui.cat\/jaumepubill\/wp-json\/wp\/v2\/tags?post=1270"}],"curies":[{"name":"wp","href":"https:\/\/api.w.org\/{rel}","templated":true}]}}