{"id":1269,"date":"2010-05-16T22:35:00","date_gmt":"2010-05-16T21:35:00","guid":{"rendered":"http:\/\/blogs.avui.cat\/jaumepubill\/2010\/05\/16\/felicitats-bara-ets-gran\/"},"modified":"2010-05-16T22:35:00","modified_gmt":"2010-05-16T21:35:00","slug":"felicitats-bara-ets-gran-2","status":"publish","type":"post","link":"https:\/\/blogs.avui.cat\/jaumepubill\/2010\/05\/16\/felicitats-bara-ets-gran-2\/","title":{"rendered":"Felicitats, BAR&#199;A!. Ets gran."},"content":{"rendered":"<p><strong><font size=\"3\">Aquests dibuixos s\u00f3n de dos nois del meu taller que els van fer ja fa dies i em van demanar que els publiqu\u00e9s al meu blog. Els vaig prometre que ho faria si el Bar\u00e7a guanyava. Promesa complerta.<\/font><\/strong><a href=\"https:\/\/i0.wp.com\/blogs.avui.cat\/jaumepubill\/files\/2010\/05\/389.jpg\"><img data-recalc-dims=\"1\" loading=\"lazy\" decoding=\"async\" src=\"https:\/\/i0.wp.com\/blogs.avui.cat\/jaumepubill\/files\/2010\/05\/389-thumb.jpg?resize=447%2C560\" height=\"560\" width=\"447\" alt=\"389\" border=\"0\" \/><\/a><strong><\/strong><a href=\"https:\/\/i0.wp.com\/blogs.avui.cat\/jaumepubill\/files\/2010\/05\/381.jpg\"><img data-recalc-dims=\"1\" loading=\"lazy\" decoding=\"async\" src=\"https:\/\/i0.wp.com\/blogs.avui.cat\/jaumepubill\/files\/2010\/05\/381-thumb.jpg?resize=462%2C338\" height=\"338\" width=\"462\" alt=\"381\" border=\"0\" \/><\/a><strong><\/strong><strong><font color=\"#ff0000\">Per molts anys Bar\u00e7a! Aquest BAR\u00c7A fa feli\u00e7 a la gent amb bon joc i, sobretot, amb molts valors de tots tipus: esportius, d&#8217;esfor\u00e7, d&#8217;humilitat, de feina ben feta. Aquest \u00e9s per a mi el millor Bar\u00e7a. <\/font><\/strong><strong><font color=\"#0000a0\">Aquesta lliga ha estat encara m\u00e9s dif\u00edcil perqu\u00e8 ha hagut de lluitar contra molts elements i l&#8217;ha haguda de suar de valent.<\/font><\/strong><strong><font color=\"#ff0000\">Sobretot me n&#8217;alegro perqu\u00e8 hem hagut d&#8217;escoltar tantes tonteries de la &#8220;caverna medi\u00e0tica&#8221; madrilenya que sembla que encara tingui m\u00e9s valor. Han destil\u00b7lat tant ver\u00ed aquelles serps que si se&#8217;l beguessin tot es moririen de cop.<\/font><\/strong><strong><font color=\"#0000a0\">Gaudim-la i preparem-nos per la pr\u00f2xima temporada, que ha de ser millor que aquesta!<\/font><\/strong><strong><\/strong><strong><font size=\"5\" color=\"#ff0000\">VISCA EL BAR\u00c7A!!!<\/font><\/strong><strong><\/strong>Etiquetes de Technorati: <a href=\"http:\/\/technorati.com\/tags\/Bar%c3%a7a\" rel=\"tag\">Bar\u00e7a<\/a><\/p>\n","protected":false},"excerpt":{"rendered":"<p>Aquests dibuixos s\u00f3n de dos nois del meu taller que els van fer ja fa dies i em van demanar que els publiqu\u00e9s al meu blog. Els vaig prometre que ho faria si el Bar\u00e7a guanyava. Promesa complerta.Per molts anys Bar\u00e7a! Aquest BAR\u00c7A fa feli\u00e7 a la gent amb bon joc i, sobretot, amb molts [&hellip;]<\/p>\n","protected":false},"author":214,"featured_media":0,"comment_status":"open","ping_status":"closed","sticky":false,"template":"","format":"standard","meta":{"_jetpack_memberships_contains_paid_content":false,"footnotes":"","jetpack_publicize_message":"","jetpack_publicize_feature_enabled":true,"jetpack_social_post_already_shared":false,"jetpack_social_options":{"image_generator_settings":{"template":"highway","default_image_id":0,"font":"","enabled":false},"version":2}},"categories":[656],"tags":[],"class_list":["post-1269","post","type-post","status-publish","format-standard","hentry","category-barca"],"jetpack_publicize_connections":[],"jetpack_featured_media_url":"","jetpack_shortlink":"https:\/\/wp.me\/pagkjs-kt","jetpack-related-posts":[],"jetpack_sharing_enabled":true,"_links":{"self":[{"href":"https:\/\/blogs.avui.cat\/jaumepubill\/wp-json\/wp\/v2\/posts\/1269","targetHints":{"allow":["GET"]}}],"collection":[{"href":"https:\/\/blogs.avui.cat\/jaumepubill\/wp-json\/wp\/v2\/posts"}],"about":[{"href":"https:\/\/blogs.avui.cat\/jaumepubill\/wp-json\/wp\/v2\/types\/post"}],"author":[{"embeddable":true,"href":"https:\/\/blogs.avui.cat\/jaumepubill\/wp-json\/wp\/v2\/users\/214"}],"replies":[{"embeddable":true,"href":"https:\/\/blogs.avui.cat\/jaumepubill\/wp-json\/wp\/v2\/comments?post=1269"}],"version-history":[{"count":0,"href":"https:\/\/blogs.avui.cat\/jaumepubill\/wp-json\/wp\/v2\/posts\/1269\/revisions"}],"wp:attachment":[{"href":"https:\/\/blogs.avui.cat\/jaumepubill\/wp-json\/wp\/v2\/media?parent=1269"}],"wp:term":[{"taxonomy":"category","embeddable":true,"href":"https:\/\/blogs.avui.cat\/jaumepubill\/wp-json\/wp\/v2\/categories?post=1269"},{"taxonomy":"post_tag","embeddable":true,"href":"https:\/\/blogs.avui.cat\/jaumepubill\/wp-json\/wp\/v2\/tags?post=1269"}],"curies":[{"name":"wp","href":"https:\/\/api.w.org\/{rel}","templated":true}]}}