{"id":1237,"date":"2010-03-25T19:08:39","date_gmt":"2010-03-25T18:08:39","guid":{"rendered":"http:\/\/blogs.avui.cat\/jaumepubill\/2010\/03\/25\/ses-majestats\/"},"modified":"2010-03-25T19:08:39","modified_gmt":"2010-03-25T18:08:39","slug":"ses-majestats-2","status":"publish","type":"post","link":"https:\/\/blogs.avui.cat\/jaumepubill\/2010\/03\/25\/ses-majestats-2\/","title":{"rendered":"Ses Majestats&#8230;"},"content":{"rendered":"<p>&#160;<a href=\"https:\/\/i0.wp.com\/blogs.avui.cat\/jaumepubill\/files\/2010\/03\/balasch.jpg\"><img data-recalc-dims=\"1\" loading=\"lazy\" decoding=\"async\" border=\"0\" alt=\"balasch\" src=\"https:\/\/i0.wp.com\/blogs.avui.cat\/jaumepubill\/files\/2010\/03\/balasch-thumb.jpg?resize=455%2C348\" width=\"455\" height=\"348\" \/><\/a> <\/p>\n<p><a href=\"http:\/\/www.bybalasch\">www.bybalasch<\/a><\/p>\n<p>Avui els diaris de Lleida n&#8217;anaven plens. Ahir Ses Majestats van inaugurar la LLotja de Lleida convidats per l&#8217; alcalde Ros.<\/p>\n<p>Era necessari? Sembla que quan volen donar import\u00e0ncia a un acte han de ser-hi presents els Reis. Jo ho dubto una mica que calgu\u00e9s. Millor dit: no ho dubto, sin\u00f3 que n&#8217;estic segur:No calia. <\/p>\n<p>Una inauguraci\u00f3 a mi em sembla que ha de ser popular. Vull dir que el que hauria de comptar \u00e9s la gent del lloc. Les autoritats hi s\u00f3n per a fer-se la foto. Aix\u00f2 ja \u00e9s massa conegut i ja cansa una mica. A vegades fan el rid\u00edcul i tot, de tants cops de colze con hi ha per a sortir a la foto. <\/p>\n<p>B\u00e9, qu\u00e8 hi farem! Amb aquestes coses encara demostrem que som un pa\u00eds subdesenvolupat. I si seguim aix\u00ed seguirem essent-ho.<\/p>\n<div>Etiquetes de Technorati: <a href=\"http:\/\/technorati.com\/tags\/General\" rel=\"tag\">General<\/a>,<a href=\"http:\/\/technorati.com\/tags\/Pol%c3%adtica\" rel=\"tag\">Pol&#237;tica<\/a><\/div>\n","protected":false},"excerpt":{"rendered":"<p>&#160; www.bybalasch Avui els diaris de Lleida n&#8217;anaven plens. Ahir Ses Majestats van inaugurar la LLotja de Lleida convidats per l&#8217; alcalde Ros. Era necessari? Sembla que quan volen donar import\u00e0ncia a un acte han de ser-hi presents els Reis. Jo ho dubto una mica que calgu\u00e9s. Millor dit: no ho dubto, sin\u00f3 que n&#8217;estic [&hellip;]<\/p>\n","protected":false},"author":214,"featured_media":0,"comment_status":"open","ping_status":"closed","sticky":false,"template":"","format":"standard","meta":{"_jetpack_memberships_contains_paid_content":false,"footnotes":"","jetpack_publicize_message":"","jetpack_publicize_feature_enabled":true,"jetpack_social_post_already_shared":false,"jetpack_social_options":{"image_generator_settings":{"template":"highway","default_image_id":0,"font":"","enabled":false},"version":2}},"categories":[172],"tags":[],"class_list":["post-1237","post","type-post","status-publish","format-standard","hentry","category-politica"],"jetpack_publicize_connections":[],"jetpack_featured_media_url":"","jetpack_shortlink":"https:\/\/wp.me\/pagkjs-jX","jetpack-related-posts":[],"jetpack_sharing_enabled":true,"_links":{"self":[{"href":"https:\/\/blogs.avui.cat\/jaumepubill\/wp-json\/wp\/v2\/posts\/1237","targetHints":{"allow":["GET"]}}],"collection":[{"href":"https:\/\/blogs.avui.cat\/jaumepubill\/wp-json\/wp\/v2\/posts"}],"about":[{"href":"https:\/\/blogs.avui.cat\/jaumepubill\/wp-json\/wp\/v2\/types\/post"}],"author":[{"embeddable":true,"href":"https:\/\/blogs.avui.cat\/jaumepubill\/wp-json\/wp\/v2\/users\/214"}],"replies":[{"embeddable":true,"href":"https:\/\/blogs.avui.cat\/jaumepubill\/wp-json\/wp\/v2\/comments?post=1237"}],"version-history":[{"count":0,"href":"https:\/\/blogs.avui.cat\/jaumepubill\/wp-json\/wp\/v2\/posts\/1237\/revisions"}],"wp:attachment":[{"href":"https:\/\/blogs.avui.cat\/jaumepubill\/wp-json\/wp\/v2\/media?parent=1237"}],"wp:term":[{"taxonomy":"category","embeddable":true,"href":"https:\/\/blogs.avui.cat\/jaumepubill\/wp-json\/wp\/v2\/categories?post=1237"},{"taxonomy":"post_tag","embeddable":true,"href":"https:\/\/blogs.avui.cat\/jaumepubill\/wp-json\/wp\/v2\/tags?post=1237"}],"curies":[{"name":"wp","href":"https:\/\/api.w.org\/{rel}","templated":true}]}}