{"id":1225,"date":"2010-03-09T08:34:00","date_gmt":"2010-03-09T07:34:00","guid":{"rendered":"http:\/\/blogs.avui.cat\/jaumepubill\/2010\/03\/09\/dubts-honor\/"},"modified":"2010-03-09T08:34:00","modified_gmt":"2010-03-09T07:34:00","slug":"dubts-honor-2","status":"publish","type":"post","link":"https:\/\/blogs.avui.cat\/jaumepubill\/2010\/03\/09\/dubts-honor-2\/","title":{"rendered":"Dubt&#243;s honor."},"content":{"rendered":"<p><img decoding=\"async\" src=\"http:\/\/t0.gstatic.com\/images?q=tbn:w8UoTbffUccMkM:http:\/\/blogs.elcomercio.com.pe\/lopeordetodo\/LoPeor.jpg\" \/> A la gent normal i corrent li agrada esfor\u00e7ar-se per fer les coses b\u00e9, per ser bones persones, per millorar, per no fer el rid\u00edcul&#160; i quedar b\u00e9, perqu\u00e8 els dem\u00e9s tinguin una bona opini\u00f3 d&#8217;ells&#8230; <\/p>\n<p>Per\u00f2 es veu que n&#8217;hi ha que no pensen aix\u00ed. Voleu un bot\u00f3 de mostra? Aqu\u00ed el teniu. Segons FACUA, (una associaci\u00f3 de consumidors andalusa prou seriosa), ha fet una enquesta entre els seus socis i seguidors per trobar el pitjor del pitjor. Els resultats definitius seran publicats els dia 15 de mar\u00e7, Dia Mundial dels Drets dels Consumidors. De moment, ens ofereix uns resultats provisionals que ja indiquen clarament per on aniran les coses.<\/p>\n<p>De moment, el r\u00e0nquing \u00e9s el seg\u00fcent:<\/p>\n<p><strong><font size=\"3\">Les cinc empreses que han estat seleccionades per les nominacions s\u00f3n:<\/font><\/strong><\/p>\n<p>Air Comet, Ryanair, Telef\u00f3nica Movistar, Vodafone i Orange.<\/p>\n<p><strong>Air Comet<\/strong>. La companyia a\u00e8ria de Gerardo D\u00edaz Ferran, (el president de la gran patronal, la CEOE), va paralitzar la seva activitat deixant a terra milers de passatgers, bona part d&#8217;ells immigrants, sense donar la cara, buscar vols alternatius ni indemnitzar pels greus perjudicis causats .     <br \/><strong>Orange<\/strong>. La multinacional francesa de telecomunicacions destaca per les seves ofertes enganyoses, preus excessius, abusos amb els consumidors i manca d&#8217;atenci\u00f3 als seus reclamants.     <br \/><strong>Ryanair<\/strong>. L&#8217; aerol\u00ednia irlandesa menysprea les reclamacions dels seus passatgers contestats en angl\u00e8s i rebutjant el pagament de les compensacions per cancel\u00b7lacions i grans retards o la devoluci\u00f3 de rec\u00e0rrecs cobrats irregularment. Tamb\u00e9 destaca per les seves ofertes enganyoses i les seves elevades tarifes per portar equipatge.     <br \/><strong>Telef\u00f3nica Movistar<\/strong>. La companyia de telecomunicacions espanyola, l\u00edder del sector, no \u00e9s el millor exemple a imitar per seus competidors, per les seves elevades tarifes, les seves pr\u00e0ctiques abusives i el maltractament a les reclamacions dels usuaris.     <br \/><strong>Vodafone<\/strong>. El gegant brit\u00e0nic de les telecomunicacions -primer del m\u00f3n-, no destaca precisament pel bon tracte als seus clients, incorrent en pr\u00e0ctiques que van des de la publicitat enganyosa fins la desatenci\u00f3 de les seves reclamacions, que se sumen als seus alts preus.<\/p>\n<p><strong><font size=\"4\">El pitjor anunci:        <br \/><\/font><\/strong>Els cinc nominats al pitjor anunci del any s\u00f3n la publicitat d&#8217;Actimel, de Danone; FRENADOL, d&#8217;McNeil; Silueta, de Bimbo; Vodafone Passport, de Vodafone, i la campanya:&#160; &#8216;Si ets legal, ets legal&#8217;, del Ministeri de Cultura.<\/p>\n<p><strong><font size=\"4\">Quant a la pitjor pr\u00e0ctica empresarial:<\/font><\/strong><\/p>\n<p>Les nominades s\u00f3n les cl\u00e0usules de les hipoteques, el cobrament per l&#8217;atenci\u00f3 de consultes i reclamacions, els rec\u00e0rrecs de les companyies a\u00e8ries, les irregularitats en les factures el\u00e8ctriques de comen\u00e7aments de 2009 i el correu brossa telef\u00f2nic.<\/p>\n<p>Pobrets consumidors&#8230; Estem ben arreglats!<\/p>\n<\/p>\n<div>Etiquetes de Technorati: <a href=\"http:\/\/technorati.com\/tags\/Consum\" rel=\"tag\">Consum<\/a>,<a href=\"http:\/\/technorati.com\/tags\/Empresa\" rel=\"tag\">Empresa<\/a><\/div>\n","protected":false},"excerpt":{"rendered":"<p>A la gent normal i corrent li agrada esfor\u00e7ar-se per fer les coses b\u00e9, per ser bones persones, per millorar, per no fer el rid\u00edcul&#160; i quedar b\u00e9, perqu\u00e8 els dem\u00e9s tinguin una bona opini\u00f3 d&#8217;ells&#8230; Per\u00f2 es veu que n&#8217;hi ha que no pensen aix\u00ed. Voleu un bot\u00f3 de mostra? Aqu\u00ed el teniu. Segons [&hellip;]<\/p>\n","protected":false},"author":214,"featured_media":0,"comment_status":"open","ping_status":"open","sticky":false,"template":"","format":"standard","meta":{"_jetpack_memberships_contains_paid_content":false,"footnotes":"","jetpack_publicize_message":"","jetpack_publicize_feature_enabled":true,"jetpack_social_post_already_shared":false,"jetpack_social_options":{"image_generator_settings":{"template":"highway","default_image_id":0,"font":"","enabled":false},"version":2}},"categories":[4542,160],"tags":[],"class_list":["post-1225","post","type-post","status-publish","format-standard","hentry","category-abusos","category-societat"],"jetpack_publicize_connections":[],"jetpack_featured_media_url":"","jetpack_shortlink":"https:\/\/wp.me\/pagkjs-jL","jetpack-related-posts":[],"jetpack_sharing_enabled":true,"_links":{"self":[{"href":"https:\/\/blogs.avui.cat\/jaumepubill\/wp-json\/wp\/v2\/posts\/1225","targetHints":{"allow":["GET"]}}],"collection":[{"href":"https:\/\/blogs.avui.cat\/jaumepubill\/wp-json\/wp\/v2\/posts"}],"about":[{"href":"https:\/\/blogs.avui.cat\/jaumepubill\/wp-json\/wp\/v2\/types\/post"}],"author":[{"embeddable":true,"href":"https:\/\/blogs.avui.cat\/jaumepubill\/wp-json\/wp\/v2\/users\/214"}],"replies":[{"embeddable":true,"href":"https:\/\/blogs.avui.cat\/jaumepubill\/wp-json\/wp\/v2\/comments?post=1225"}],"version-history":[{"count":0,"href":"https:\/\/blogs.avui.cat\/jaumepubill\/wp-json\/wp\/v2\/posts\/1225\/revisions"}],"wp:attachment":[{"href":"https:\/\/blogs.avui.cat\/jaumepubill\/wp-json\/wp\/v2\/media?parent=1225"}],"wp:term":[{"taxonomy":"category","embeddable":true,"href":"https:\/\/blogs.avui.cat\/jaumepubill\/wp-json\/wp\/v2\/categories?post=1225"},{"taxonomy":"post_tag","embeddable":true,"href":"https:\/\/blogs.avui.cat\/jaumepubill\/wp-json\/wp\/v2\/tags?post=1225"}],"curies":[{"name":"wp","href":"https:\/\/api.w.org\/{rel}","templated":true}]}}