{"id":1224,"date":"2010-03-08T12:29:00","date_gmt":"2010-03-08T11:29:00","guid":{"rendered":"http:\/\/blogs.avui.cat\/jaumepubill\/2010\/03\/08\/si-du-fos-una-dona\/"},"modified":"2010-03-08T12:29:00","modified_gmt":"2010-03-08T11:29:00","slug":"si-du-fos-una-dona-2","status":"publish","type":"post","link":"https:\/\/blogs.avui.cat\/jaumepubill\/2010\/03\/08\/si-du-fos-una-dona-2\/","title":{"rendered":"Si D&#201;U fos una dona."},"content":{"rendered":"<p align=\"center\"><img data-recalc-dims=\"1\" loading=\"lazy\" decoding=\"async\" src=\"https:\/\/i0.wp.com\/img136.imageshack.us\/img136\/4839\/h36ha5.jpg?resize=203%2C152\" width=\"203\" height=\"152\" \/> <\/p>\n<p align=\"left\">El <a href=\"http:\/\/ca.wikipedia.org\/wiki\/8_de_mar%C3%A7\">8 de mar\u00e7<\/a> \u00e9s actualment el <b>Dia Internacional de la Dona Treballadora <\/b>&quot;per commemorar la lluita hist\u00f2rica per millorar la vida de la dona&quot;. Se celebra a tot el m\u00f3n a nivell local i nacional.<\/p>\n<p align=\"left\">En honor i reconeixement de totes les dones del m\u00f3n us presento aquest conegut poema de Mario Benedetti.<\/p>\n<p align=\"left\">&#160;<\/p>\n<p align=\"center\"><font size=\"4\">SI DIOS FUERA UNA MUJER<\/font><\/p>\n<p align=\"center\"><font size=\"4\">MARIO BENEDETTI<\/font><\/p>\n<p align=\"center\">\u00bfY si Dios fuera mujer?   <br \/>pregunta Juan sin inmutarse,    <br \/>vaya, vaya si Dios fuera mujer    <br \/>es posible que agn\u00f3sticos y ateos    <br \/>no dij\u00e9ramos no con la cabeza    <br \/>y dij\u00e9ramos s\u00ed con las entra\u00f1as.<\/p>\n<p align=\"center\">&#160;<\/p>\n<p align=\"center\">Tal vez nos acerc\u00e1ramos a su divina desnudez   <br \/>para besar sus pies no de bronce,    <br \/>su pubis no de piedra,    <br \/>sus pechos no de m\u00e1rmol,    <br \/>sus labios no de yeso.<\/p>\n<p align=\"center\">Si Dios fuera mujer la abrazar\u00edamos    <br \/>para arrancarla de su lontananza    <br \/>y no habr\u00eda que jurar    <br \/>hasta que la muerte nos separe    <br \/>ya que ser\u00eda inmortal por antonomasia    <br \/>y en vez de transmitirnos SIDA o p\u00e1nico    <br \/>nos contagiar\u00eda su inmortalidad.<\/p>\n<p align=\"center\">Si Dios fuera mujer no se instalar\u00eda    <br \/>lejana en el reino de los cielos,    <br \/>sino que nos aguardar\u00eda en el zagu\u00e1n del infierno,    <br \/>con sus brazos no cerrados,    <br \/>su rosa no de pl\u00e1stico    <br \/>y su amor no de \u00e1ngeles.<\/p>\n<p align=\"center\">Ay Dios m\u00edo, Dios m\u00edo    <br \/>si hasta siempre y desde siempre    <br \/>fueras una mujer    <br \/>qu\u00e9 lindo esc\u00e1ndalo ser\u00eda,    <br \/>qu\u00e9 venturosa, espl\u00e9ndida, imposible,    <br \/>prodigiosa blasfemia.<\/p>\n<p align=\"center\">&#160;<\/p>\n<div>Etiquetes de Technorati: <a href=\"http:\/\/technorati.com\/tags\/Dia+internacional+de+la+dona\" rel=\"tag\">Dia internacional de la dona<\/a>,<a href=\"http:\/\/technorati.com\/tags\/Mario+Benedetti\" rel=\"tag\">Mario Benedetti<\/a><\/div>\n<p> ,<\/p>\n","protected":false},"excerpt":{"rendered":"<p>El 8 de mar\u00e7 \u00e9s actualment el Dia Internacional de la Dona Treballadora &quot;per commemorar la lluita hist\u00f2rica per millorar la vida de la dona&quot;. Se celebra a tot el m\u00f3n a nivell local i nacional. En honor i reconeixement de totes les dones del m\u00f3n us presento aquest conegut poema de Mario Benedetti. &#160; [&hellip;]<\/p>\n","protected":false},"author":214,"featured_media":0,"comment_status":"open","ping_status":"open","sticky":false,"template":"","format":"standard","meta":{"_jetpack_memberships_contains_paid_content":false,"footnotes":"","jetpack_publicize_message":"","jetpack_publicize_feature_enabled":true,"jetpack_social_post_already_shared":false,"jetpack_social_options":{"image_generator_settings":{"template":"highway","default_image_id":0,"font":"","enabled":false},"version":2}},"categories":[816],"tags":[],"class_list":["post-1224","post","type-post","status-publish","format-standard","hentry","category-general"],"jetpack_publicize_connections":[],"jetpack_featured_media_url":"","jetpack_shortlink":"https:\/\/wp.me\/pagkjs-jK","jetpack-related-posts":[],"jetpack_sharing_enabled":true,"_links":{"self":[{"href":"https:\/\/blogs.avui.cat\/jaumepubill\/wp-json\/wp\/v2\/posts\/1224","targetHints":{"allow":["GET"]}}],"collection":[{"href":"https:\/\/blogs.avui.cat\/jaumepubill\/wp-json\/wp\/v2\/posts"}],"about":[{"href":"https:\/\/blogs.avui.cat\/jaumepubill\/wp-json\/wp\/v2\/types\/post"}],"author":[{"embeddable":true,"href":"https:\/\/blogs.avui.cat\/jaumepubill\/wp-json\/wp\/v2\/users\/214"}],"replies":[{"embeddable":true,"href":"https:\/\/blogs.avui.cat\/jaumepubill\/wp-json\/wp\/v2\/comments?post=1224"}],"version-history":[{"count":0,"href":"https:\/\/blogs.avui.cat\/jaumepubill\/wp-json\/wp\/v2\/posts\/1224\/revisions"}],"wp:attachment":[{"href":"https:\/\/blogs.avui.cat\/jaumepubill\/wp-json\/wp\/v2\/media?parent=1224"}],"wp:term":[{"taxonomy":"category","embeddable":true,"href":"https:\/\/blogs.avui.cat\/jaumepubill\/wp-json\/wp\/v2\/categories?post=1224"},{"taxonomy":"post_tag","embeddable":true,"href":"https:\/\/blogs.avui.cat\/jaumepubill\/wp-json\/wp\/v2\/tags?post=1224"}],"curies":[{"name":"wp","href":"https:\/\/api.w.org\/{rel}","templated":true}]}}