{"id":1221,"date":"2010-03-04T20:34:04","date_gmt":"2010-03-04T19:34:04","guid":{"rendered":"http:\/\/blogs.avui.cat\/jaumepubill\/2010\/03\/04\/lnima-de-les-coses\/"},"modified":"2010-03-04T20:34:04","modified_gmt":"2010-03-04T19:34:04","slug":"lnima-de-les-coses-2","status":"publish","type":"post","link":"https:\/\/blogs.avui.cat\/jaumepubill\/2010\/03\/04\/lnima-de-les-coses-2\/","title":{"rendered":"L&#8217;&#224;nima de les coses."},"content":{"rendered":"<p><img decoding=\"async\" src=\"http:\/\/t2.gstatic.com\/images?q=tbn:DHGWY42Rtm2g7M:http:\/\/i48.photobucket.com\/albums\/f234\/A2metal\/modpc\/caballo.jpg\" \/> Els que no creuen en l&#8217;\u00e0nima potser no ho entendran. Per\u00f2 \u00e9s igual. La majoria estic segur que creuen en l&#8217;\u00e0nima de les persones i tamb\u00e9 en l&#8217;\u00e0nima de les coses, encara que la nostra societat s&#8217;hagi tornat molt materialista i moltes vegades ens presenten els problemes de forma tan as\u00e8ptica i tan freda que fa que nom\u00e9s vegem la superf\u00edcie i ens descuidem del que hi ha darrere de les coses (o dins d&#8217;elles).<\/p>\n<p>Expliquen que un bon dia l&#8217;ajuntament va encarregar a un escultor molt conegut un gran cavall per una pla\u00e7a de la ciutat. Al cap de pocs dies arribava un cami\u00f3 al taller carregat amb un bloc gegant de granit.&#160; L&#8217;escultor va comen\u00e7ar a treballar, pujat a una escala, a cops de martell i cisell. El fet va crear molta expectaci\u00f3 i sempre tenia al voltant molts curiosos mirant com treballava. Sempre hi havia tamb\u00e9 un grup de nens que cada dia miraven curiosos com l&#8217;escultor anava fent.<\/p>\n<p>Per\u00f2 van arribar les vacances i aleshores els nens van marxar, uns a campaments, altres a la muntanya, uns altres a la platja. Quan van tornar, l&#8217;escultor ja tenia el cavall acabat. I un dels nens, amb els ulls ben oberts li va preguntar:    <br \/>-Per\u00f2 &#8230; Com sabies que dins d&#8217;aquella pedra hi havia un cavall?<\/p>\n<p>Aquests dies es torna a parla molt d&#8217;immigraci\u00f3. Ara ens adonem que els immigrants s\u00f3n un problema. No ens en vol\u00edem adonar perqu\u00e8 no ens interessava. Ens interessaven nom\u00e9s com a m\u00e0 d&#8217;obra barata i necess\u00e0ria i no vol\u00edem veure que darrere hi havia una persona. Massa innocents? Massa c\u00e0ndids? Massa simples? Em sembla que no. Tots sab\u00edem que el problema arribaria un dia o altre i poca cosa hem fet. En som tots una mica culpables, per\u00f2 potser ho s\u00f3n una mica m\u00e9s les administracions.<\/p>\n<p>Com en el cas del cavall: c\u00f3m pod\u00edem saber que dins d&#8217;un immigrant hi havia una persona? Simplement observant. per\u00f2 no hi ha pitjor cec que aquell que no vol veure&#8230;<\/p>\n<div>Etiquetes de Technorati: <a href=\"http:\/\/technorati.com\/tags\/Immigraci%c3%b3\" rel=\"tag\">Immigraci&#243;<\/a><\/div>\n","protected":false},"excerpt":{"rendered":"<p>Els que no creuen en l&#8217;\u00e0nima potser no ho entendran. Per\u00f2 \u00e9s igual. La majoria estic segur que creuen en l&#8217;\u00e0nima de les persones i tamb\u00e9 en l&#8217;\u00e0nima de les coses, encara que la nostra societat s&#8217;hagi tornat molt materialista i moltes vegades ens presenten els problemes de forma tan as\u00e8ptica i tan freda que [&hellip;]<\/p>\n","protected":false},"author":214,"featured_media":0,"comment_status":"open","ping_status":"open","sticky":false,"template":"","format":"standard","meta":{"_jetpack_memberships_contains_paid_content":false,"footnotes":"","jetpack_publicize_message":"","jetpack_publicize_feature_enabled":true,"jetpack_social_post_already_shared":false,"jetpack_social_options":{"image_generator_settings":{"template":"highway","default_image_id":0,"font":"","enabled":false},"version":2}},"categories":[83],"tags":[],"class_list":["post-1221","post","type-post","status-publish","format-standard","hentry","category-immigracio"],"jetpack_publicize_connections":[],"jetpack_featured_media_url":"","jetpack_shortlink":"https:\/\/wp.me\/pagkjs-jH","jetpack-related-posts":[],"jetpack_sharing_enabled":true,"_links":{"self":[{"href":"https:\/\/blogs.avui.cat\/jaumepubill\/wp-json\/wp\/v2\/posts\/1221","targetHints":{"allow":["GET"]}}],"collection":[{"href":"https:\/\/blogs.avui.cat\/jaumepubill\/wp-json\/wp\/v2\/posts"}],"about":[{"href":"https:\/\/blogs.avui.cat\/jaumepubill\/wp-json\/wp\/v2\/types\/post"}],"author":[{"embeddable":true,"href":"https:\/\/blogs.avui.cat\/jaumepubill\/wp-json\/wp\/v2\/users\/214"}],"replies":[{"embeddable":true,"href":"https:\/\/blogs.avui.cat\/jaumepubill\/wp-json\/wp\/v2\/comments?post=1221"}],"version-history":[{"count":0,"href":"https:\/\/blogs.avui.cat\/jaumepubill\/wp-json\/wp\/v2\/posts\/1221\/revisions"}],"wp:attachment":[{"href":"https:\/\/blogs.avui.cat\/jaumepubill\/wp-json\/wp\/v2\/media?parent=1221"}],"wp:term":[{"taxonomy":"category","embeddable":true,"href":"https:\/\/blogs.avui.cat\/jaumepubill\/wp-json\/wp\/v2\/categories?post=1221"},{"taxonomy":"post_tag","embeddable":true,"href":"https:\/\/blogs.avui.cat\/jaumepubill\/wp-json\/wp\/v2\/tags?post=1221"}],"curies":[{"name":"wp","href":"https:\/\/api.w.org\/{rel}","templated":true}]}}