{"id":122,"date":"2008-11-19T20:17:58","date_gmt":"2008-11-19T20:17:58","guid":{"rendered":"http:\/\/blogs.avui.cat\/jaumepubill\/2008\/11\/19\/txeroki-tour-operator-travel-agency\/"},"modified":"2008-12-23T22:45:50","modified_gmt":"2008-12-23T22:45:50","slug":"txeroki-tour-operator-travel-agency","status":"publish","type":"post","link":"https:\/\/blogs.avui.cat\/jaumepubill\/2008\/11\/19\/txeroki-tour-operator-travel-agency\/","title":{"rendered":"Txeroki: tour operator, travel agency?"},"content":{"rendered":"<p><img data-recalc-dims=\"1\" loading=\"lazy\" decoding=\"async\" width=\"325\" src=\"https:\/\/i0.wp.com\/www.hotelresidencelelys.com\/img\/rub1_photo1.jpg?resize=325%2C425\" height=\"425\" \/>Qui ens ho havia de dir que en un poblet tan tranquil, tan tur\u00edstic i tant bonic com CAUTERETS hi enxampessin Txeroki!El meu record de Cauterets es remunta als anys 70 quan treballava els estius, com un estudiant qualsevol, de guia tur\u00edstic. Un dia per setmana, -invariablement- f\u00e8iem la ruta Vielha-Cauterets. Us he de confessar que aquests indrets del Pirineu franc\u00e8s s\u00f3n dels m\u00e9s bonics que jo conec. \u00c9s clar que tampoc no el conec massa&#8230;Us recomano anar-hi, si no el coneixeu. Queda just al darrere d&#8217;Ordesa, al Pirineu aragon\u00e8s.Cauterets \u00e9s un poblet amb fonts termals. Els francesos s\u00f3n molt donats a &#8220;prendre les aigues&#8221; i en tota aquest zona del Pirineu hi han molt llocs termals. \u00c9s un lloc petit, tranquil, silenci\u00f3s. Des de Cauterets s&#8217;arriva al llac de Gaube, passant pel Pont d&#8217; Espanya. Molt a prop d&#8217;aqu\u00ed hi ha el circ de Gavarnie, un altre lloc que s&#8217;ha de visitar. Nom\u00e9s s&#8217;hi arriba a peu o amb rucs i cavalls que van fent el cam\u00ed vora un petit riuet com un rosari interminable. Llocs preciosos. Llocs impressionants.Qu\u00e8 hi feia aqu\u00ed Txeroki? Es diu que ETA est\u00e0 molt debilitada. Es diu que els dirigents han de moure&#8217;s d&#8217;un lloc a l&#8217;altre per tal que no els puguin seguir la pista tan f\u00e0cilment. Es diu que cada dia estan cometent m\u00e9s errors i \u00e9s m\u00e9s f\u00e0cil seguir-los.Es diu&#8230;. es diu&#8230;.Es diuen moltes coses d&#8217;ETA. Per\u00f2 el cert \u00e9s que fa 50 anys que existeix i que cap govern no ha pogut v\u00e8ncer-la i aniquilar-la. No han pogut o no han volgut. Perqu\u00e8 la meva humil opini\u00f3 \u00e9s que no s&#8217;ha volgut negociar prou per solucionar el tema. Alguns han posat tants pals a la roda com han pogut. No s&#8217;ha creat un clima adequat per poder negociar. No s&#8217;ha col.laborat prou des dels diferents partits per arribar a una negociaci\u00f3 justa&#8230;.Alguns segueixen dient -i sembla que no es cansen- que la \u00fanica soluci\u00f3 \u00e9s policial. Rucs!!! M\u00e9s que rucs!!! Que no ho heu vist que aquest soluci\u00f3 ha fracassat durant 40 anys? En posen a la pres\u00f3 tres i en surten cinc m\u00e9s&#8230; La soluci\u00f3 ha de ser pol\u00edtica: negociar, negociar i negociar.<\/p>\n","protected":false},"excerpt":{"rendered":"<p>Qui ens ho havia de dir que en un poblet tan tranquil, tan tur\u00edstic i tant bonic com CAUTERETS hi enxampessin Txeroki!El meu record de Cauterets es remunta als anys 70 quan treballava els estius, com un estudiant qualsevol, de guia tur\u00edstic. Un dia per setmana, -invariablement- f\u00e8iem la ruta Vielha-Cauterets. Us he de confessar [&hellip;]<\/p>\n","protected":false},"author":214,"featured_media":0,"comment_status":"open","ping_status":"open","sticky":false,"template":"","format":"standard","meta":{"_jetpack_memberships_contains_paid_content":false,"footnotes":"","jetpack_publicize_message":"","jetpack_publicize_feature_enabled":true,"jetpack_social_post_already_shared":false,"jetpack_social_options":{"image_generator_settings":{"template":"highway","default_image_id":0,"font":"","enabled":false},"version":2}},"categories":[1965,172],"tags":[31883,31828],"class_list":["post-122","post","type-post","status-publish","format-standard","hentry","category-eta","category-politica","tag-eta","tag-politica"],"jetpack_publicize_connections":[],"jetpack_featured_media_url":"","jetpack_shortlink":"https:\/\/wp.me\/pagkjs-1Y","jetpack-related-posts":[],"jetpack_sharing_enabled":true,"_links":{"self":[{"href":"https:\/\/blogs.avui.cat\/jaumepubill\/wp-json\/wp\/v2\/posts\/122","targetHints":{"allow":["GET"]}}],"collection":[{"href":"https:\/\/blogs.avui.cat\/jaumepubill\/wp-json\/wp\/v2\/posts"}],"about":[{"href":"https:\/\/blogs.avui.cat\/jaumepubill\/wp-json\/wp\/v2\/types\/post"}],"author":[{"embeddable":true,"href":"https:\/\/blogs.avui.cat\/jaumepubill\/wp-json\/wp\/v2\/users\/214"}],"replies":[{"embeddable":true,"href":"https:\/\/blogs.avui.cat\/jaumepubill\/wp-json\/wp\/v2\/comments?post=122"}],"version-history":[{"count":0,"href":"https:\/\/blogs.avui.cat\/jaumepubill\/wp-json\/wp\/v2\/posts\/122\/revisions"}],"wp:attachment":[{"href":"https:\/\/blogs.avui.cat\/jaumepubill\/wp-json\/wp\/v2\/media?parent=122"}],"wp:term":[{"taxonomy":"category","embeddable":true,"href":"https:\/\/blogs.avui.cat\/jaumepubill\/wp-json\/wp\/v2\/categories?post=122"},{"taxonomy":"post_tag","embeddable":true,"href":"https:\/\/blogs.avui.cat\/jaumepubill\/wp-json\/wp\/v2\/tags?post=122"}],"curies":[{"name":"wp","href":"https:\/\/api.w.org\/{rel}","templated":true}]}}