{"id":1218,"date":"2010-02-26T09:00:00","date_gmt":"2010-02-26T08:00:00","guid":{"rendered":"http:\/\/blogs.avui.cat\/jaumepubill\/2010\/02\/26\/du-pot-ser-dona-negra-i-no-tenir-papers\/"},"modified":"2010-02-26T09:00:00","modified_gmt":"2010-02-26T08:00:00","slug":"du-pot-ser-dona-negra-i-no-tenir-papers-2","status":"publish","type":"post","link":"https:\/\/blogs.avui.cat\/jaumepubill\/2010\/02\/26\/du-pot-ser-dona-negra-i-no-tenir-papers-2\/","title":{"rendered":"D&#233;u pot ser dona, negra i no tenir papers?"},"content":{"rendered":"<p><em><b><img decoding=\"async\" src=\"http:\/\/t1.gstatic.com\/images?q=tbn:rdZ1kcoasNejiM:http:\/\/www.telefonica.net\/web2\/robertolhotellerie\/images\/pirineos\/amamantando.jpg\" \/> DIOS ES NEGRA Y SIN PAPELES*<\/b><\/em><\/p>\n<p><em>HELENA MALENO GARZ\u00d3N, colectivo Caminando Fronteras, <\/em><em><a href=\"mailto:h.maleno@hotmail.com\">h.maleno@hotmail.com<\/a><\/em><\/p>\n<p><em>TANGER (MARRUECOS).<\/em><\/p>\n<p><em><\/em><i><\/i><\/p>\n<p>Imagina que diste a luz el domingo pasado en un hospital p\u00fablico marroqu\u00ed. Un ni\u00f1o precioso.<\/p>\n<p>Imagina que te dieron el alta al d\u00eda siguiente, lunes.<\/p>\n<p>Imagina que volviste a casa, cansada, sangrando del post-parto, con dolores a\u00fan en un \u00fatero que lucha por volver a su sitio.<\/p>\n<p>Imagina que en casa te est\u00e1 esperando tu ni\u00f1a de dos a\u00f1os y dos meses y tu pareja.<\/p>\n<p>Imagina que esta ma\u00f1ana mientras ba\u00f1abas al beb\u00e9 comenzaste a ver que le costaba respirar.<\/p>\n<p>Imagina que corriste al hospital p\u00fablico marroqu\u00ed.<\/p>\n<p>Imagina que te dijeron que no pod\u00edan atenderte.<\/p>\n<p>Imagina que fuiste dos veces.<\/p>\n<p>Imagina que la tercera vez tu beb\u00e9 dej\u00f3 de respirar casi en la puerta del hospital.<\/p>\n<p>Imagina que pediste auxilio por tu beb\u00e9 muerto.<\/p>\n<p>Imagina que se lo llevaron a la morgue del hospital.<\/p>\n<p>Imagina que a ti, a tu ni\u00f1a de dos a\u00f1os y dos meses y a tu pareja os llevaron a comisar\u00eda.<\/p>\n<p>Ahora imag\u00ednate retorci\u00e9ndote de dolor en las entra\u00f1as, el dolor agrio de la muerte de tu hijo, el dolor de un \u00fatero que te recuerda reci\u00e9n parida, el dolor de una leche que sube a tus senos duros como piedras. Pero imag\u00ednate NEGRA, imag\u00ednate AFRICANA, imag\u00ednate POBRE, imag\u00ednate SIN PAPELES.<\/p>\n<p>Est\u00e1s sentada, doblada sobre tu vientre en aquel sucio despacho de polic\u00edas que van y vienen y te hablan en una lengua que no entiendes. All\u00ed te miro e intento traducirte las preguntas que me parecen est\u00fapidas, crueles e inhumanas.<\/p>\n<p>Quieren saber qu\u00e9 hac\u00e9is en su reino, c\u00f3mo hab\u00e9is entrado y cu\u00e1nto tiempo llev\u00e1is aqu\u00ed. Quieren saber c\u00f3mo os llam\u00e1is, c\u00f3mo se llaman vuestros padres y porqu\u00e9 hab\u00e9is venido.<\/p>\n<p>Tu pareja grita y pide piedad. Sabe que todas las preguntas van dirigidas a justificar una deportaci\u00f3n al desierto. Tu pareja grita y te tranquiliza llam\u00e1ndote \u201choney\u201d.<\/p>\n<p>Tu ni\u00f1a sonr\u00ede, juega con su gorro y canta \u201chaleluya\u201d.<\/p>\n<p>La polic\u00eda busca un int\u00e9rprete de \u00e1rabe a ingl\u00e9s para hacer el parte y llevaros a Tribunal.<\/p>\n<p>Me dices que si te deportan al desierto y all\u00ed te violan no crees que aguantar\u00e1s el dolor, que a\u00fan est\u00e1s reci\u00e9n parida.<\/p>\n<p>Un polic\u00eda se me acerca y me pregunta: \u00bfPor qu\u00e9 hac\u00e9is esto? \u00bfPor placer? Este amable polic\u00eda llama \u201cesto\u201d a acompa\u00f1ar a unos padres sumidos en el dolor, a comprar algo de comida para una ni\u00f1a que lleva todo el d\u00eda sin probar bocado y a intentar traer un poco de humanidad o al menos de buen trato a esa pu\u00f1etera comisar\u00eda.<\/p>\n<p>Entonces le miro, me horroriza su frialdad, y le contesto, lo hacemos por amor. Veo en \u00e9l a esos seres que comen, cagan y hacen de polic\u00eda para poder seguir comiendo y cagando. Siento l\u00e1stima.<\/p>\n<p>Detienen a tu pareja en comisar\u00eda y me dicen que como caso humanitario te dejan dormir en casa. Ma\u00f1ana tienes que pasar el Tribunal junto a tu marido.<\/p>\n<p>Te hundes. Es la primera vez que te veo enderezar ese vientre que te duele. Gritas y lloras hasta que un polic\u00eda te manda callar.<\/p>\n<p>No lo soporto, me puede la escena y le pido por favor que entienda que tu hijo ha muerto hoy, que est\u00e1s reci\u00e9n parida, que te duelen las entra\u00f1as.<\/p>\n<p>Me responde con desprecio que en este reino hay unas leyes, que aqu\u00ed se hace lo que dice el procurador del rey y que t\u00fa eres una NEGRA CLANDESTINA.<\/p>\n<p>Ma\u00f1ana iremos al Tribunal, ma\u00f1ana un hombre de este reino decidir\u00e1 si te tiran a ti y a tu ni\u00f1a al desierto de madrugada. A partir de ah\u00ed la suerte decidir\u00e1 si ser\u00e1s violada, si tu hija ser\u00e1 raptada o por qu\u00e9 no violada tambi\u00e9n.<\/p>\n<p>Imag\u00ednate que todo eso te ha pasado hoy.<\/p>\n<p>Imag\u00ednate que a todas nos duelen sus entra\u00f1as.<\/p>\n<p>Imag\u00ednate que a todas nos duelen nuestras entra\u00f1as\u00bb.<\/p>\n<p>(Eclesalia Informativo autoriza y recomienda la difusi\u00f3n de sus art\u00edculos, indicando su procedencia).<\/p>\n<p><a href=\"http:\/\/www.eclesalia.net\/\">ECLESALIA<\/a>, 23\/02\/10.- \u00abT\u00e1nger diecis\u00e9is de febrero 2010.<\/p>\n<p>&#160;<\/p>\n<p><i>*As\u00ed lo he recibido. As\u00ed lo reenv\u00edo. Y seguir\u00e9 arrodill\u00e1ndome, porque hoy he visto a Dios en negro y sin papeles.<\/i><\/p>\n<p><i>+ Fr. Santiago Agrelo Mart\u00ednez<\/i><\/p>\n<p><i>Arzobispo de T\u00e1nger<\/i><\/p>\n<\/p>\n<p>&#160;<\/p>\n<div>Etiquetes de Technorati: <a href=\"http:\/\/technorati.com\/tags\/Religi%c3%b3\" rel=\"tag\">Religi&#243;<\/a>,<a href=\"http:\/\/technorati.com\/tags\/Immigraci%c3%b3\" rel=\"tag\">Immigraci&#243;<\/a><\/div>\n","protected":false},"excerpt":{"rendered":"<p>DIOS ES NEGRA Y SIN PAPELES* HELENA MALENO GARZ\u00d3N, colectivo Caminando Fronteras, h.maleno@hotmail.com TANGER (MARRUECOS). Imagina que diste a luz el domingo pasado en un hospital p\u00fablico marroqu\u00ed. Un ni\u00f1o precioso. Imagina que te dieron el alta al d\u00eda siguiente, lunes. Imagina que volviste a casa, cansada, sangrando del post-parto, con dolores a\u00fan en un [&hellip;]<\/p>\n","protected":false},"author":214,"featured_media":0,"comment_status":"open","ping_status":"open","sticky":false,"template":"","format":"standard","meta":{"_jetpack_memberships_contains_paid_content":false,"footnotes":"","jetpack_publicize_message":"","jetpack_publicize_feature_enabled":true,"jetpack_social_post_already_shared":false,"jetpack_social_options":{"image_generator_settings":{"template":"highway","default_image_id":0,"font":"","enabled":false},"version":2}},"categories":[83,666],"tags":[],"class_list":["post-1218","post","type-post","status-publish","format-standard","hentry","category-immigracio","category-religio"],"jetpack_publicize_connections":[],"jetpack_featured_media_url":"","jetpack_shortlink":"https:\/\/wp.me\/pagkjs-jE","jetpack-related-posts":[],"jetpack_sharing_enabled":true,"_links":{"self":[{"href":"https:\/\/blogs.avui.cat\/jaumepubill\/wp-json\/wp\/v2\/posts\/1218","targetHints":{"allow":["GET"]}}],"collection":[{"href":"https:\/\/blogs.avui.cat\/jaumepubill\/wp-json\/wp\/v2\/posts"}],"about":[{"href":"https:\/\/blogs.avui.cat\/jaumepubill\/wp-json\/wp\/v2\/types\/post"}],"author":[{"embeddable":true,"href":"https:\/\/blogs.avui.cat\/jaumepubill\/wp-json\/wp\/v2\/users\/214"}],"replies":[{"embeddable":true,"href":"https:\/\/blogs.avui.cat\/jaumepubill\/wp-json\/wp\/v2\/comments?post=1218"}],"version-history":[{"count":0,"href":"https:\/\/blogs.avui.cat\/jaumepubill\/wp-json\/wp\/v2\/posts\/1218\/revisions"}],"wp:attachment":[{"href":"https:\/\/blogs.avui.cat\/jaumepubill\/wp-json\/wp\/v2\/media?parent=1218"}],"wp:term":[{"taxonomy":"category","embeddable":true,"href":"https:\/\/blogs.avui.cat\/jaumepubill\/wp-json\/wp\/v2\/categories?post=1218"},{"taxonomy":"post_tag","embeddable":true,"href":"https:\/\/blogs.avui.cat\/jaumepubill\/wp-json\/wp\/v2\/tags?post=1218"}],"curies":[{"name":"wp","href":"https:\/\/api.w.org\/{rel}","templated":true}]}}