{"id":1214,"date":"2010-02-23T09:00:00","date_gmt":"2010-02-23T08:00:00","guid":{"rendered":"http:\/\/blogs.avui.cat\/jaumepubill\/2010\/02\/23\/lnima-de-les-cases\/"},"modified":"2010-02-23T09:00:00","modified_gmt":"2010-02-23T08:00:00","slug":"lnima-de-les-cases-2","status":"publish","type":"post","link":"https:\/\/blogs.avui.cat\/jaumepubill\/2010\/02\/23\/lnima-de-les-cases-2\/","title":{"rendered":"L&#8217;&#224;nima de les cases."},"content":{"rendered":"<p><b><i><b><i><b><i><b><i><b><i><b><i><img data-recalc-dims=\"1\" loading=\"lazy\" decoding=\"async\" align=\"left\" src=\"https:\/\/i0.wp.com\/www.venezuelatuya.com\/occidente\/carora\/casavieja.jpg?resize=152%2C114\" width=\"152\" height=\"114\" \/><\/i><\/b><\/i><\/b><\/i><\/b><\/i><\/b><\/i><\/b><\/i><\/b><\/p>\n<p><b><i><\/i><\/b><\/p>\n<p><b><i><\/i><\/b><\/p>\n<p><b><i><\/i><\/b><\/p>\n<p><b><i><\/i><\/b><\/p>\n<p>&#160;<\/p>\n<p>&#160;<\/p>\n<p>&#160;<\/p>\n<p>&#160;<\/p>\n<p>&#160;<\/p>\n<p>Eduardo Galeano \u00e9s d&#8217;aquells escriptors que , amb poques paraules, saben contar una hist\u00f2ria per tal que arribi al cor. Un bon escriptor \u00e9s aquell que sap explicar b\u00e9 una hist\u00f2ria, sigui en prosa o en vers.<\/p>\n<p>En els llibres de Galeano n&#8217;hi trobem un munt. Per\u00f2 avui us en vull transmetre una que \u00e9s deliciosa i emocionant.&#160; En poques paraules ens fa entendre qu\u00e8 \u00e9s una llar, una casa, una fam\u00edlia, uns records. <\/p>\n<p>Les coses tenen \u00e0nima. Les coses, els paisatges, els llocs, les olors, les llums i els sorolls. Les campanes, per exemple, ens diuen coses, s&#8217; expressen, fan sentir. <\/p>\n<p>Heus ac\u00ed la hist\u00f2ria de Galeano:.<\/p>\n<p><b><i><\/i><\/b><\/p>\n<p><b><i><\/i><\/b><\/p>\n<p><b><i>&quot;Hab\u00eda sido alba\u00f1il desde la infancia. <\/i><\/b><\/p>\n<p><b><i>Cuando cumpli\u00f3 dieciocho a\u00f1os, <\/i><\/b><b><i>el servicio militar lo oblig\u00f3 a interrumpir el oficio.<\/i><\/b><\/p>\n<p><b><i>Lo destinaron a la artiller\u00eda. En la pr\u00e1ctica del tiro de ca\u00f1\u00f3n, deb\u00eda disparar contra una casa vac\u00eda, en medio del campo. Le hab\u00edan ense\u00f1ado a tomar punter\u00eda, y todo lo dem\u00e1s; pero no pudo hacerlo. El hab\u00eda construido muchas casas, y no pudo hacerlo. A los gritos le repitieron la orden, pero no.<\/i><\/b><\/p>\n<p><b><i>El quer\u00eda decir que una casa tiene piernas, hundidas en la tierra, y tiene cara, ojos en las ventanas, boca en la puerta, y tiene en sus adentros el alma que le dejaron quienes la hicieron y la memoria que le dejaron quienes la vivieron. Eso quer\u00eda decir, pero no lo dijo. Si hubiera dicho eso, lo hubieran fusilado por imb\u00e9cil. Plantado en posici\u00f3n de firmes, se call\u00f3 la boca; y fue a parar al calabozo.<\/i><\/b><\/p>\n<p><b><i>En un fog\u00f3n de las sierras argentinas, en rueda de amigos, Carlo Barbaresi cuenta esta historia de su padre. Ocurri\u00f3 en Italia, en tiempos de Mussolini.&quot;<\/i><\/b><\/p>\n<p><b><i><\/i><\/b><\/p>\n<p><b><i>Eduardo Galeano.<\/i><\/b><\/p>\n<div>Etiquetes de Technorati: <a href=\"http:\/\/technorati.com\/tags\/Eduardo+Galeano\" rel=\"tag\">Eduardo Galeano<\/a>,<a href=\"http:\/\/technorati.com\/tags\/Literatura\" rel=\"tag\">Literatura<\/a>,<a href=\"http:\/\/technorati.com\/tags\/Uruguai\" rel=\"tag\">Uruguai<\/a><\/div>\n","protected":false},"excerpt":{"rendered":"<p>&#160; &#160; &#160; &#160; &#160; Eduardo Galeano \u00e9s d&#8217;aquells escriptors que , amb poques paraules, saben contar una hist\u00f2ria per tal que arribi al cor. Un bon escriptor \u00e9s aquell que sap explicar b\u00e9 una hist\u00f2ria, sigui en prosa o en vers. En els llibres de Galeano n&#8217;hi trobem un munt. Per\u00f2 avui us en [&hellip;]<\/p>\n","protected":false},"author":214,"featured_media":0,"comment_status":"open","ping_status":"open","sticky":false,"template":"","format":"standard","meta":{"_jetpack_memberships_contains_paid_content":false,"footnotes":"","jetpack_publicize_message":"","jetpack_publicize_feature_enabled":true,"jetpack_social_post_already_shared":false,"jetpack_social_options":{"image_generator_settings":{"template":"highway","default_image_id":0,"font":"","enabled":false},"version":2}},"categories":[440,2937],"tags":[],"class_list":["post-1214","post","type-post","status-publish","format-standard","hentry","category-literatura","category-uruguai"],"jetpack_publicize_connections":[],"jetpack_featured_media_url":"","jetpack_shortlink":"https:\/\/wp.me\/pagkjs-jA","jetpack-related-posts":[],"jetpack_sharing_enabled":true,"_links":{"self":[{"href":"https:\/\/blogs.avui.cat\/jaumepubill\/wp-json\/wp\/v2\/posts\/1214","targetHints":{"allow":["GET"]}}],"collection":[{"href":"https:\/\/blogs.avui.cat\/jaumepubill\/wp-json\/wp\/v2\/posts"}],"about":[{"href":"https:\/\/blogs.avui.cat\/jaumepubill\/wp-json\/wp\/v2\/types\/post"}],"author":[{"embeddable":true,"href":"https:\/\/blogs.avui.cat\/jaumepubill\/wp-json\/wp\/v2\/users\/214"}],"replies":[{"embeddable":true,"href":"https:\/\/blogs.avui.cat\/jaumepubill\/wp-json\/wp\/v2\/comments?post=1214"}],"version-history":[{"count":0,"href":"https:\/\/blogs.avui.cat\/jaumepubill\/wp-json\/wp\/v2\/posts\/1214\/revisions"}],"wp:attachment":[{"href":"https:\/\/blogs.avui.cat\/jaumepubill\/wp-json\/wp\/v2\/media?parent=1214"}],"wp:term":[{"taxonomy":"category","embeddable":true,"href":"https:\/\/blogs.avui.cat\/jaumepubill\/wp-json\/wp\/v2\/categories?post=1214"},{"taxonomy":"post_tag","embeddable":true,"href":"https:\/\/blogs.avui.cat\/jaumepubill\/wp-json\/wp\/v2\/tags?post=1214"}],"curies":[{"name":"wp","href":"https:\/\/api.w.org\/{rel}","templated":true}]}}