{"id":1188,"date":"2010-01-10T17:20:51","date_gmt":"2010-01-10T15:20:51","guid":{"rendered":"http:\/\/blogs.avui.cat\/jaumepubill\/2010\/01\/10\/darrere-la-neu\/"},"modified":"2010-01-10T17:20:51","modified_gmt":"2010-01-10T15:20:51","slug":"darrere-la-neu-2","status":"publish","type":"post","link":"https:\/\/blogs.avui.cat\/jaumepubill\/2010\/01\/10\/darrere-la-neu-2\/","title":{"rendered":"Darrere la neu&#8230;"},"content":{"rendered":"<p><img data-recalc-dims=\"1\" loading=\"lazy\" decoding=\"async\" src=\"https:\/\/i0.wp.com\/farm4.static.flickr.com\/3450\/3201348260_aaa3fc2e29.jpg?resize=491%2C369\" width=\"491\" height=\"369\" \/><\/p>\n<p>Sota aquest paisatge nevat, impol\u00b7lut meravell\u00f3s,<\/p>\n<p>hi ha el mateix de sempre:<\/p>\n<p>les mateixes impureses, les mateixes brut\u00edcies, els mateixos defectes.<\/p>\n<p>Per fora blanc i per dins negre. Com el cor de molta gent.<\/p>\n<p>Potser la neu ho tapa. Per\u00f2 la realitat quotidiana \u00e9s la que \u00e9s.<\/p>\n<p>I amb aix\u00f2 no vull dir que una sigui millor que l&#8217;altra. <\/p>\n<p>Cada realitat \u00e9s la que \u00e9s; cada una al seu temps:<\/p>\n<p>temps de neu, temps de calor,<\/p>\n<p>temps de gaudi i temps de sofren\u00e7a,<\/p>\n<p>temps de viure, temps de sobreviure i temps de morir.<\/p>\n<p>Cada cosa al seu temps i un temps per a cada cosa.<\/p>\n<p>Ocupar-se \u00e9s millor que pre-ocupar-se.<\/p>\n<p>Gaudim de la neu i del fred, encara que costi.<\/p>\n<p>Gaudim d&#8217;aquest paisatge que durar\u00e0 poc.<\/p>\n<p>Com la vida mateixa, que \u00e9s prou curta.<\/p>\n<p>Una abra\u00e7ada des del fred. <\/p>\n<p>&#160;<\/p>\n<div>Etiquetes de Technorati: <a href=\"http:\/\/technorati.com\/tags\/A+peu\" rel=\"tag\">A peu<\/a>,<a href=\"http:\/\/technorati.com\/tags\/Paisatges\" rel=\"tag\">Paisatges<\/a><\/div>\n","protected":false},"excerpt":{"rendered":"<p>Sota aquest paisatge nevat, impol\u00b7lut meravell\u00f3s, hi ha el mateix de sempre: les mateixes impureses, les mateixes brut\u00edcies, els mateixos defectes. Per fora blanc i per dins negre. Com el cor de molta gent. Potser la neu ho tapa. Per\u00f2 la realitat quotidiana \u00e9s la que \u00e9s. I amb aix\u00f2 no vull dir que una [&hellip;]<\/p>\n","protected":false},"author":214,"featured_media":0,"comment_status":"open","ping_status":"open","sticky":false,"template":"","format":"standard","meta":{"_jetpack_memberships_contains_paid_content":false,"footnotes":"","jetpack_publicize_message":"","jetpack_publicize_feature_enabled":true,"jetpack_social_post_already_shared":false,"jetpack_social_options":{"image_generator_settings":{"template":"highway","default_image_id":0,"font":"","enabled":false},"version":2}},"categories":[3787,2638,4454,4643,546],"tags":[],"class_list":["post-1188","post","type-post","status-publish","format-standard","hentry","category-a-peu","category-autoestima","category-decepcio","category-felicitat","category-paisatges"],"jetpack_publicize_connections":[],"jetpack_featured_media_url":"","jetpack_shortlink":"https:\/\/wp.me\/pagkjs-ja","jetpack-related-posts":[],"jetpack_sharing_enabled":true,"_links":{"self":[{"href":"https:\/\/blogs.avui.cat\/jaumepubill\/wp-json\/wp\/v2\/posts\/1188","targetHints":{"allow":["GET"]}}],"collection":[{"href":"https:\/\/blogs.avui.cat\/jaumepubill\/wp-json\/wp\/v2\/posts"}],"about":[{"href":"https:\/\/blogs.avui.cat\/jaumepubill\/wp-json\/wp\/v2\/types\/post"}],"author":[{"embeddable":true,"href":"https:\/\/blogs.avui.cat\/jaumepubill\/wp-json\/wp\/v2\/users\/214"}],"replies":[{"embeddable":true,"href":"https:\/\/blogs.avui.cat\/jaumepubill\/wp-json\/wp\/v2\/comments?post=1188"}],"version-history":[{"count":0,"href":"https:\/\/blogs.avui.cat\/jaumepubill\/wp-json\/wp\/v2\/posts\/1188\/revisions"}],"wp:attachment":[{"href":"https:\/\/blogs.avui.cat\/jaumepubill\/wp-json\/wp\/v2\/media?parent=1188"}],"wp:term":[{"taxonomy":"category","embeddable":true,"href":"https:\/\/blogs.avui.cat\/jaumepubill\/wp-json\/wp\/v2\/categories?post=1188"},{"taxonomy":"post_tag","embeddable":true,"href":"https:\/\/blogs.avui.cat\/jaumepubill\/wp-json\/wp\/v2\/tags?post=1188"}],"curies":[{"name":"wp","href":"https:\/\/api.w.org\/{rel}","templated":true}]}}