{"id":1187,"date":"2010-01-09T21:48:30","date_gmt":"2010-01-09T19:48:30","guid":{"rendered":"http:\/\/blogs.avui.cat\/jaumepubill\/2010\/01\/09\/comencem-b\/"},"modified":"2010-01-09T21:48:30","modified_gmt":"2010-01-09T19:48:30","slug":"comencem-b-2","status":"publish","type":"post","link":"https:\/\/blogs.avui.cat\/jaumepubill\/2010\/01\/09\/comencem-b-2\/","title":{"rendered":"Comencem b&#233;!"},"content":{"rendered":"<p><img loading=\"lazy\" decoding=\"async\" src=\"http:\/\/t1.gstatic.com\/images?q=tbn:DztllpqthtJ30M:http:\/\/3.bp.blogspot.com\/_xzyTSP9hdP0\/SkqM5wQXanI\/AAAAAAAAC5c\/KgBKcF9U4-k\/s400\/pepe+mujica.jpg\" width=\"183\" height=\"118\" \/>&#160; Els que em llegiu, ja sabeu que segueixo molt d&#8217; a prop les coses que passen a l&#8217;Uruguai, la meva segona p\u00e0tria despr\u00e9s de Catalunya. I sabeu tamb\u00e9 que tinc una especial debilitat i una gran esperan\u00e7a posada en el nou president, del qual seguir\u00e9 parlant-ne de tant en tant.<\/p>\n<p>La investidura del proper president de l&#8217;Uruguai, Pepe Mujica, \u00e9s prevista per l&#8217;1 de mar\u00e7 pr\u00f2xim i ser\u00e0 diferent de totes les que hi ha hagut fins ara. Vol fer una cerim\u00f2nia senzilla , diferent i original. Tal com \u00e9s ell, ni m\u00e9s ni menys. A mi em sembla que \u00e9s un signe de que comencem b\u00e9.<\/p>\n<p>Durant els anys de govern del Frente Amplio s&#8217;han fet les coses b\u00e9. Nom\u00e9s cal veure que Tabar\u00e9 V\u00e0zquez deixa el poder amb un 80% de popularitat i que no es torna a presentar perqu\u00e8 no pot. Si no, hauria tornat a guanyar. El que digui el contrari, menteix. I la prova \u00e9s que que la poblaci\u00f3 ha tornat a votar altre cop el Frente \u00e0mpliament.<\/p>\n<p>Mujica planeja una investidura a l&#8217;aire lliure i sense desfilada militar. Diu que la seva investidura ser\u00e0 al mig de la Pla\u00e7a Independ\u00e8ncia, &quot;en una estrada no molt alta, per no marejar-se, a sota de l&#8217;est\u00e0tua d&#8217;Artigas, el pr\u00f2cer de la p\u00e0tria. Curiosament ser\u00e0 la dona de Mujica, Luc\u00eda Topolansky, -tamb\u00e9 del Frente Amplio-, qui li prendr\u00e0 jurament per ser la senadora m\u00e9s votada en les \u00faltimes eleccions. <\/p>\n<p>La investidura del proper president de l&#8217;Uruguai, Jos\u00e9 Mujica, diu que ser\u00e0 pagada per &quot;amics i no comptar\u00e0 amb desfilada militar, encara que s\u00ed amb actuacions musicals. &quot;Me les enginyar\u00e9 perqu\u00e8 tot aix\u00f2 no ho pagui l&#8217;Estat. Ho han de &#8216;bancar&#8217; (assumir) els meus amics&quot;, va afirmar al setmanari &quot;B\u00fasqueda&quot; el futur governant, de 74 anys, en aparent al.lusi\u00f3 a grups afins al seu partit i als militants d&#8217;esquerra.<\/p>\n<p>&quot;Despr\u00e9s del discurs al Parlament i a la Pla\u00e7a Independ\u00e8ncia penso anar en un cachilo (cotxe d&#8217;\u00e8poca) o caminant, dep\u00e8n de com estigui el temps&quot;, va afegir el governant electe. Tradicionalment la jornada d&#8217;investidura a l&#8217;Uruguai comen\u00e7a amb el jurament del c\u00e0rrec dels nous president i vicepresident -en aquest cas Mujica i Danilo Astori- al Senat, en una sessi\u00f3 solemne amb la pres\u00e8ncia de convidats il.lustres, entre ells, caps d&#8217;Estat estrangers.    <br \/>Despr\u00e9s del Senat, l&#8217;antic Palau de Govern era habitualment el lloc on es produ\u00efa el trasp\u00e0s de la banda presidencial, seguit de la salutaci\u00f3 del nou governant a la poblaci\u00f3 des del balc\u00f3. Posteriorment tenia lloc la desfilada militar.<\/p>\n<p>Tant de bo que aquest l\u00ednea de senzillesa continu\u00ef durant tot el mandat. Ho anirem seguint perqu\u00e8 pot ser prou interessant&#8230;<\/p>\n<p>&#160; <\/p>\n<div>Etiquetes de Technorati: <a href=\"http:\/\/technorati.com\/tags\/Pepe+Mujica\" rel=\"tag\">Pepe Mujica<\/a>,<a href=\"http:\/\/technorati.com\/tags\/Uruguai\" rel=\"tag\">Uruguai<\/a><\/div>\n","protected":false},"excerpt":{"rendered":"<p>&#160; Els que em llegiu, ja sabeu que segueixo molt d&#8217; a prop les coses que passen a l&#8217;Uruguai, la meva segona p\u00e0tria despr\u00e9s de Catalunya. I sabeu tamb\u00e9 que tinc una especial debilitat i una gran esperan\u00e7a posada en el nou president, del qual seguir\u00e9 parlant-ne de tant en tant. La investidura del proper [&hellip;]<\/p>\n","protected":false},"author":214,"featured_media":0,"comment_status":"open","ping_status":"open","sticky":false,"template":"","format":"standard","meta":{"_jetpack_memberships_contains_paid_content":false,"footnotes":"","jetpack_publicize_message":"","jetpack_publicize_feature_enabled":true,"jetpack_social_post_already_shared":false,"jetpack_social_options":{"image_generator_settings":{"template":"highway","default_image_id":0,"font":"","enabled":false},"version":2}},"categories":[2937],"tags":[],"class_list":["post-1187","post","type-post","status-publish","format-standard","hentry","category-uruguai"],"jetpack_publicize_connections":[],"jetpack_featured_media_url":"","jetpack_shortlink":"https:\/\/wp.me\/pagkjs-j9","jetpack-related-posts":[],"jetpack_sharing_enabled":true,"_links":{"self":[{"href":"https:\/\/blogs.avui.cat\/jaumepubill\/wp-json\/wp\/v2\/posts\/1187","targetHints":{"allow":["GET"]}}],"collection":[{"href":"https:\/\/blogs.avui.cat\/jaumepubill\/wp-json\/wp\/v2\/posts"}],"about":[{"href":"https:\/\/blogs.avui.cat\/jaumepubill\/wp-json\/wp\/v2\/types\/post"}],"author":[{"embeddable":true,"href":"https:\/\/blogs.avui.cat\/jaumepubill\/wp-json\/wp\/v2\/users\/214"}],"replies":[{"embeddable":true,"href":"https:\/\/blogs.avui.cat\/jaumepubill\/wp-json\/wp\/v2\/comments?post=1187"}],"version-history":[{"count":0,"href":"https:\/\/blogs.avui.cat\/jaumepubill\/wp-json\/wp\/v2\/posts\/1187\/revisions"}],"wp:attachment":[{"href":"https:\/\/blogs.avui.cat\/jaumepubill\/wp-json\/wp\/v2\/media?parent=1187"}],"wp:term":[{"taxonomy":"category","embeddable":true,"href":"https:\/\/blogs.avui.cat\/jaumepubill\/wp-json\/wp\/v2\/categories?post=1187"},{"taxonomy":"post_tag","embeddable":true,"href":"https:\/\/blogs.avui.cat\/jaumepubill\/wp-json\/wp\/v2\/tags?post=1187"}],"curies":[{"name":"wp","href":"https:\/\/api.w.org\/{rel}","templated":true}]}}