{"id":1178,"date":"2009-12-28T11:32:05","date_gmt":"2009-12-28T09:32:05","guid":{"rendered":"http:\/\/blogs.avui.cat\/jaumepubill\/2009\/12\/28\/sants-potser-no-per-innocents-s\/"},"modified":"2009-12-28T11:32:05","modified_gmt":"2009-12-28T09:32:05","slug":"sants-potser-no-per-innocents-s-2","status":"publish","type":"post","link":"https:\/\/blogs.avui.cat\/jaumepubill\/2009\/12\/28\/sants-potser-no-per-innocents-s-2\/","title":{"rendered":"Sants, potser no, per&#242; innocents s&#237;."},"content":{"rendered":"<p><strong><em><img loading=\"lazy\" decoding=\"async\" src=\"http:\/\/upload.wikimedia.org\/wikipedia\/commons\/thumb\/e\/e4\/Sacco&amp;Vanzetti2.jpg\/220px-Sacco&amp;Vanzetti2.jpg\" width=\"124\" height=\"182\" \/><\/em><\/strong> Ja s\u00e9 que la festa dels Sants Innocents es refereix a una altra situaci\u00f3, a una altra \u00e8poca i a unes altres persones. Es refereix als nens morts per Herodes. Per\u00f2 podria ser interessant, que en un dia com aquest, ens record\u00e9ssim de tants i tants innocents que han estat morts, empresonats o condemnats injustament. Nous m\u00e0rtirs d&#8217;una societat i una just\u00edcia injusta. A vegades, volgudament injusta.<\/p>\n<p>Recordeu el cas de Nicola Sacco&#160; i Bartolomeo Vanzetti ? Eren dos <a href=\"http:\/\/ca.wikipedia.org\/wiki\/It%C3%A0lia\">Italians<\/a> <a href=\"http:\/\/ca.wikipedia.org\/wiki\/Anarquisme\">anarquistes<\/a>, que van ser <a href=\"http:\/\/ca.wikipedia.org\/w\/index.php?title=Arrest&amp;action=edit&amp;redlink=1\">arrestats<\/a>, <a href=\"http:\/\/ca.wikipedia.org\/wiki\/Judici\">jutjats<\/a>, i <a href=\"http:\/\/ca.wikipedia.org\/wiki\/Cadira_el%C3%A8ctrica\">electrocutats<\/a> a <a href=\"http:\/\/ca.wikipedia.org\/wiki\/Massachusetts\">Massachusetts<\/a> el <a href=\"http:\/\/ca.wikipedia.org\/wiki\/1927\">1927<\/a> sota l&#8217;acusaci\u00f3 de robatori de 15,766.51 d\u00f2lars d&#8217;una f\u00e0brica de sabates, <a href=\"http:\/\/ca.wikipedia.org\/wiki\/Assassinat\">assassinat<\/a> del seu comptable anomenat Frederick Parmenter i d&#8217;un gu\u00e0rdia de <a href=\"http:\/\/ca.wikipedia.org\/wiki\/Seguretat\">seguretat<\/a> anomenat Alessandro Berardelli, tot i haver-hi molts dubtes de la seva <a href=\"http:\/\/ca.wikipedia.org\/wiki\/Culpabilitat\">culpabilitat<\/a>.&#160; No seria fins el <a href=\"http:\/\/ca.wikipedia.org\/wiki\/23_d%27agost\">23 d&#8217;agost<\/a> de<em> <\/em><a href=\"http:\/\/ca.wikipedia.org\/wiki\/1977\"><em>1977<\/em><\/a><em>,<\/em> quan el governador de torn de <a href=\"http:\/\/ca.wikipedia.org\/wiki\/Massachusetts\">Massachusetts<\/a>, <a href=\"http:\/\/ca.wikipedia.org\/w\/index.php?title=Michael_Dukakis&amp;action=edit&amp;redlink=1\">Michael Dukakis<\/a>, va exhortar-los de manera simb\u00f2lica constatant nombrosos errors en proc\u00e9s judicial. <\/p>\n<p>Quants empresonats ho s\u00f3n de forma injusta? La nostra societat, tant garantista i tan &quot;m\u00e0niga ampla&quot; en tantes coses, no ho \u00e9s tantes altres i moltes vegades comet flagrants injust\u00edcies. I no parlem del pa\u00efsos amb r\u00e8gim autoritari on la gent entra a la pres\u00f3 sense proves i no sap si en sortir\u00e0 mai m\u00e9s&#8230;.<\/p>\n<p>El director de Just\u00edcia i Pau, l\u2019advocat Eduard Ib\u00e1\u00f1ez, assegura que cal reformar urgentment la regulaci\u00f3 de la pres\u00f3 provisional perqu\u00e8 sovint s\u2019aplica amb criteris arbitraris i comporta l\u2019empresonament freq\u00fcent d\u2019innocents. Ha guanyat el III Premi de recerca en drets humans amb un estudi cr\u00edtic amb l\u2019ab\u00fas de la \u201cpres\u00f3 provisional\u201d. L\u2019estudi premiat conclou que la regulaci\u00f3 actual presenta greus defici\u00e8ncies que vulneren les garanties penals i processals d\u2019un estat democr\u00e0tic. Aix\u00ed, argumenta que la deficient regulaci\u00f3 pot facilitar que la pres\u00f3 provisional s\u2019apliqui amb criteris arbitraris, aboni la confusi\u00f3 entre pena i pres\u00f3 provisional, es converteixi en un c\u00e0stig anticipat, comporti l\u2019empresonament freq\u00fcent de persones innocents..etc.<\/p>\n<p>Ib\u00e1\u00f1ez proposa una nova regulaci\u00f3 m\u00e9s coherent amb un model garantista. Aquesta reforma exigiria suprimir alguns dels actuals criteris legals que autoritzen la seva aplicaci\u00f3 (com ara els antecedents penals del detingut o el pron\u00f2stic de possible reincid\u00e8ncia), aix\u00ed com preveure mesures alternatives a la \u201cpres\u00f3 provisional\u201d (arrest domiciliari, confinament en un territori, control electr\u00f2nic..). Tamb\u00e9 proposa reduir-ne la durada m\u00e0xima, que mai hauria de ser superior a un any i atribuir la potestat de dictar pres\u00f3 provisional exclusivament a un tribunal \u201cde garanties\u201d enlloc del jutge instructor, aix\u00ed com establir una indemnitzaci\u00f3 autom\u00e0tica quan el proc\u00e9s no acabi amb una condemna.<\/p>\n<div>Etiquetes de Technorati: <a href=\"http:\/\/technorati.com\/tags\/Just%c3%adcia\" rel=\"tag\">Just&#237;cia<\/a><\/div>\n","protected":false},"excerpt":{"rendered":"<p>Ja s\u00e9 que la festa dels Sants Innocents es refereix a una altra situaci\u00f3, a una altra \u00e8poca i a unes altres persones. Es refereix als nens morts per Herodes. Per\u00f2 podria ser interessant, que en un dia com aquest, ens record\u00e9ssim de tants i tants innocents que han estat morts, empresonats o condemnats injustament. [&hellip;]<\/p>\n","protected":false},"author":214,"featured_media":0,"comment_status":"open","ping_status":"open","sticky":false,"template":"","format":"standard","meta":{"_jetpack_memberships_contains_paid_content":false,"footnotes":"","jetpack_publicize_message":"","jetpack_publicize_feature_enabled":true,"jetpack_social_post_already_shared":false,"jetpack_social_options":{"image_generator_settings":{"template":"highway","default_image_id":0,"font":"","enabled":false},"version":2}},"categories":[],"tags":[],"class_list":["post-1178","post","type-post","status-publish","format-standard","hentry"],"jetpack_publicize_connections":[],"jetpack_featured_media_url":"","jetpack_shortlink":"https:\/\/wp.me\/pagkjs-j0","jetpack-related-posts":[],"jetpack_sharing_enabled":true,"_links":{"self":[{"href":"https:\/\/blogs.avui.cat\/jaumepubill\/wp-json\/wp\/v2\/posts\/1178","targetHints":{"allow":["GET"]}}],"collection":[{"href":"https:\/\/blogs.avui.cat\/jaumepubill\/wp-json\/wp\/v2\/posts"}],"about":[{"href":"https:\/\/blogs.avui.cat\/jaumepubill\/wp-json\/wp\/v2\/types\/post"}],"author":[{"embeddable":true,"href":"https:\/\/blogs.avui.cat\/jaumepubill\/wp-json\/wp\/v2\/users\/214"}],"replies":[{"embeddable":true,"href":"https:\/\/blogs.avui.cat\/jaumepubill\/wp-json\/wp\/v2\/comments?post=1178"}],"version-history":[{"count":0,"href":"https:\/\/blogs.avui.cat\/jaumepubill\/wp-json\/wp\/v2\/posts\/1178\/revisions"}],"wp:attachment":[{"href":"https:\/\/blogs.avui.cat\/jaumepubill\/wp-json\/wp\/v2\/media?parent=1178"}],"wp:term":[{"taxonomy":"category","embeddable":true,"href":"https:\/\/blogs.avui.cat\/jaumepubill\/wp-json\/wp\/v2\/categories?post=1178"},{"taxonomy":"post_tag","embeddable":true,"href":"https:\/\/blogs.avui.cat\/jaumepubill\/wp-json\/wp\/v2\/tags?post=1178"}],"curies":[{"name":"wp","href":"https:\/\/api.w.org\/{rel}","templated":true}]}}