{"id":1131,"date":"2009-09-28T22:55:38","date_gmt":"2009-09-28T20:55:38","guid":{"rendered":"http:\/\/blogs.avui.cat\/jaumepubill\/2009\/09\/28\/qu-s-per-a-mi-el-blog\/"},"modified":"2009-09-28T22:55:38","modified_gmt":"2009-09-28T20:55:38","slug":"qu-s-per-a-mi-el-blog-2","status":"publish","type":"post","link":"https:\/\/blogs.avui.cat\/jaumepubill\/2009\/09\/28\/qu-s-per-a-mi-el-blog-2\/","title":{"rendered":"Qu&#232; &#233;s per a mi el blog?"},"content":{"rendered":"<p><img decoding=\"async\" src=\"http:\/\/t1.gstatic.com\/images?q=tbn:GH8pUu8ZIXj-TM:http:\/\/blogs.worldbank.org\/files\/governance\/image\/blog%2520board.jpg\" \/><\/p>\n<p>De tant en tant m&#8217;agrada reflexionar sobre el meu blog: sobre el que escric?; sobre el que tinc ganes d&#8217;escriure i no escric; sobre el que em comenten i sobre el que no em comenten&#8230;<\/p>\n<p>Un blog per a mi \u00e9s una experi\u00e8ncia nova i prou interessant com per a que tingui ganes de seguir-lo. Alguna altra vegada ja n&#8217;he parlat. Per\u00f2 avui vull continuar amb les meves reflexions.<\/p>\n<p>Fonamentalment, per a mi&#160; el meu blog \u00e9s un motiu de reflexi\u00f3 sobre la vida, el que passa i el que em passa. El que passa al m\u00f3n cada dia \u00e9s quelcom tan inabastable que fa que sigui impossible comentar-ho tot. Per tant, aquest sol fet ja fa que hom hagi de seleccionar. I per a seleccionar s&#8217;ha de pensar una mica abans. Despr\u00e9s s&#8217;ha de pensar en el que es diu i com es diu. Aix\u00f2 obliga a ser breu, clar, concret, etc, cosa que no \u00e9s f\u00e0cil ni s&#8217;aconsegueix sempre.<\/p>\n<p>Quan s&#8217;arriba al moment de seleccionar qu\u00e8 s&#8217;escriu, a vegades no \u00e9s gens f\u00e0cil perqu\u00e8 hi han molts temes atractius. Llavors, \u00e9s quan hom ha d&#8217;optar en publicar all\u00f2 important, conegut, que surt als diaris&#8230; o all\u00f2 petit que tamb\u00e9 passa, per\u00f2 que passa desapercebut per a la majoria de gent, per\u00f2 que personalment t\u00e9 prou import\u00e0ncia per a un mateix com per a ser explicat o comentat. A vegades s&#8217;explica pel simple plaer de voler-ho explicar. Altres, perqu\u00e8 potser por ajudar a alg\u00fa o pel fet d&#8217;haver-ho comentat abans amb alguna altra persona.&#160; O com a resposta d&#8217;algun comentari&#8230;<\/p>\n<p>Moltes coses de la vida di\u00e0ria em semblen importants per\u00f2 ni les cito: Crec que \u00e9s perqu\u00e8 no estic segur que puguin interessar a altres, no pel tema en si mateix, sin\u00f3 pel que jo pugui posar i com pugui fer-ho. A vegades s\u00f3n not\u00edcies tant comentades ( i ben comentades) pels diaris que hom pensa que ja no val la pena dir-hi res m\u00e9s. Ja est\u00e0 quasi tot dit!<\/p>\n<p>\u00c9s a dir: M&#8217;agradaria que els lectors del meu blog s\u00e0piguen que sempre escric sobre el que m&#8217;importa, per\u00f2, tamb\u00e9, que no escric sobre tot el que m&#8217;importa.    <br \/>Nom\u00e9s sobre algunes coses. Sempre hi han aquells temes que s\u00f3n massa personals, o massa intranscendents, o massa gastats que fan que es quedin al tinter. I sempre hi ha el consol d&#8217;aquella dita catalana que diu: &quot;Hi han m\u00e9s dies que llonganisses&quot;. Algun dia aquests temes abandonats podran tornar a sortir.<\/p>\n<\/p>\n<div>Etiquetes de Technorati: <a href=\"http:\/\/technorati.com\/tags\/Blogs\" rel=\"tag\">Blogs<\/a><\/div>\n","protected":false},"excerpt":{"rendered":"<p>De tant en tant m&#8217;agrada reflexionar sobre el meu blog: sobre el que escric?; sobre el que tinc ganes d&#8217;escriure i no escric; sobre el que em comenten i sobre el que no em comenten&#8230; Un blog per a mi \u00e9s una experi\u00e8ncia nova i prou interessant com per a que tingui ganes de seguir-lo. [&hellip;]<\/p>\n","protected":false},"author":214,"featured_media":0,"comment_status":"open","ping_status":"open","sticky":false,"template":"","format":"standard","meta":{"_jetpack_memberships_contains_paid_content":false,"footnotes":"","jetpack_publicize_message":"","jetpack_publicize_feature_enabled":true,"jetpack_social_post_already_shared":false,"jetpack_social_options":{"image_generator_settings":{"template":"highway","default_image_id":0,"font":"","enabled":false},"version":2}},"categories":[685],"tags":[],"class_list":["post-1131","post","type-post","status-publish","format-standard","hentry","category-blogs"],"jetpack_publicize_connections":[],"jetpack_featured_media_url":"","jetpack_shortlink":"https:\/\/wp.me\/pagkjs-if","jetpack-related-posts":[],"jetpack_sharing_enabled":true,"_links":{"self":[{"href":"https:\/\/blogs.avui.cat\/jaumepubill\/wp-json\/wp\/v2\/posts\/1131","targetHints":{"allow":["GET"]}}],"collection":[{"href":"https:\/\/blogs.avui.cat\/jaumepubill\/wp-json\/wp\/v2\/posts"}],"about":[{"href":"https:\/\/blogs.avui.cat\/jaumepubill\/wp-json\/wp\/v2\/types\/post"}],"author":[{"embeddable":true,"href":"https:\/\/blogs.avui.cat\/jaumepubill\/wp-json\/wp\/v2\/users\/214"}],"replies":[{"embeddable":true,"href":"https:\/\/blogs.avui.cat\/jaumepubill\/wp-json\/wp\/v2\/comments?post=1131"}],"version-history":[{"count":0,"href":"https:\/\/blogs.avui.cat\/jaumepubill\/wp-json\/wp\/v2\/posts\/1131\/revisions"}],"wp:attachment":[{"href":"https:\/\/blogs.avui.cat\/jaumepubill\/wp-json\/wp\/v2\/media?parent=1131"}],"wp:term":[{"taxonomy":"category","embeddable":true,"href":"https:\/\/blogs.avui.cat\/jaumepubill\/wp-json\/wp\/v2\/categories?post=1131"},{"taxonomy":"post_tag","embeddable":true,"href":"https:\/\/blogs.avui.cat\/jaumepubill\/wp-json\/wp\/v2\/tags?post=1131"}],"curies":[{"name":"wp","href":"https:\/\/api.w.org\/{rel}","templated":true}]}}