{"id":1122,"date":"2009-09-13T00:38:00","date_gmt":"2009-09-12T22:38:00","guid":{"rendered":"http:\/\/blogs.avui.cat\/jaumepubill\/2009\/09\/13\/santa-innocncia-2\/"},"modified":"2009-09-13T00:38:00","modified_gmt":"2009-09-12T22:38:00","slug":"santa-innocncia-2-2","status":"publish","type":"post","link":"https:\/\/blogs.avui.cat\/jaumepubill\/2009\/09\/13\/santa-innocncia-2-2\/","title":{"rendered":"Santa Innoc&#232;ncia!"},"content":{"rendered":"<p><img data-recalc-dims=\"1\" loading=\"lazy\" decoding=\"async\" src=\"https:\/\/i0.wp.com\/partido.marianistas.org\/wp-content\/uploads\/2007\/12\/inocente.gif?resize=194%2C241\" width=\"194\" height=\"241\" \/> Imatge treta de <a href=\"http:\/\/partido.marianistas.org\/\">http:\/\/partido.marianistas.org\/<\/a><\/p>\n<p><font size=\"3\">Avui, a Arenys de Munt, fan un refer\u00e8ndum. O una consulta. O com vulgueu dir-ho. Una consulta independentista.<\/font><\/p>\n<p><font size=\"3\">Per\u00f2 l&#8217;Estat Espanyol no contempla aquest tipus de coses, sembla. L&#8217; Estat Espanyol no ha sentit a parlar mai del &quot;Dret d&#8217;autodeterminaci\u00f3 dels pobles&quot;&#8230; Alguns drets humans deuen ser menys humans que d&#8217;altres, dic jo&#8230; No s\u00e9 on \u00e9s la gravetat tan greu d&#8217;una consulta&#8230; Per\u00f2 es veu que s\u00ed, que fer una consulta \u00e9s quelcom molt greu. Que \u00e9s un gran perill&#8230; Perill per a qui? Perill per qu\u00e8? Jo ja intueixo els motius de tantes cagarrines. Saben molt b\u00e9 que tot plegat est\u00e0 embastat amb quatre agulles i que si s&#8217;estira una mica, caur\u00e0 tot plegat. Com l&#8217;estaca aquella, que estava podrida&#8230;<\/font><\/p>\n<p><font size=\"3\">I diuen que aqu\u00ed hi ha llibertat! Ja, ja, ja! <\/font><\/p>\n<p><font size=\"3\">Santa Innoc\u00e8ncia!<\/font><\/p>\n<p><font size=\"3\"><\/font><\/p>\n<div>Etiquetes de Technorati: <a href=\"http:\/\/technorati.com\/tags\/Pol%c3%adtica\" rel=\"tag\">Pol&#237;tica<\/a>,<a href=\"http:\/\/technorati.com\/tags\/Llibertat\" rel=\"tag\">Llibertat<\/a>,<a href=\"http:\/\/technorati.com\/tags\/Autodeterminaci%c3%b3\" rel=\"tag\">Autodeterminaci&#243;<\/a><\/div>\n","protected":false},"excerpt":{"rendered":"<p>Imatge treta de http:\/\/partido.marianistas.org\/ Avui, a Arenys de Munt, fan un refer\u00e8ndum. O una consulta. O com vulgueu dir-ho. Una consulta independentista. Per\u00f2 l&#8217;Estat Espanyol no contempla aquest tipus de coses, sembla. L&#8217; Estat Espanyol no ha sentit a parlar mai del &quot;Dret d&#8217;autodeterminaci\u00f3 dels pobles&quot;&#8230; Alguns drets humans deuen ser menys humans que d&#8217;altres, [&hellip;]<\/p>\n","protected":false},"author":214,"featured_media":0,"comment_status":"open","ping_status":"open","sticky":false,"template":"","format":"standard","meta":{"_jetpack_memberships_contains_paid_content":false,"footnotes":"","jetpack_publicize_message":"","jetpack_publicize_feature_enabled":true,"jetpack_social_post_already_shared":false,"jetpack_social_options":{"image_generator_settings":{"template":"highway","default_image_id":0,"font":"","enabled":false},"version":2}},"categories":[530,431,567,172],"tags":[],"class_list":["post-1122","post","type-post","status-publish","format-standard","hentry","category-autodeterminacio","category-drets-humans","category-llibertat","category-politica"],"jetpack_publicize_connections":[],"jetpack_featured_media_url":"","jetpack_shortlink":"https:\/\/wp.me\/pagkjs-i6","jetpack-related-posts":[],"jetpack_sharing_enabled":true,"_links":{"self":[{"href":"https:\/\/blogs.avui.cat\/jaumepubill\/wp-json\/wp\/v2\/posts\/1122","targetHints":{"allow":["GET"]}}],"collection":[{"href":"https:\/\/blogs.avui.cat\/jaumepubill\/wp-json\/wp\/v2\/posts"}],"about":[{"href":"https:\/\/blogs.avui.cat\/jaumepubill\/wp-json\/wp\/v2\/types\/post"}],"author":[{"embeddable":true,"href":"https:\/\/blogs.avui.cat\/jaumepubill\/wp-json\/wp\/v2\/users\/214"}],"replies":[{"embeddable":true,"href":"https:\/\/blogs.avui.cat\/jaumepubill\/wp-json\/wp\/v2\/comments?post=1122"}],"version-history":[{"count":0,"href":"https:\/\/blogs.avui.cat\/jaumepubill\/wp-json\/wp\/v2\/posts\/1122\/revisions"}],"wp:attachment":[{"href":"https:\/\/blogs.avui.cat\/jaumepubill\/wp-json\/wp\/v2\/media?parent=1122"}],"wp:term":[{"taxonomy":"category","embeddable":true,"href":"https:\/\/blogs.avui.cat\/jaumepubill\/wp-json\/wp\/v2\/categories?post=1122"},{"taxonomy":"post_tag","embeddable":true,"href":"https:\/\/blogs.avui.cat\/jaumepubill\/wp-json\/wp\/v2\/tags?post=1122"}],"curies":[{"name":"wp","href":"https:\/\/api.w.org\/{rel}","templated":true}]}}