{"id":1119,"date":"2009-08-30T16:27:27","date_gmt":"2009-08-30T15:27:27","guid":{"rendered":"http:\/\/blogs.avui.cat\/jaumepubill\/2009\/08\/30\/prdues\/"},"modified":"2009-08-30T16:27:27","modified_gmt":"2009-08-30T15:27:27","slug":"prdues-2","status":"publish","type":"post","link":"https:\/\/blogs.avui.cat\/jaumepubill\/2009\/08\/30\/prdues-2\/","title":{"rendered":"P&#232;rdues."},"content":{"rendered":"<p><img decoding=\"async\" src=\"http:\/\/tbn2.google.com\/images?q=tbn:X-PiKq0eFPQFIM:http:\/\/www.cafeguancasco.com\/wp-content\/uploads\/2009\/06\/mario-benedetti1.gif\" \/> <\/p>\n<p>Aquests dies de vacances m&#8217;he dedicat a descansar i a llegir coses interessants (que \u00e9s una forma de descansar de tanta estupidesa que hom escolta, veu o llegeix cada dia&#8230;). He llegit, entre altres altres autors a Mario Benedetti, que sempre m&#8217;ha agradat molt per\u00f2 que ara li he volgut fer un homenatge personal despr\u00e9s de la seva recent mort.<\/p>\n<p>Ja us dic que Benedetti sempre \u00e9s interessant, enriquidor, po\u00e8tic i profund. I escriu meravellosament b\u00e9. Aquests dies he llegit una de les coses m\u00e9s boniques que s&#8217;hagin pogut escriure (al meu gust). \u00c9s un text que es diu &quot;P\u00e9rdidas&quot; i que ens explica de forma po\u00e8tica quines s\u00f3n les seves p\u00e8rdues personals:<\/p>\n<p><strong>\u201cEl pasado es una colecci\u00f3n de silencios, pero hay part\u00edculas calladas, irrecuperables provincias de mutismo, albas y crep\u00fasculos que quedaron ocultos, m\u00e1s all\u00e1 de ese horizonte tan poco hospitalario; tallos que nunca m\u00e1s se expandir\u00e1n en rosas, oscuras golondrinas que se aclarar\u00e1n en uno que otro vuelo.<\/strong><\/p>\n<p><strong><\/strong><\/p>\n<p><strong>Lo perdido tuvo color pero ahora es incoloro. Los latidos del gastado coraz\u00f3n invaden nuestra noche, pero el insomnio actual tiene otra partitura. Lo perdido es tambi\u00e9n un par o dos de labios que probaron el sabor de los m\u00edos, y que ahora tan s\u00f3lo puedo besar en mi memoria.<\/strong><\/p>\n<p><strong>Lo perdido es la luna redonda que yo hac\u00eda ovalada en mi retina y el firmamento con estrellas que ahora es apenas un cielo raso azul.<\/strong><\/p>\n<p><strong><\/strong><\/p>\n<p><strong><\/strong><\/p>\n<p><strong>Todo se va borrando, todo pasa a ser sombra y vac\u00edo. Y el obligado acabose no nos ayuda a hallarlo\u201d<\/strong><\/p>\n<p><strong><font color=\"#000000\"><\/font><\/strong><\/p>\n<p><strong><font color=\"#000000\"><\/font><\/strong><\/p>\n<p><strong><font color=\"#000000\"><\/font><\/strong><\/p>\n<p><strong><font color=\"#000000\"><\/font><\/strong><\/p>\n<\/p>\n<p>No em digueu que aix\u00f2 no \u00e9s obra d&#8217;un gran mestre de la literatura!<\/p>\n<div>Etiquetes de Technorati: <a href=\"http:\/\/technorati.com\/tags\/Mario+Benedetti\" rel=\"tag\">Mario Benedetti<\/a>,<a href=\"http:\/\/technorati.com\/tags\/Literatura\" rel=\"tag\">Literatura<\/a>,<a href=\"http:\/\/technorati.com\/tags\/Uruguai\" rel=\"tag\">Uruguai<\/a><\/div>\n","protected":false},"excerpt":{"rendered":"<p>Aquests dies de vacances m&#8217;he dedicat a descansar i a llegir coses interessants (que \u00e9s una forma de descansar de tanta estupidesa que hom escolta, veu o llegeix cada dia&#8230;). He llegit, entre altres altres autors a Mario Benedetti, que sempre m&#8217;ha agradat molt per\u00f2 que ara li he volgut fer un homenatge personal despr\u00e9s [&hellip;]<\/p>\n","protected":false},"author":214,"featured_media":0,"comment_status":"open","ping_status":"open","sticky":false,"template":"","format":"standard","meta":{"_jetpack_memberships_contains_paid_content":false,"footnotes":"","jetpack_publicize_message":"","jetpack_publicize_feature_enabled":true,"jetpack_social_post_already_shared":false,"jetpack_social_options":{"image_generator_settings":{"template":"highway","default_image_id":0,"font":"","enabled":false},"version":2}},"categories":[440,2937],"tags":[],"class_list":["post-1119","post","type-post","status-publish","format-standard","hentry","category-literatura","category-uruguai"],"jetpack_publicize_connections":[],"jetpack_featured_media_url":"","jetpack_shortlink":"https:\/\/wp.me\/pagkjs-i3","jetpack-related-posts":[],"jetpack_sharing_enabled":true,"_links":{"self":[{"href":"https:\/\/blogs.avui.cat\/jaumepubill\/wp-json\/wp\/v2\/posts\/1119","targetHints":{"allow":["GET"]}}],"collection":[{"href":"https:\/\/blogs.avui.cat\/jaumepubill\/wp-json\/wp\/v2\/posts"}],"about":[{"href":"https:\/\/blogs.avui.cat\/jaumepubill\/wp-json\/wp\/v2\/types\/post"}],"author":[{"embeddable":true,"href":"https:\/\/blogs.avui.cat\/jaumepubill\/wp-json\/wp\/v2\/users\/214"}],"replies":[{"embeddable":true,"href":"https:\/\/blogs.avui.cat\/jaumepubill\/wp-json\/wp\/v2\/comments?post=1119"}],"version-history":[{"count":0,"href":"https:\/\/blogs.avui.cat\/jaumepubill\/wp-json\/wp\/v2\/posts\/1119\/revisions"}],"wp:attachment":[{"href":"https:\/\/blogs.avui.cat\/jaumepubill\/wp-json\/wp\/v2\/media?parent=1119"}],"wp:term":[{"taxonomy":"category","embeddable":true,"href":"https:\/\/blogs.avui.cat\/jaumepubill\/wp-json\/wp\/v2\/categories?post=1119"},{"taxonomy":"post_tag","embeddable":true,"href":"https:\/\/blogs.avui.cat\/jaumepubill\/wp-json\/wp\/v2\/tags?post=1119"}],"curies":[{"name":"wp","href":"https:\/\/api.w.org\/{rel}","templated":true}]}}