{"id":1112,"date":"2009-08-24T10:35:11","date_gmt":"2009-08-24T09:35:11","guid":{"rendered":"http:\/\/blogs.avui.cat\/jaumepubill\/2009\/08\/24\/a-peu-ha-fet-un-anyet\/"},"modified":"2009-08-24T10:35:11","modified_gmt":"2009-08-24T09:35:11","slug":"a-peu-ha-fet-un-anyet-2","status":"publish","type":"post","link":"https:\/\/blogs.avui.cat\/jaumepubill\/2009\/08\/24\/a-peu-ha-fet-un-anyet-2\/","title":{"rendered":"&#034;A PEU&#034; ha fet un anyet."},"content":{"rendered":"<p><img decoding=\"async\" src=\"http:\/\/tbn1.google.com\/images?q=tbn:vDNZmryK4D-4HM:http:\/\/i150.photobucket.com\/albums\/s110\/skyeyes_photo\/Escribir-no-es-un-verbo.jpg\" \/> <\/p>\n<p>Avui fa un any que vaig comen\u00e7ar aquest blog. Nom\u00e9s un any. \u00c9s tendre, encara. \u00c9s petit. I humil. Insignificant. No t\u00e9 pretensions de cap mena.<\/p>\n<p>Per\u00f2 durant un any aquet blog m&#8217;ha obligat a seure, a pensar una estona qu\u00e8 volia dir i com ho volia dir. A vegades el tema brollava naturalment perqu\u00e8 el tema era candent i jo tamb\u00e9 volia dir-hi la meva. Altres vegades, em veia amb la disjuntiva de triar entre dos o tres temes, tots prou interessants per a \u00e9sser comentats. Alguna vegada m&#8217;ha obligat a pensar una bona estona perqu\u00e8 el tema no era clar. Algun tema no ha agradat i m&#8217;ho han fet saber. Altres temes s\u00ed que han agradat, i tamb\u00e9 m&#8217;ho han fet saber.<\/p>\n<p>Al blog hi he reflectit les meves manies, les meves d\u00e8ries, les coses m\u00e9s intranscendents. M&#8217;he passejat, poc a poc, per molts llocs i per molts temes. Alguna vegada he caminat massa afuat. Potser no calia. &quot;Hi han m\u00e9s dies que llonganisses&quot;, diu un refrany catal\u00e0, i potser alguna vegada ho he oblidat.<\/p>\n<p>He escrit quasi sempre per a mi mateix i algunes vegades per als que m&#8217;han fet saber que em llegeixen. Alguns m&#8217;ho heu dit alguna vegada i altres segurament que no m&#8217;ho han dit mai. Alguns m&#8217;heu deixat comentaris (cosa que us agraeixo) i altres no heu gosat. Alguns m&#8217;ho heu fet saber de forma particular perqu\u00e8 no us agrada fer-ho p\u00fablicament.<\/p>\n<p>Tot plegat, \u00e9s una colla d&#8217;hores, una colla de paraules malgirbades, una bona experi\u00e8ncia i ja podem dir all\u00f2 de &quot;tal dia far\u00e0 un any&quot;. Ja l&#8217;ha fet.<\/p>\n<p>De moment, penso seguir passejant &quot;A PEU&quot; per la vida, observant el que veig, reflexionant sobre el qu\u00e8 passa i, si ve al cas, comentant-ho. I si voleu seguir llegint-ho i comentant-ho, us en dono les gr\u00e0cies ja des d&#8217;ara.<\/p>\n<div>Etiquetes de Technorati: <a href=\"http:\/\/technorati.com\/tags\/Blogs\" rel=\"tag\">Blogs<\/a>,<a href=\"http:\/\/technorati.com\/tags\/A+peu\" rel=\"tag\">A peu<\/a><\/div>\n","protected":false},"excerpt":{"rendered":"<p>Avui fa un any que vaig comen\u00e7ar aquest blog. Nom\u00e9s un any. \u00c9s tendre, encara. \u00c9s petit. I humil. Insignificant. No t\u00e9 pretensions de cap mena. Per\u00f2 durant un any aquet blog m&#8217;ha obligat a seure, a pensar una estona qu\u00e8 volia dir i com ho volia dir. A vegades el tema brollava naturalment perqu\u00e8 [&hellip;]<\/p>\n","protected":false},"author":214,"featured_media":0,"comment_status":"open","ping_status":"open","sticky":false,"template":"","format":"standard","meta":{"_jetpack_memberships_contains_paid_content":false,"footnotes":"","jetpack_publicize_message":"","jetpack_publicize_feature_enabled":true,"jetpack_social_post_already_shared":false,"jetpack_social_options":{"image_generator_settings":{"template":"highway","default_image_id":0,"font":"","enabled":false},"version":2}},"categories":[3787,685],"tags":[],"class_list":["post-1112","post","type-post","status-publish","format-standard","hentry","category-a-peu","category-blogs"],"jetpack_publicize_connections":[],"jetpack_featured_media_url":"","jetpack_shortlink":"https:\/\/wp.me\/pagkjs-hW","jetpack-related-posts":[],"jetpack_sharing_enabled":true,"_links":{"self":[{"href":"https:\/\/blogs.avui.cat\/jaumepubill\/wp-json\/wp\/v2\/posts\/1112","targetHints":{"allow":["GET"]}}],"collection":[{"href":"https:\/\/blogs.avui.cat\/jaumepubill\/wp-json\/wp\/v2\/posts"}],"about":[{"href":"https:\/\/blogs.avui.cat\/jaumepubill\/wp-json\/wp\/v2\/types\/post"}],"author":[{"embeddable":true,"href":"https:\/\/blogs.avui.cat\/jaumepubill\/wp-json\/wp\/v2\/users\/214"}],"replies":[{"embeddable":true,"href":"https:\/\/blogs.avui.cat\/jaumepubill\/wp-json\/wp\/v2\/comments?post=1112"}],"version-history":[{"count":0,"href":"https:\/\/blogs.avui.cat\/jaumepubill\/wp-json\/wp\/v2\/posts\/1112\/revisions"}],"wp:attachment":[{"href":"https:\/\/blogs.avui.cat\/jaumepubill\/wp-json\/wp\/v2\/media?parent=1112"}],"wp:term":[{"taxonomy":"category","embeddable":true,"href":"https:\/\/blogs.avui.cat\/jaumepubill\/wp-json\/wp\/v2\/categories?post=1112"},{"taxonomy":"post_tag","embeddable":true,"href":"https:\/\/blogs.avui.cat\/jaumepubill\/wp-json\/wp\/v2\/tags?post=1112"}],"curies":[{"name":"wp","href":"https:\/\/api.w.org\/{rel}","templated":true}]}}