{"id":1103,"date":"2009-07-26T18:05:57","date_gmt":"2009-07-26T17:05:57","guid":{"rendered":"http:\/\/blogs.avui.cat\/jaumepubill\/2009\/07\/26\/daniel-fernndez-strauch\/"},"modified":"2009-07-26T18:05:57","modified_gmt":"2009-07-26T17:05:57","slug":"daniel-fernndez-strauch-2","status":"publish","type":"post","link":"https:\/\/blogs.avui.cat\/jaumepubill\/2009\/07\/26\/daniel-fernndez-strauch-2\/","title":{"rendered":"Daniel Fern&#225;ndez Strauch"},"content":{"rendered":"<p><a href=\"https:\/\/i0.wp.com\/blogs.avui.cat\/jaumepubill\/files\/2009\/07\/danielfernndez.jpg\"><img data-recalc-dims=\"1\" loading=\"lazy\" decoding=\"async\" src=\"https:\/\/i0.wp.com\/blogs.avui.cat\/jaumepubill\/files\/2009\/07\/danielfernndez-thumb.jpg?resize=84%2C126\" height=\"126\" width=\"84\" alt=\"Daniel Fern\u00e1ndez\" border=\"0\" \/><\/a>Segueixo amb un altre dels sobrevivents de la cat\u00e0strofe dels Andes. Un a un, penso recordar-los tots a trav\u00e9s de les seves pr\u00f2pies i interessants reflexions.L&#8217;any 1972 tenia 26 anys i era el m\u00e9s gran dels esportistes que viatjaven a l&#8217;avi\u00f3. Diu que &#8220;si no hi hagu\u00e9s hagut un poder molt gran de l&#8217;esperit, la ra\u00f3 s&#8217;hagu\u00e9s desintegrat. El cor era qui governava&#8221;. Fins passats 30 anys no s&#8217;ha decidit parlar p\u00fablicament del tema perqu\u00e8 ha estat la mateixa gent, a trav\u00e9s dels seus correus, qui ha dit que &#8220;gr\u00e0cies a l&#8217;experi\u00e8ncia nostra, alguns s&#8217;adonaven que els seus problemes eren \u00ednfims en relaci\u00f3 amb el que ens havia passat nosaltres. Per aix\u00f2 he pensat: Si jo vaig passar per aix\u00f2 i ho puc explicar, i contant-ho ajudo a alg\u00fa, ho he de fer. Perqu\u00e8 aquesta hist\u00f2ria a mi no em pertany, me la van prestar i l&#8217;he de tornar. Si no ho faig s\u00f3c un egoista&#8221;.El resum d&#8217;aquesta hist\u00f2ria \u00e9s: qualsevol persona normal-com som nosaltres i s\u00f3n vost\u00e8s-quan ens posen en una situaci\u00f3 determinada com va ser aquest accident i el que ens va tocar viure, surt a llum un potencial de resistir i de tractar d&#8217;aconseguir un objectiu que tots tenim endins. El que passa \u00e9s que potser mai no ho hem posat a prova.Nosaltres sempre ens fixem l\u00edmits i nosaltres ens vam adonar que aquest l\u00edmit el an\u00e0vem movent, a tal punt que si em pregunten avui quin \u00e9s el l\u00edmit de la resist\u00e8ncia del meu cos els dic que no ho s\u00e9. Per\u00f2 tamb\u00e9, darrere de tot aix\u00f2, est\u00e0 el grup. Si no hagu\u00e9s existit aquest grup i no hagu\u00e9s funcionat de la manera que va funcionar ens hagu\u00e9ssim mort tots. Quan s&#8217;escolta la not\u00edcia que s&#8217;havia susp\u00e8s la recerca vam comen\u00e7ar a funcionar realment com a grup. Perqu\u00e8 aqu\u00ed depen\u00edem de nosaltres mateixos i tots hav\u00edem de menjar. A partir d&#8217;aquest moment vam ser una sola cosa; \u00e9s aqu\u00ed quan comen\u00e7a a funcionar el grup. Hav\u00edem de pensar com sortir d&#8217;aqu\u00ed perqu\u00e8 el m\u00f3n exterior ens havia donat per morts &#8230; no existia.I justament per aix\u00f2, en van sortir.Etiquetes de Technorati: <a href=\"http:\/\/technorati.com\/tags\/Daniel+Fern%c3%a1ndez+Strauch\" rel=\"tag\">Daniel Fern\u00e1ndez Strauch<\/a>,<a href=\"http:\/\/technorati.com\/tags\/Trag%c3%a8dia+dels+Andes.+Uruguai\" rel=\"tag\">Trag\u00e8dia dels Andes. Uruguai<\/a><\/p>\n","protected":false},"excerpt":{"rendered":"<p>Segueixo amb un altre dels sobrevivents de la cat\u00e0strofe dels Andes. Un a un, penso recordar-los tots a trav\u00e9s de les seves pr\u00f2pies i interessants reflexions.L&#8217;any 1972 tenia 26 anys i era el m\u00e9s gran dels esportistes que viatjaven a l&#8217;avi\u00f3. Diu que &#8220;si no hi hagu\u00e9s hagut un poder molt gran de l&#8217;esperit, la [&hellip;]<\/p>\n","protected":false},"author":214,"featured_media":0,"comment_status":"open","ping_status":"open","sticky":false,"template":"","format":"standard","meta":{"_jetpack_memberships_contains_paid_content":false,"footnotes":"","jetpack_publicize_message":"","jetpack_publicize_feature_enabled":true,"jetpack_social_post_already_shared":false,"jetpack_social_options":{"image_generator_settings":{"template":"highway","default_image_id":0,"font":"","enabled":false},"version":2}},"categories":[4879,2937],"tags":[31936],"class_list":["post-1103","post","type-post","status-publish","format-standard","hentry","category-tragedia-dels-andes","category-uruguai","tag-tragedia-dels-andes"],"jetpack_publicize_connections":[],"jetpack_featured_media_url":"","jetpack_shortlink":"https:\/\/wp.me\/pagkjs-hN","jetpack-related-posts":[],"jetpack_sharing_enabled":true,"_links":{"self":[{"href":"https:\/\/blogs.avui.cat\/jaumepubill\/wp-json\/wp\/v2\/posts\/1103","targetHints":{"allow":["GET"]}}],"collection":[{"href":"https:\/\/blogs.avui.cat\/jaumepubill\/wp-json\/wp\/v2\/posts"}],"about":[{"href":"https:\/\/blogs.avui.cat\/jaumepubill\/wp-json\/wp\/v2\/types\/post"}],"author":[{"embeddable":true,"href":"https:\/\/blogs.avui.cat\/jaumepubill\/wp-json\/wp\/v2\/users\/214"}],"replies":[{"embeddable":true,"href":"https:\/\/blogs.avui.cat\/jaumepubill\/wp-json\/wp\/v2\/comments?post=1103"}],"version-history":[{"count":0,"href":"https:\/\/blogs.avui.cat\/jaumepubill\/wp-json\/wp\/v2\/posts\/1103\/revisions"}],"wp:attachment":[{"href":"https:\/\/blogs.avui.cat\/jaumepubill\/wp-json\/wp\/v2\/media?parent=1103"}],"wp:term":[{"taxonomy":"category","embeddable":true,"href":"https:\/\/blogs.avui.cat\/jaumepubill\/wp-json\/wp\/v2\/categories?post=1103"},{"taxonomy":"post_tag","embeddable":true,"href":"https:\/\/blogs.avui.cat\/jaumepubill\/wp-json\/wp\/v2\/tags?post=1103"}],"curies":[{"name":"wp","href":"https:\/\/api.w.org\/{rel}","templated":true}]}}