{"id":1099,"date":"2009-07-19T08:56:59","date_gmt":"2009-07-19T07:56:59","guid":{"rendered":"http:\/\/blogs.avui.cat\/jaumepubill\/2009\/07\/19\/ens-han-dit-ms-mentides-que-una-llebre-no-fa-salts\/"},"modified":"2009-07-19T08:56:59","modified_gmt":"2009-07-19T07:56:59","slug":"ens-han-dit-ms-mentides-que-una-llebre-no-fa-salts-2","status":"publish","type":"post","link":"https:\/\/blogs.avui.cat\/jaumepubill\/2009\/07\/19\/ens-han-dit-ms-mentides-que-una-llebre-no-fa-salts-2\/","title":{"rendered":"Ens han dit m&#233;s mentides que una llebre no fa salts."},"content":{"rendered":"<p><img decoding=\"async\" src=\"http:\/\/tbn0.google.com\/images?q=tbn:Rf30INb_CSJvAM:http:\/\/www.guiaparcollserola.com\/wp-content\/uploads\/running_hare.jpg\" \/> Un company que m&#8217;ha llegit fa un parell de dies em deia que jo exagerava quan deia que &quot;a partir d&#8217;ara ens robaran la meitat&quot;. I l&#8217;argument que em donava era sensacional: Em deia que no podia fer aquesta afirmaci\u00f3 si jo mateix no entenia els n\u00fameros que el tripartit ha donat.<\/p>\n<p>Jo li vaig contestar: Tu entens els n\u00fameros que ens han donat? I va haver de recon\u00e8ixer que tampoc els entenia. I \u00e9s que amb el tema del finan\u00e7ament tothom ha tirat l&#8217;aigua al seu mol\u00ed i, el que considero pitjor: ens han cansat durant anys i ens han amagat n\u00fameros i arguments. Encara ara no es posen d&#8217;acord ells mateixos. Cada un hi diu la seva i, al final de tot, no en traurem l&#8217;aigua clara. Per tant, en lloc de matem\u00e0tiques (que s\u00f3n objectives), tot plegat ser\u00e0 bo o dolent segons la fe que posem en cadasc\u00fa (on tot \u00e9s purament subjectiu). <\/p>\n<p>I una altra cosa que tamb\u00e9 fa f\u00e0stic en aquest tema: si llegiu alguns diaris de les Espanyes i escolteu certes veus, els catalans continuem essent m\u00e9s lladres encara que abans. Si abans \u00e9rem uns fenicis de merda, ara ho som de merda i mitja. I tenint ra\u00f3, ens haurem d&#8217;empassar les raons que ens donen sense raonaments. Perqu\u00e8 de raonaments no en veig cap ni un per part del PP, de la caverna medi\u00e0tica i de tota aquesta patuleia, que ens canta cont\u00ednuament&#160; la can\u00e7\u00f3 de les mentides? La recordeu?<\/p>\n<p>\u00abNostramo se&#8217;n va al mercat&#160; a comprar una mula cega,&#160; oid\u00e0! <\/p>\n<p>Li talla els quatre peus&#160; i ella se&#8217;n posa a c\u00f3rrer,&#160; oid\u00e0! <\/p>\n<p>Ella salta pels terrats,&#160; pels terrats i les vinyes,&#160; oid\u00e0! <\/p>\n<p>La mula cau al pou&#160; i un cego s&#8217;hi mirava,&#160; oid\u00e0! <\/p>\n<p>Un mut cridava gent, un sord se l&#8217;escoltava, oid\u00e0! <\/p>\n<p>Ja en veu un cirerer&#160; tot carregat de figues, oid\u00e0! <\/p>\n<p>Una ametlla li cau als peus,&#160; li fa sang a l&#8217;orella,&#160; oid\u00e0! <\/p>\n<p>La sang li va rajar&#160; de set rieres plenes,&#160; oid\u00e0! <\/p>\n<p>La varen mesurar,&#160; una avellana plena,&#160; oid\u00e0! <\/p>\n<p>Pel mar corren conills,&#160; pels boscos les anguiles,&#160; oid\u00e0! <\/p>\n<p>La formiga fa c\u00f3rrer un mol\u00ed,&#160; un mol\u00ed una casa,&#160; oid\u00e0! <\/p>\n<p>Una casa una ciutat,&#160; la can\u00e7\u00f3 ja s&#8217;ha acabat. <\/p>\n<p>Aquesta \u00e9s la can\u00e7\u00f3,&#160; can\u00e7\u00f3 de les mentides,&#160; oid\u00e0! <\/p>\n<p>Qui la vulgui saber,&#160; que se&#8217;n vagi a Filipines,&#160; oid\u00e0!\u00bb<\/p>\n<div>Etiquetes de Technorati: <a href=\"http:\/\/technorati.com\/tags\/Finan%c3%a7ament\" rel=\"tag\">Finan&#231;ament<\/a>,<a href=\"http:\/\/technorati.com\/tags\/Mentides\" rel=\"tag\">Mentides<\/a><\/div>\n","protected":false},"excerpt":{"rendered":"<p>Un company que m&#8217;ha llegit fa un parell de dies em deia que jo exagerava quan deia que &quot;a partir d&#8217;ara ens robaran la meitat&quot;. I l&#8217;argument que em donava era sensacional: Em deia que no podia fer aquesta afirmaci\u00f3 si jo mateix no entenia els n\u00fameros que el tripartit ha donat. Jo li vaig [&hellip;]<\/p>\n","protected":false},"author":214,"featured_media":0,"comment_status":"open","ping_status":"open","sticky":false,"template":"","format":"standard","meta":{"_jetpack_memberships_contains_paid_content":false,"footnotes":"","jetpack_publicize_message":"","jetpack_publicize_feature_enabled":true,"jetpack_social_post_already_shared":false,"jetpack_social_options":{"image_generator_settings":{"template":"highway","default_image_id":0,"font":"","enabled":false},"version":2}},"categories":[1119,2940],"tags":[],"class_list":["post-1099","post","type-post","status-publish","format-standard","hentry","category-financament","category-mentides"],"jetpack_publicize_connections":[],"jetpack_featured_media_url":"","jetpack_shortlink":"https:\/\/wp.me\/pagkjs-hJ","jetpack-related-posts":[],"jetpack_sharing_enabled":true,"_links":{"self":[{"href":"https:\/\/blogs.avui.cat\/jaumepubill\/wp-json\/wp\/v2\/posts\/1099","targetHints":{"allow":["GET"]}}],"collection":[{"href":"https:\/\/blogs.avui.cat\/jaumepubill\/wp-json\/wp\/v2\/posts"}],"about":[{"href":"https:\/\/blogs.avui.cat\/jaumepubill\/wp-json\/wp\/v2\/types\/post"}],"author":[{"embeddable":true,"href":"https:\/\/blogs.avui.cat\/jaumepubill\/wp-json\/wp\/v2\/users\/214"}],"replies":[{"embeddable":true,"href":"https:\/\/blogs.avui.cat\/jaumepubill\/wp-json\/wp\/v2\/comments?post=1099"}],"version-history":[{"count":0,"href":"https:\/\/blogs.avui.cat\/jaumepubill\/wp-json\/wp\/v2\/posts\/1099\/revisions"}],"wp:attachment":[{"href":"https:\/\/blogs.avui.cat\/jaumepubill\/wp-json\/wp\/v2\/media?parent=1099"}],"wp:term":[{"taxonomy":"category","embeddable":true,"href":"https:\/\/blogs.avui.cat\/jaumepubill\/wp-json\/wp\/v2\/categories?post=1099"},{"taxonomy":"post_tag","embeddable":true,"href":"https:\/\/blogs.avui.cat\/jaumepubill\/wp-json\/wp\/v2\/tags?post=1099"}],"curies":[{"name":"wp","href":"https:\/\/api.w.org\/{rel}","templated":true}]}}