{"id":1090,"date":"2009-06-29T19:42:43","date_gmt":"2009-06-29T18:42:43","guid":{"rendered":"http:\/\/blogs.avui.cat\/jaumepubill\/2009\/06\/29\/toms-cacheiro-snchez-ja-t-pgina-web\/"},"modified":"2009-06-29T19:42:43","modified_gmt":"2009-06-29T18:42:43","slug":"toms-cacheiro-snchez-ja-t-pgina-web-2","status":"publish","type":"post","link":"https:\/\/blogs.avui.cat\/jaumepubill\/2009\/06\/29\/toms-cacheiro-snchez-ja-t-pgina-web-2\/","title":{"rendered":"Tom&#225;s Cacheiro S&#225;nchez ja t&#233; p&#224;gina web."},"content":{"rendered":"<p><img data-recalc-dims=\"1\" decoding=\"async\" src=\"https:\/\/i0.wp.com\/profile.ak.facebook.com\/v227\/883\/47\/n1574015526_1041.jpg\" \/> <a href=\"https:\/\/i0.wp.com\/blogs.avui.cat\/jaumepubill\/files\/2009\/06\/cacheirodandodecomeraunlagarto.jpg\"><img data-recalc-dims=\"1\" loading=\"lazy\" decoding=\"async\" border=\"0\" alt=\"Cacheiro dando de comer a un lagarto\" src=\"https:\/\/i0.wp.com\/blogs.avui.cat\/jaumepubill\/files\/2009\/06\/cacheirodandodecomeraunlagarto-thumb.jpg?resize=184%2C244\" width=\"184\" height=\"244\" \/><\/a> <\/p>\n<p>La n\u00e9ta del gran ceramista uruguai\u00e0 Tom\u00e1s Cacheiro ha obert una p\u00e0gina a Facebook amb el nom del seu avi. No sabeu pas com me n&#8217;alegro! Ja havia explicat en altres posts anteriors l&#8217;admiraci\u00f3 i l&#8217;estima que jo li tenia i crec que \u00e9s una bona eina per a donar a con\u00e8ixer la seva obra.<\/p>\n<p>L&#8217;adre\u00e7a d&#8217;aquesta p\u00e0gina \u00e9s la seg\u00fcent:<\/p>\n<p><a href=\"http:\/\/www.new.facebook.com\/tomascacheiro?ref=nf\">http:\/\/www.new.facebook.com\/tomascacheiro?ref=nf<\/a><\/p>\n<p>La seva n\u00e9ta Ana L\u00eda ens explica el que pret\u00e9n en obrir aquesta p\u00e0gina: <\/p>\n<p>&quot;P\u00e1gina creada con el objetivo de agrupar el material que todos tenemos por ah\u00ed&#8230;.con la sensaci\u00f3n continua de que algo nos hace falta, y que quiz\u00e1s esto nos llene un poco el vac\u00edo que dej\u00f3 tu partida. Para mi querido Apa.<\/p>\n<p>Ana Lia Mesa Cacheiro&quot;<\/p>\n<p>Aprofito l&#8217;ocasi\u00f3 per donar la not\u00edcia que el dia 11 de Juny es va presentar el llibre&#160; y que el programa de la presentaci\u00f3 duia el seg\u00fcent text:<\/p>\n<p>&#160;<\/p>\n<p><strong><font size=\"3\">&quot;Rescate de la Memoria Cer\u00e1mica en el Uruguay&quot;.<\/font><\/strong><\/p>\n<p>Se trata de una investigaci\u00f3n realizada por Mercedes Gonz\u00e1lez, Rosina Rubio, y Carmen Zorrilla, resultado de un proyecto subvencionado por los Fondos Concursables \/ Ministerio de Educaci\u00f3n y Cultura, en su edici\u00f3n 2008.<\/p>\n<p>Cinco ceramistas uruguayos son recordados a trav\u00e9s de su obra y de su vida.<\/p>\n<p>Gurvich y su escultura casi l\u00fadica, L\u00f3pez Lomba y su sabio tratamiento de las superficies esmaltadas, Eva D\u00edaz y su disfrute de lo imprevisto del Rak\u00fa, Cacheiro evocando a la naturaleza, Collell con su fusi\u00f3n de la c\u00e9ramica y la pintura, son los artistas seleccionados para este rescate de la memoria. Este trabajo se propone acercar a todos los uruguayos una parte de su patrimonio cultural, que revela una riqueza a\u00fan desconocida para la mayor\u00eda. De una forma amena pero rigurosa, estos grandes ceramistas se van revelando como seres humanos y como pioneros de un aspecto del arte nacional que se caracteriza por su calidad y su diversidad.<\/p>\n<p>Estos 1000 libros se distribuir\u00e1n gratuitamente en Centro Culturales: museos, bibliotecas, liceos, escuelas, etc., de nuestro pa\u00eds, buscando llegar a un p\u00fablico diverso.<\/p>\n<p>&#160;<\/p>\n<p>El proyecto original premiado por el MEC consist\u00eda en un libro de 80 p\u00e1ginas de las cuales 64 eran en una tinta y 16 a color.<\/p>\n<p>Gracias a la ayuda de las siguientes empresas y entidades hemos logrado hacer todo el libro en color.   <br \/>Ellas son: SEMM, Imprenta Imprimex, Escuela Superior de Cer\u00e1mica, Giorgio Carlevaro Laboratorio de cer\u00e1mica, Infantozzi Materiales, y Colectivo Cer\u00e1mica Uruguay.    <br \/>Colaboran con la difusi\u00f3n: MAPI, Museo Gurvich, Museo Torres Garc\u00eda, AgendArte, Arte y Dise\u00f1o y Montevideo Comm.<\/p>\n<p>&#160;<\/p>\n<p>Per acabar, fer constar que entre els 5 ceramistes hi ha un catal\u00e0, que va n\u00e9ixer a Vic i va anar a viure a l&#8217; Uruguai, on s&#8217;establ\u00ed. Es diu&#160; Josep Collell i es caracteritza per la fusi\u00f3 de la cer\u00e0mica i la pintura, amb l&#8217; \u00fas de l&#8217; engalba. Un altre dia ja en parlarem&#8230;<\/p>\n<p>&#160;<\/p>\n<div>Etiquetes de Technorati: <a href=\"http:\/\/technorati.com\/tags\/Cer%c3%a0mica\" rel=\"tag\">Cer&#224;mica<\/a>,<a href=\"http:\/\/technorati.com\/tags\/Uruguai\" rel=\"tag\">Uruguai<\/a>,<a href=\"http:\/\/technorati.com\/tags\/Tom%c3%a1s+Cacheiro\" rel=\"tag\">Tom&#225;s Cacheiro<\/a><\/div>\n","protected":false},"excerpt":{"rendered":"<p>La n\u00e9ta del gran ceramista uruguai\u00e0 Tom\u00e1s Cacheiro ha obert una p\u00e0gina a Facebook amb el nom del seu avi. No sabeu pas com me n&#8217;alegro! Ja havia explicat en altres posts anteriors l&#8217;admiraci\u00f3 i l&#8217;estima que jo li tenia i crec que \u00e9s una bona eina per a donar a con\u00e8ixer la seva obra. [&hellip;]<\/p>\n","protected":false},"author":214,"featured_media":0,"comment_status":"open","ping_status":"open","sticky":false,"template":"","format":"standard","meta":{"_jetpack_memberships_contains_paid_content":false,"footnotes":"","jetpack_publicize_message":"","jetpack_publicize_feature_enabled":true,"jetpack_social_post_already_shared":false,"jetpack_social_options":{"image_generator_settings":{"template":"highway","default_image_id":0,"font":"","enabled":false},"version":2}},"categories":[2944,2937],"tags":[],"class_list":["post-1090","post","type-post","status-publish","format-standard","hentry","category-ceramica","category-uruguai"],"jetpack_publicize_connections":[],"jetpack_featured_media_url":"","jetpack_shortlink":"https:\/\/wp.me\/pagkjs-hA","jetpack-related-posts":[],"jetpack_sharing_enabled":true,"_links":{"self":[{"href":"https:\/\/blogs.avui.cat\/jaumepubill\/wp-json\/wp\/v2\/posts\/1090","targetHints":{"allow":["GET"]}}],"collection":[{"href":"https:\/\/blogs.avui.cat\/jaumepubill\/wp-json\/wp\/v2\/posts"}],"about":[{"href":"https:\/\/blogs.avui.cat\/jaumepubill\/wp-json\/wp\/v2\/types\/post"}],"author":[{"embeddable":true,"href":"https:\/\/blogs.avui.cat\/jaumepubill\/wp-json\/wp\/v2\/users\/214"}],"replies":[{"embeddable":true,"href":"https:\/\/blogs.avui.cat\/jaumepubill\/wp-json\/wp\/v2\/comments?post=1090"}],"version-history":[{"count":0,"href":"https:\/\/blogs.avui.cat\/jaumepubill\/wp-json\/wp\/v2\/posts\/1090\/revisions"}],"wp:attachment":[{"href":"https:\/\/blogs.avui.cat\/jaumepubill\/wp-json\/wp\/v2\/media?parent=1090"}],"wp:term":[{"taxonomy":"category","embeddable":true,"href":"https:\/\/blogs.avui.cat\/jaumepubill\/wp-json\/wp\/v2\/categories?post=1090"},{"taxonomy":"post_tag","embeddable":true,"href":"https:\/\/blogs.avui.cat\/jaumepubill\/wp-json\/wp\/v2\/tags?post=1090"}],"curies":[{"name":"wp","href":"https:\/\/api.w.org\/{rel}","templated":true}]}}