{"id":1082,"date":"2009-06-13T14:07:48","date_gmt":"2009-06-13T13:07:48","guid":{"rendered":"http:\/\/blogs.avui.cat\/jaumepubill\/2009\/06\/13\/joan-sol-el-crac-que-hauria-de-fitxar-el-bara\/"},"modified":"2009-06-13T14:07:48","modified_gmt":"2009-06-13T13:07:48","slug":"joan-sol-el-crac-que-hauria-de-fitxar-el-bara-2","status":"publish","type":"post","link":"https:\/\/blogs.avui.cat\/jaumepubill\/2009\/06\/13\/joan-sol-el-crac-que-hauria-de-fitxar-el-bara-2\/","title":{"rendered":"Joan Sol&#224;: el crac que hauria de fitxar el Bar&#231;a!"},"content":{"rendered":"<p><img decoding=\"async\" src=\"http:\/\/tbn2.google.com\/images?q=tbn:MsGO5JmxiSOttM:http:\/\/www.escriptors.cat\/autors\/solaj\/porticg.jpg\" \/> <\/p>\n<p>Acabo d\u2019escoltar aquest v\u00eddeo<\/p>\n<p>&#160;<a href=\"http:\/\/www.vilaweb.tv\/?video=5707\">http:\/\/www.vilaweb.tv\/?video=5707<\/a><\/p>\n<p>on el professor Joan Sol\u00e0 i Cortassa parla del catal\u00e0. Crec que val la pena que l\u2019escoltem unes quantes vegades. Els que no enteneu el catal\u00e0 i que em llegiu habitualment, em perdonareu. Per\u00f2 aquest v\u00eddeo \u00e9s de les coses m\u00e9s aclaridores i importants que he escoltat darrerament.<\/p>\n<p>Joan Sol\u00e0 \u00e9s nascut a Bell-lloc d\u2019Urgell. Parla amb el mateix to que parlo jo. Quan l\u2019escolto, ressona dins meu el catal\u00e0 que he escoltat tota la vida i el dring del catal\u00e0 oriental que parlo jo. Ja m\u2019agradaria dir el que diu ell i de la manera com ho diu. Encara que l\u2019accent \u00e9s el que menys importa.<\/p>\n<p>Escolteu-ho, si us plau:<\/p>\n<p><a href=\"http:\/\/www.vilaweb.tv\/?video=5707\">http:\/\/www.vilaweb.tv\/?video=5707<\/a><\/p>\n<p>Mentre el Real\u00edsimo va fitxant gal\u00e0ctics (es veu que no n\u2019apr\u00e8n) nosaltres el que haur\u00edem de fer \u00e9s fitxar gent con el professor Sol\u00e0. A veure si d\u2019una vegada aprenem qu\u00e8 significa ser catal\u00e0, parlar-lo i ser sensible a una llengua i a tot el que significa. Vull dir que Joan Sol\u00e0 s\u00ed que \u00e9s un crac! Aquests fitxatges s\u00f3n els que hauria de fer Catalunya. Aquesta mena de gent s\u00f3n els que compten. Fan calladament la feina cada dia. No els escoltem prou. Nom\u00e9s surten als diaris quan els donen un premi, com en aquest cas. <\/p>\n<p>Aix\u00f2 s\u00ed que \u00e9s un crac que val tots els milions d\u2019 euros del m\u00f3n!<\/p>\n<p>&#160;<\/p>\n<div>Etiquetes de Technorati: <a href=\"http:\/\/technorati.com\/tags\/Joan+Sol%c3%a0\" rel=\"tag\">Joan Sol&#224;<\/a>,<a href=\"http:\/\/technorati.com\/tags\/Catalunya\" rel=\"tag\">Catalunya<\/a>,<a href=\"http:\/\/technorati.com\/tags\/Cultura\" rel=\"tag\">Cultura<\/a>,<a href=\"http:\/\/technorati.com\/tags\/Catal%c3%a0\" rel=\"tag\">Catal&#224;<\/a>,<a href=\"http:\/\/technorati.com\/tags\/Pla+d'+Urgell\" rel=\"tag\">Pla d&#8217; Urgell<\/a><\/div>\n","protected":false},"excerpt":{"rendered":"<p>Acabo d\u2019escoltar aquest v\u00eddeo &#160;http:\/\/www.vilaweb.tv\/?video=5707 on el professor Joan Sol\u00e0 i Cortassa parla del catal\u00e0. Crec que val la pena que l\u2019escoltem unes quantes vegades. Els que no enteneu el catal\u00e0 i que em llegiu habitualment, em perdonareu. Per\u00f2 aquest v\u00eddeo \u00e9s de les coses m\u00e9s aclaridores i importants que he escoltat darrerament. Joan Sol\u00e0 [&hellip;]<\/p>\n","protected":false},"author":214,"featured_media":0,"comment_status":"open","ping_status":"open","sticky":false,"template":"","format":"standard","meta":{"_jetpack_memberships_contains_paid_content":false,"footnotes":"","jetpack_publicize_message":"","jetpack_publicize_feature_enabled":true,"jetpack_social_post_already_shared":false,"jetpack_social_options":{"image_generator_settings":{"template":"highway","default_image_id":0,"font":"","enabled":false},"version":2}},"categories":[623,877,189,4651,4627],"tags":[],"class_list":["post-1082","post","type-post","status-publish","format-standard","hentry","category-catala","category-catalunya","category-cultura","category-joan-sola","category-pla-d-urgell"],"jetpack_publicize_connections":[],"jetpack_featured_media_url":"","jetpack_shortlink":"https:\/\/wp.me\/pagkjs-hs","jetpack-related-posts":[],"jetpack_sharing_enabled":true,"_links":{"self":[{"href":"https:\/\/blogs.avui.cat\/jaumepubill\/wp-json\/wp\/v2\/posts\/1082","targetHints":{"allow":["GET"]}}],"collection":[{"href":"https:\/\/blogs.avui.cat\/jaumepubill\/wp-json\/wp\/v2\/posts"}],"about":[{"href":"https:\/\/blogs.avui.cat\/jaumepubill\/wp-json\/wp\/v2\/types\/post"}],"author":[{"embeddable":true,"href":"https:\/\/blogs.avui.cat\/jaumepubill\/wp-json\/wp\/v2\/users\/214"}],"replies":[{"embeddable":true,"href":"https:\/\/blogs.avui.cat\/jaumepubill\/wp-json\/wp\/v2\/comments?post=1082"}],"version-history":[{"count":0,"href":"https:\/\/blogs.avui.cat\/jaumepubill\/wp-json\/wp\/v2\/posts\/1082\/revisions"}],"wp:attachment":[{"href":"https:\/\/blogs.avui.cat\/jaumepubill\/wp-json\/wp\/v2\/media?parent=1082"}],"wp:term":[{"taxonomy":"category","embeddable":true,"href":"https:\/\/blogs.avui.cat\/jaumepubill\/wp-json\/wp\/v2\/categories?post=1082"},{"taxonomy":"post_tag","embeddable":true,"href":"https:\/\/blogs.avui.cat\/jaumepubill\/wp-json\/wp\/v2\/tags?post=1082"}],"curies":[{"name":"wp","href":"https:\/\/api.w.org\/{rel}","templated":true}]}}