{"id":1076,"date":"2009-06-03T19:26:18","date_gmt":"2009-06-03T18:26:18","guid":{"rendered":"http:\/\/blogs.avui.cat\/jaumepubill\/2009\/06\/03\/qui-s-catal\/"},"modified":"2009-06-03T19:26:18","modified_gmt":"2009-06-03T18:26:18","slug":"qui-s-catal-2","status":"publish","type":"post","link":"https:\/\/blogs.avui.cat\/jaumepubill\/2009\/06\/03\/qui-s-catal-2\/","title":{"rendered":"Qui &#233;s catal&#224;?"},"content":{"rendered":"<p><img data-recalc-dims=\"1\" decoding=\"async\" src=\"https:\/\/i0.wp.com\/www.victoralexandre.cat\/images\/stories\/llibres\/nosaltres_els_catalans.jpg\" \/>   <\/p>\n<p>Aquesta pregunta ens la fem permanentment des de fa anys. Respostes? Tantes com vulgueu. Quina \u00e9s la bona? No ho s\u00e9. Deu ser dif\u00edcil saber-ho i sempre s\u2019haur\u00e0 de tenir en compte la cara del prisma des d\u2019on es respon.<\/p>\n<p>La meva resposta \u00e9s clara: \u00e9s catal\u00e0 aquell que vol ser-ho. Ni m\u00e9s ni menys. Per\u00f2 justament aqu\u00ed hi ha la dificultat. Alguns par\u00e0metres hi deu haver per poder respondre, no? En alguna cosa ens haurem de basar, no?. Tot el que vulgueu: per\u00f2 en el fons tot rau en la voluntat, en el desig i en la sensibilitat. Perqu\u00e8 no n\u2019hi ha prou del fet d\u2019haver nascut a Catalunya, de treballar-hi, o de fer molts anys en que s\u2019hi viu. Aix\u00f2 no vol dir res. El que \u00e9s essencial, penso jo \u00e9s estimar-se Catalunya i voler ser catal\u00e0.<\/p>\n<p>Els catalans amb els que parla V\u00edctor Alexandre en el seu llibre tenen tants trets de catalanitat que no els fa dubtosos de res. Tots ells s\u00f3n persones integrades en una societat, estimen i valoren una cultura, parlen una llengua, etc&#160; S\u00f3n el que en podr\u00edem dir exemplars. Ells no han nascut a Catalunya, per\u00f2 hi viuen i se l\u2019estimen.<\/p>\n<p>Aquest tema m\u2019ha vingut al cap a rel de l\u2019 \u00ednclit Alejo Vidal Quadras. Escoltant el que diu i el que proposa \u00e9s evident que no \u00e9s catal\u00e0. Perqu\u00e8 no en vol ser ni se\u2019n sent. I tamb\u00e9 em d\u00f3na voltes al cap de fa dies el tema de com s\u2019ha de fer una bona acollida d\u2019immigrants per tal de fer una m\u00e9s f\u00e0cil integraci\u00f3 aquells que vulguin fer-la.<\/p>\n<p>No ser\u00e9 pas jo qui doni carnets de catalanitat ni qui doni solucions. Per\u00f2 s\u00ed que penso que \u00e9s un tema suficientment important com perqu\u00e8 s\u2019estudi\u00ef b\u00e9, es consensu\u00ef i s\u2019apliqui urgentment si volem salvar la llengua i, en definitiva, salvar Catalunya. Hi han models en un fotimer de pa\u00efsos i potser tampoc ens caldria inventar la sopa d\u2019all.<\/p>\n<div>Etiquetes de Technorati: <a href=\"http:\/\/technorati.com\/tags\/Catalunya\" rel=\"tag\">Catalunya<\/a>,<a href=\"http:\/\/technorati.com\/tags\/Emigraci%c3%b3\" rel=\"tag\">Emigraci&#243;<\/a>,<a href=\"http:\/\/technorati.com\/tags\/Catal%c3%a0\" rel=\"tag\">Catal&#224;<\/a><\/div>\n","protected":false},"excerpt":{"rendered":"<p>Aquesta pregunta ens la fem permanentment des de fa anys. Respostes? Tantes com vulgueu. Quina \u00e9s la bona? No ho s\u00e9. Deu ser dif\u00edcil saber-ho i sempre s\u2019haur\u00e0 de tenir en compte la cara del prisma des d\u2019on es respon. La meva resposta \u00e9s clara: \u00e9s catal\u00e0 aquell que vol ser-ho. Ni m\u00e9s ni menys. [&hellip;]<\/p>\n","protected":false},"author":214,"featured_media":0,"comment_status":"open","ping_status":"open","sticky":false,"template":"","format":"standard","meta":{"_jetpack_memberships_contains_paid_content":false,"footnotes":"","jetpack_publicize_message":"","jetpack_publicize_feature_enabled":true,"jetpack_social_post_already_shared":false,"jetpack_social_options":{"image_generator_settings":{"template":"highway","default_image_id":0,"font":"","enabled":false},"version":2}},"categories":[623,877,1960],"tags":[],"class_list":["post-1076","post","type-post","status-publish","format-standard","hentry","category-catala","category-catalunya","category-emigracio"],"jetpack_publicize_connections":[],"jetpack_featured_media_url":"","jetpack_shortlink":"https:\/\/wp.me\/pagkjs-hm","jetpack-related-posts":[],"jetpack_sharing_enabled":true,"_links":{"self":[{"href":"https:\/\/blogs.avui.cat\/jaumepubill\/wp-json\/wp\/v2\/posts\/1076","targetHints":{"allow":["GET"]}}],"collection":[{"href":"https:\/\/blogs.avui.cat\/jaumepubill\/wp-json\/wp\/v2\/posts"}],"about":[{"href":"https:\/\/blogs.avui.cat\/jaumepubill\/wp-json\/wp\/v2\/types\/post"}],"author":[{"embeddable":true,"href":"https:\/\/blogs.avui.cat\/jaumepubill\/wp-json\/wp\/v2\/users\/214"}],"replies":[{"embeddable":true,"href":"https:\/\/blogs.avui.cat\/jaumepubill\/wp-json\/wp\/v2\/comments?post=1076"}],"version-history":[{"count":0,"href":"https:\/\/blogs.avui.cat\/jaumepubill\/wp-json\/wp\/v2\/posts\/1076\/revisions"}],"wp:attachment":[{"href":"https:\/\/blogs.avui.cat\/jaumepubill\/wp-json\/wp\/v2\/media?parent=1076"}],"wp:term":[{"taxonomy":"category","embeddable":true,"href":"https:\/\/blogs.avui.cat\/jaumepubill\/wp-json\/wp\/v2\/categories?post=1076"},{"taxonomy":"post_tag","embeddable":true,"href":"https:\/\/blogs.avui.cat\/jaumepubill\/wp-json\/wp\/v2\/tags?post=1076"}],"curies":[{"name":"wp","href":"https:\/\/api.w.org\/{rel}","templated":true}]}}