{"id":107,"date":"2008-11-16T14:12:52","date_gmt":"2008-11-16T14:12:52","guid":{"rendered":"http:\/\/blogs.avui.cat\/jaumepubill\/2008\/11\/16\/tomas-cacheiro\/"},"modified":"2008-12-23T22:49:41","modified_gmt":"2008-12-23T22:49:41","slug":"tomas-cacheiro","status":"publish","type":"post","link":"https:\/\/blogs.avui.cat\/jaumepubill\/2008\/11\/16\/tomas-cacheiro\/","title":{"rendered":"Tom\u00e0s Cacheiro"},"content":{"rendered":"<p><img data-recalc-dims=\"1\" loading=\"lazy\" decoding=\"async\" width=\"320\" src=\"https:\/\/i0.wp.com\/1.bp.blogspot.com\/_zjWZlCuhS_k\/SScnctcpgUI\/AAAAAAAANAk\/LbWgfg49DVc\/s320\/Tres%2Bpiezas%2Bde%2BCacheiro%2B%281980%2C1980%2C1983%29.JPG?resize=320%2C239\" height=\"239\" \/>Segurament que aquest nom no us sonar\u00e0 de res a la majoria. No \u00e9s estrany. Per\u00f2 avui us el vull presentar.Tom\u00e1s Cacheiro era un artista uruguai\u00e0. Professor de dibuix i d&#8217; hist\u00f2ria de l&#8217; art. I els darrers anys de la seva vida, tamb\u00e9 ceramista. Va dedicar-se plenament a la cer\u00e0mica quan la dictadura li va prohibir fer de professor i el va fer fora del Liceu on educava.<br \/>\nI dic b\u00e9: EDUCAVA. No nom\u00e9s ensenyava dibuix i donava classes d&#8217;art. Era un home que educava en tots els sentits de la paraula. Les seves classes estaven sempre plenes d&#8217;alumnes. Mai passava llista, per\u00f2 a les seves classes no hi faltava ning\u00fa. A vegades hi anaven alumnes d&#8217;altres classes pel pur plaer del gaudi. Per fruir amb les seves explicacions.Les seves paraules sempre estaven plenes d&#8217;ironia i d&#8217;humor. Humor del fi i ironia de la fina. Parlava baixet, amb grans pauses. Com si pens\u00e9s el que anava a dir. Per\u00f2 una vegada engegava, no parava. Era un home de gran intel\u00b7lig\u00e8ncia i gran agudesa mental. Un analista de la realitat d&#8217;aquells tan fins.<br \/>\nJo vaig tenir el plaer de con\u00e8ixer-lo i tractar-lo quan ja no donava classes i nom\u00e9s es dedicava a la cer\u00e0mica. Se&#8217;n va anar a viure vora el riu Cebollat\u00ed. Tant a prop del riu, que quan creixia havia de deixar corrent i de pressa casa seva. Moltes vegades se li havia inundat el taller. Va comen\u00e7ar investigant amb el mateix fang que recollia del riu i fent escultures amb arrels i troncs que recollia a vora l&#8217;aigua. All\u00e0, vora el riu i sota un arbre f\u00e8iem petar la xerrada amb un grup d&#8217;amics tot prenent mate i fent &#8220;asados&#8221; inolvidables&#8230;<br \/>\nAra, un grup de ceramistes uruguaiencs (m&#8217;ho ha fet saber la ceramista Rosina Rubio) han decidit fer un estudi reivindicatiu de 5 figures que ells creuen importants en el panorama art\u00edstic uruguaienc. Tom\u00e0s Cacheiro hi \u00e9s.I penso que hi \u00e9s amb tots els honors i amb tot el m\u00e8rit.<br \/>\nTamb\u00e9 all\u00e0 recobren la mem\u00f2ria hist\u00f2rica. Endavant i manteniu-nos informats.Hem afegit, entre els blogs amics, la plana web d&#8217;aquests ceramistes. La trobareu aqu\u00ed al costat.<a href=\"https:\/\/i0.wp.com\/blogs.avui.cat\/jaumepubill\/files\/2008\/11\/cacheir1.jpg\" title=\"cacheir1.jpg\"><img data-recalc-dims=\"1\" decoding=\"async\" src=\"https:\/\/i0.wp.com\/blogs.avui.cat\/jaumepubill\/files\/2008\/11\/cacheir1.jpg\" alt=\"cacheir1.jpg\" \/><\/a><a href=\"https:\/\/i0.wp.com\/blogs.avui.cat\/jaumepubill\/files\/2008\/11\/cacheiro01.jpg\" title=\"cacheiro01.jpg\"><img data-recalc-dims=\"1\" decoding=\"async\" src=\"https:\/\/i0.wp.com\/blogs.avui.cat\/jaumepubill\/files\/2008\/11\/cacheiro01.jpg\" alt=\"cacheiro01.jpg\" \/><\/a><\/p>\n","protected":false},"excerpt":{"rendered":"<p>Segurament que aquest nom no us sonar\u00e0 de res a la majoria. No \u00e9s estrany. Per\u00f2 avui us el vull presentar.Tom\u00e1s Cacheiro era un artista uruguai\u00e0. Professor de dibuix i d&#8217; hist\u00f2ria de l&#8217; art. I els darrers anys de la seva vida, tamb\u00e9 ceramista. Va dedicar-se plenament a la cer\u00e0mica quan la dictadura li [&hellip;]<\/p>\n","protected":false},"author":214,"featured_media":0,"comment_status":"open","ping_status":"open","sticky":false,"template":"","format":"standard","meta":{"_jetpack_memberships_contains_paid_content":false,"footnotes":"","jetpack_publicize_message":"","jetpack_publicize_feature_enabled":true,"jetpack_social_post_already_shared":false,"jetpack_social_options":{"image_generator_settings":{"template":"highway","default_image_id":0,"font":"","enabled":false},"version":2}},"categories":[2944],"tags":[31914,2945],"class_list":["post-107","post","type-post","status-publish","format-standard","hentry","category-ceramica","tag-ceramica","tag-tomas-cacheiro"],"jetpack_publicize_connections":[],"jetpack_featured_media_url":"","jetpack_shortlink":"https:\/\/wp.me\/pagkjs-1J","jetpack-related-posts":[],"jetpack_sharing_enabled":true,"_links":{"self":[{"href":"https:\/\/blogs.avui.cat\/jaumepubill\/wp-json\/wp\/v2\/posts\/107","targetHints":{"allow":["GET"]}}],"collection":[{"href":"https:\/\/blogs.avui.cat\/jaumepubill\/wp-json\/wp\/v2\/posts"}],"about":[{"href":"https:\/\/blogs.avui.cat\/jaumepubill\/wp-json\/wp\/v2\/types\/post"}],"author":[{"embeddable":true,"href":"https:\/\/blogs.avui.cat\/jaumepubill\/wp-json\/wp\/v2\/users\/214"}],"replies":[{"embeddable":true,"href":"https:\/\/blogs.avui.cat\/jaumepubill\/wp-json\/wp\/v2\/comments?post=107"}],"version-history":[{"count":0,"href":"https:\/\/blogs.avui.cat\/jaumepubill\/wp-json\/wp\/v2\/posts\/107\/revisions"}],"wp:attachment":[{"href":"https:\/\/blogs.avui.cat\/jaumepubill\/wp-json\/wp\/v2\/media?parent=107"}],"wp:term":[{"taxonomy":"category","embeddable":true,"href":"https:\/\/blogs.avui.cat\/jaumepubill\/wp-json\/wp\/v2\/categories?post=107"},{"taxonomy":"post_tag","embeddable":true,"href":"https:\/\/blogs.avui.cat\/jaumepubill\/wp-json\/wp\/v2\/tags?post=107"}],"curies":[{"name":"wp","href":"https:\/\/api.w.org\/{rel}","templated":true}]}}