{"id":1045,"date":"2009-04-13T21:38:38","date_gmt":"2009-04-13T20:38:38","guid":{"rendered":"http:\/\/blogs.avui.cat\/jaumepubill\/2009\/04\/13\/repblica-espanyola-un-oxmoron\/"},"modified":"2009-04-13T21:38:38","modified_gmt":"2009-04-13T20:38:38","slug":"repblica-espanyola-un-oxmoron-2","status":"publish","type":"post","link":"https:\/\/blogs.avui.cat\/jaumepubill\/2009\/04\/13\/repblica-espanyola-un-oxmoron-2\/","title":{"rendered":"Rep&#250;blica espanyola: un ox&#237;moron?"},"content":{"rendered":"<p><b><img decoding=\"async\" src=\"http:\/\/tbn3.google.com\/images?q=tbn:nOD7O76yRDycVM:http:\/\/www.fco.cat\/files\/imatges\/Butlleti%2520104\/Estelada.png\" \/> <\/b><\/p>\n<p><b>Jordi Benplantat em contesta un post del dia 12 d\u2019aquest mes d\u2019abril que portava com a t\u00edtol: \u201cCap a una tercera rep\u00fablica?\u201d, amb els seg\u00fcents termes:<\/b><\/p>\n<p><a href=\"http:\/\/BCN\">Jordi Benplantat<img data-recalc-dims=\"1\" decoding=\"async\" src=\"https:\/\/i0.wp.com\/i.ixnp.com\/images\/v3.76\/t.gif\" \/><\/a><em>en 12 Abr 2009 en 22:26<\/em><a href=\"http:\/\/blogs.avui.cat\/#comment-9579\">2<\/a><\/p>\n<p>aix\u00f3 de \u201crepublica espanyola\u201d es un oximoron, oi?    <br \/>A mi m\u2019es indiferent si es republica bananera o monarquia taronjera, si es \u201cespanyola\u201d no m\u2019interesa. Aix\u00f3 ja ho hem vist.<\/p>\n<p>Volia aclarir algunes coses:<\/p>\n<p>1.- No \u00e9s un ox\u00edmoron. Fa servir un terme molt culte per\u00f2 que a mi no em sembla que correspongui en aquest lloc. \u201cOx\u00edmoron\u201d, segons el diccionari, \u00e9s \u201cun procediment gramatical consistent a unir dues paraules aparentment contradict\u00f2ries, per conferir un car\u00e0cter inesperat a l&#8217;expressi\u00f3 d&#8217;una idea\u201d. Els mots \u201cRep\u00fablica\u201d i \u201cespanyola\u201d no veig per enlloc que siguin contradictoris. Ni tan sols aparentment contradict\u00f2ries. Ja ha existit. Jo acceptaria una Federaci\u00f3 de Rep\u00fabliques Ib\u00e8riques, una Rep\u00fablica Catalana i fins i tot acceptaria una Rep\u00fablica, purament i simple. Ja haur\u00edem avan\u00e7at un bon tros\u2026<\/p>\n<p>2. Confesso per endavant que no s\u00e9 gaire hist\u00f2ria. Per\u00f2 \u00e9s que en aquest cas jo no volia parlar d\u2019hist\u00f2ria. Simplement volia parlar d\u2019una realitat que es va donar a Catalunya, Espanya, Federacions de Rep\u00fabliques Ib\u00e8riques (o com vulgueu di-ho) i que va fer que les coses canviessin i s\u2019establissin novetats en la pol\u00edtica espanyola i, de retruc, en la catalana. Que la cosa no va durar i no va acabar b\u00e9\u2026. doncs ja ho sabem.<\/p>\n<p>3.- A mi m\u2019agradaria prou que Catalunya fos independent. Per\u00f2 les coses s\u00f3n com s\u00f3n. La qual cosa no vol dir que no h\u00e0gim de fer el que bonament pugui cadasc\u00fa. Per\u00f2 tamb\u00e9 he de dir que si jo em sent\u00eds respectat, tractat amb igualtat, escoltat per govern d\u2019Espanya, potser tampoc el somnis anirien tan lluny\u2026 i demanaria certes coses. Per\u00f2 el cert \u00e9s que em sento enganyat, tractat injustament, espoliat, sense vot ni veu per a res. Per tant, tinc dret a demanar un altre estat de coses per a mi i per al meu pa\u00eds.<\/p>\n<p>4.- Cada vegada confio menys en els partits pol\u00edtics. En tots. Reconec que en tots els llocs hi ha gent de bona fe i gent prou v\u00e0lida. Per\u00f2 ens han estat prometent tantes coses, xerren tant, i ens respecten tan poc\u2026 que ja ni els faig cas. Ja no hi confiava gaire per\u00f2 ara he deixat de confiar-hi del tot. A no ser que surtin nous partits rejovenits i renovats i que vulguin canviar de veritat les coses. Dels que hi ha no me\u2019n serveix cap. I m\u2019avergonyeixo del meu Govern i del meu President pel poc dignes que els considero. I pel poc que defensen Catalunya.<\/p>\n<p>5.- Em deceben moltes coses per\u00f2 em segueixen esperan\u00e7at moltes altres. El m\u00f3n es renova constantment i estic segur que de tot plegat en sortir\u00e0 alguna cosa nova i potser una nova realitat pol\u00edtica. Per qu\u00e8 no?<\/p>\n<div>Etiquetes de Technorati: <a href=\"http:\/\/technorati.com\/tags\/Catalunya\" rel=\"tag\">Catalunya<\/a>,<a href=\"http:\/\/technorati.com\/tags\/Espanya\" rel=\"tag\">Espanya<\/a>,<a href=\"http:\/\/technorati.com\/tags\/Pol%c3%adtica\" rel=\"tag\">Pol&#237;tica<\/a>,<a href=\"http:\/\/technorati.com\/tags\/Rep%c3%bablica\" rel=\"tag\">Rep&#250;blica<\/a><\/div>\n","protected":false},"excerpt":{"rendered":"<p>Jordi Benplantat em contesta un post del dia 12 d\u2019aquest mes d\u2019abril que portava com a t\u00edtol: \u201cCap a una tercera rep\u00fablica?\u201d, amb els seg\u00fcents termes: Jordi Benplantaten 12 Abr 2009 en 22:262 aix\u00f3 de \u201crepublica espanyola\u201d es un oximoron, oi? A mi m\u2019es indiferent si es republica bananera o monarquia taronjera, si es \u201cespanyola\u201d [&hellip;]<\/p>\n","protected":false},"author":214,"featured_media":0,"comment_status":"open","ping_status":"open","sticky":false,"template":"","format":"standard","meta":{"_jetpack_memberships_contains_paid_content":false,"footnotes":"","jetpack_publicize_message":"","jetpack_publicize_feature_enabled":true,"jetpack_social_post_already_shared":false,"jetpack_social_options":{"image_generator_settings":{"template":"highway","default_image_id":0,"font":"","enabled":false},"version":2}},"categories":[877,1296,172,452],"tags":[],"class_list":["post-1045","post","type-post","status-publish","format-standard","hentry","category-catalunya","category-espana","category-politica","category-republica"],"jetpack_publicize_connections":[],"jetpack_featured_media_url":"","jetpack_shortlink":"https:\/\/wp.me\/pagkjs-gR","jetpack-related-posts":[],"jetpack_sharing_enabled":true,"_links":{"self":[{"href":"https:\/\/blogs.avui.cat\/jaumepubill\/wp-json\/wp\/v2\/posts\/1045","targetHints":{"allow":["GET"]}}],"collection":[{"href":"https:\/\/blogs.avui.cat\/jaumepubill\/wp-json\/wp\/v2\/posts"}],"about":[{"href":"https:\/\/blogs.avui.cat\/jaumepubill\/wp-json\/wp\/v2\/types\/post"}],"author":[{"embeddable":true,"href":"https:\/\/blogs.avui.cat\/jaumepubill\/wp-json\/wp\/v2\/users\/214"}],"replies":[{"embeddable":true,"href":"https:\/\/blogs.avui.cat\/jaumepubill\/wp-json\/wp\/v2\/comments?post=1045"}],"version-history":[{"count":0,"href":"https:\/\/blogs.avui.cat\/jaumepubill\/wp-json\/wp\/v2\/posts\/1045\/revisions"}],"wp:attachment":[{"href":"https:\/\/blogs.avui.cat\/jaumepubill\/wp-json\/wp\/v2\/media?parent=1045"}],"wp:term":[{"taxonomy":"category","embeddable":true,"href":"https:\/\/blogs.avui.cat\/jaumepubill\/wp-json\/wp\/v2\/categories?post=1045"},{"taxonomy":"post_tag","embeddable":true,"href":"https:\/\/blogs.avui.cat\/jaumepubill\/wp-json\/wp\/v2\/tags?post=1045"}],"curies":[{"name":"wp","href":"https:\/\/api.w.org\/{rel}","templated":true}]}}