{"id":1035,"date":"2009-03-28T13:24:36","date_gmt":"2009-03-28T12:24:36","guid":{"rendered":"http:\/\/blogs.avui.cat\/jaumepubill\/2009\/03\/28\/frum-ondara-una-part-de-lesglsia-de-solsona\/"},"modified":"2009-03-28T13:24:36","modified_gmt":"2009-03-28T12:24:36","slug":"frum-ondara-una-part-de-lesglsia-de-solsona-2","status":"publish","type":"post","link":"https:\/\/blogs.avui.cat\/jaumepubill\/2009\/03\/28\/frum-ondara-una-part-de-lesglsia-de-solsona-2\/","title":{"rendered":"F&#242;rum ONDARA: Una part de l&#8217;esgl&#233;sia de Solsona."},"content":{"rendered":"<p><img loading=\"lazy\" decoding=\"async\" src=\"http:\/\/tbn0.google.com\/images?q=tbn:h09IjlVhT0LU4M:http:\/\/3.bp.blogspot.com\/_0MyZCFh0XEA\/RnN7JfsIdKI\/AAAAAAAAACg\/tayTglHyZbU\/s320\/02-+El+Pont+i+la+Catedral+de+Solsona+(Oli+50x61)).JPG\" width=\"208\" height=\"172\" \/> <\/p>\n<p>Pont i catedral de Solsona. Pintura de Jaume Adam<\/p>\n<p>&#8212;&#8212;&#8212;&#8212;&#8212;&#8212;&#8212;&#8212;&#8212;&#8212;&#8212;&#8212;&#8212;&#8212;&#8212;&#8212;&#8212;&#8212;&#8212;&#8212;&#8212;&#8212;&#8212;&#8212;&#8212;&#8212;&#8212;&#8212;&#8212;&#8212;-<\/p>\n<p>Parlar de l\u2019 esgl\u00e9sia \u00e9s f\u00e0cil. Parlar-ne b\u00e9, ja no ho \u00e9s tant. L\u2019esgl\u00e9sia mateix d\u00f3na prous motius per a que la gent \u2013sigui cristiana o no- sigui cr\u00edtica. El dret el tenim. Per\u00f2 tamb\u00e9 el deure d\u2019opinar.<\/p>\n<p>Per sort, hi han bisbes, capellans i laics que se senten lliures per dir el que els sembla. \u00c9s la mateixa llibertat de fills de D\u00e9u que els fa dir el que pensen. Els F\u00f2rum Ondara \u00e9s un d\u2019aquests espais de llibertat on s\u2019expressa lliurament opinions sobre l\u2019esgl\u00e9sia, sobretot, per\u00f2 tamb\u00e9 sobre altres aspectes de la vida.<\/p>\n<p>Si hom entra en la seva p\u00e0gina web&#160; <a href=\"http:\/\/ondara.galeon.com\/\">http:\/\/ondara.galeon.com\/<\/a> es podr\u00e0 veure que les seves reflexions s\u00f3n profundes i assenyades.<\/p>\n<p>\u201cEl F\u00f2rum Ondara \u00e9s un espai obert a tots els capellans del Bisbat de Solsona on ens trobem amb freq\u00fc\u00e8ncia per tal d&#8217;ajudar-nos m\u00fatuament en la tasca engrescadora d&#8217;anunciar l&#8217;evangeli de Jes\u00fas, tot exercint la llibertat de reflexionar i opinar sobre l&#8217;esgl\u00e9sia i sobre el m\u00f3n amb un esperit de comuni\u00f3 amb tota l&#8217;esgl\u00e9sia i amb tota la humanitat a la qual pretenem servir. Una comuni\u00f3 que no vol ni pot ser uniformitat, sin\u00f3 una sola fe en la difer\u00e8ncia i en la pluralitat, com sempre s\u00f3n els dons de l&#8217;Esperit de D\u00e9u.<\/p>\n<p>Ens sentim vius i volem ser presents en el cam\u00ed de l&#8217;inici del tercer mil\u00b7lenni, partint de l&#8217;experi\u00e8ncia d&#8217;un passat esperan\u00e7ador, despr\u00e9s d&#8217;haver fru\u00eft de l&#8217;esperan\u00e7a que ens va brindar el Concili Vatic\u00e0 II, malgrat els intents regressius dels darrers anys.<\/p>\n<p>Volem mantenir-nos actius en les noves circumst\u00e0ncies, sempre immersos amb aquells que lluiten per la renovaci\u00f3, idea que nosaltres tenim plasmada en el document dioces\u00e0 <i>&quot;La Reconversi\u00f3 Missionera&quot;<\/i>.<\/p>\n<p>Ara que s\u2019apropa el temps de les primeres comunions constaten que fa basca com la gent viuen aquests esdeveniments. Que el 80% \u00e9s com\u00e8dia.<\/p>\n<p>Que cal, en concret amb els pares dels nens de Primera Comuni\u00f3, explicar-los-hi que el que faran els seus fills no \u00e9s una an\u00e8cdota sin\u00f3 que \u00e9s el fonament de la nostra esperan\u00e7a. Es diu tamb\u00e9 que no \u00e9s com\u00e8dia el que fan sin\u00f3 ignor\u00e0ncia profunda del que \u00e9s la Primera Comuni\u00f3 i el cristianisme en general, i es queden en all\u00f2 que es veu i es ven.<\/p>\n<p>&#160;<\/p>\n<\/p>\n<div>Etiquetes de Technorati: <a href=\"http:\/\/technorati.com\/tags\/Esgl%c3%a9sia\" rel=\"tag\">Esgl&#233;sia<\/a>,<a href=\"http:\/\/technorati.com\/tags\/Religi%c3%b3\" rel=\"tag\">Religi&#243;<\/a><\/div>\n","protected":false},"excerpt":{"rendered":"<p>Pont i catedral de Solsona. Pintura de Jaume Adam &#8212;&#8212;&#8212;&#8212;&#8212;&#8212;&#8212;&#8212;&#8212;&#8212;&#8212;&#8212;&#8212;&#8212;&#8212;&#8212;&#8212;&#8212;&#8212;&#8212;&#8212;&#8212;&#8212;&#8212;&#8212;&#8212;&#8212;&#8212;&#8212;&#8212;- Parlar de l\u2019 esgl\u00e9sia \u00e9s f\u00e0cil. Parlar-ne b\u00e9, ja no ho \u00e9s tant. L\u2019esgl\u00e9sia mateix d\u00f3na prous motius per a que la gent \u2013sigui cristiana o no- sigui cr\u00edtica. El dret el tenim. Per\u00f2 tamb\u00e9 el deure d\u2019opinar. Per sort, hi han bisbes, capellans i [&hellip;]<\/p>\n","protected":false},"author":214,"featured_media":0,"comment_status":"open","ping_status":"open","sticky":false,"template":"","format":"standard","meta":{"_jetpack_memberships_contains_paid_content":false,"footnotes":"","jetpack_publicize_message":"","jetpack_publicize_feature_enabled":true,"jetpack_social_post_already_shared":false,"jetpack_social_options":{"image_generator_settings":{"template":"highway","default_image_id":0,"font":"","enabled":false},"version":2}},"categories":[666],"tags":[31820],"class_list":["post-1035","post","type-post","status-publish","format-standard","hentry","category-religio","tag-esglesia"],"jetpack_publicize_connections":[],"jetpack_featured_media_url":"","jetpack_shortlink":"https:\/\/wp.me\/pagkjs-gH","jetpack-related-posts":[],"jetpack_sharing_enabled":true,"_links":{"self":[{"href":"https:\/\/blogs.avui.cat\/jaumepubill\/wp-json\/wp\/v2\/posts\/1035","targetHints":{"allow":["GET"]}}],"collection":[{"href":"https:\/\/blogs.avui.cat\/jaumepubill\/wp-json\/wp\/v2\/posts"}],"about":[{"href":"https:\/\/blogs.avui.cat\/jaumepubill\/wp-json\/wp\/v2\/types\/post"}],"author":[{"embeddable":true,"href":"https:\/\/blogs.avui.cat\/jaumepubill\/wp-json\/wp\/v2\/users\/214"}],"replies":[{"embeddable":true,"href":"https:\/\/blogs.avui.cat\/jaumepubill\/wp-json\/wp\/v2\/comments?post=1035"}],"version-history":[{"count":0,"href":"https:\/\/blogs.avui.cat\/jaumepubill\/wp-json\/wp\/v2\/posts\/1035\/revisions"}],"wp:attachment":[{"href":"https:\/\/blogs.avui.cat\/jaumepubill\/wp-json\/wp\/v2\/media?parent=1035"}],"wp:term":[{"taxonomy":"category","embeddable":true,"href":"https:\/\/blogs.avui.cat\/jaumepubill\/wp-json\/wp\/v2\/categories?post=1035"},{"taxonomy":"post_tag","embeddable":true,"href":"https:\/\/blogs.avui.cat\/jaumepubill\/wp-json\/wp\/v2\/tags?post=1035"}],"curies":[{"name":"wp","href":"https:\/\/api.w.org\/{rel}","templated":true}]}}