{"id":1029,"date":"2009-03-16T20:11:12","date_gmt":"2009-03-16T19:11:12","guid":{"rendered":"http:\/\/blogs.avui.cat\/jaumepubill\/2009\/03\/16\/quod-natura-non-dat-salmantica-non-praestat\/"},"modified":"2009-03-16T20:11:12","modified_gmt":"2009-03-16T19:11:12","slug":"quod-natura-non-dat-salmantica-non-praestat-2","status":"publish","type":"post","link":"https:\/\/blogs.avui.cat\/jaumepubill\/2009\/03\/16\/quod-natura-non-dat-salmantica-non-praestat-2\/","title":{"rendered":"&#8220;Quod natura non dat, Salmantica non praestat&#8221;."},"content":{"rendered":"<p>&#160;<img data-recalc-dims=\"1\" loading=\"lazy\" decoding=\"async\" height=\"314\" src=\"https:\/\/i0.wp.com\/www.loreto.unican.es\/ZSalamanca73\/SinaturanodaSal.jpeg?resize=440%2C314\" width=\"440\" \/><\/p>\n<p><strong>All\u00f2 que la naturalesa no d\u00f3na, (la Universitat) Salamanca no ho concedeix.<\/strong><\/p>\n<p>He recordat aquesta frase avui, quan uns companys de feina m\u2019han dit que anaven a Salamanca a un seminari, un congr\u00e9s o alguna cosa semblant. He de dir, per endavant, que aquest comentari no va per a ells. Vol ser una reflexi\u00f3, un comentari en general, sobre el m\u00f3n de la universitat i dels estudis i la seva relaci\u00f3 amb la vida laboral i de la vida en general.<\/p>\n<p>M\u2019ha fet recordar un professor que vaig tenir, que tenia la mania d\u2019anar distribuint els millors alumnes a universitats famoses. Deia: tu anir\u00e0s a Roma; tu, a Salamanca; tu, a Comilles; tu a la Sorbona\u2026 i aix\u00ed anava predint el futur dels millors estudiants. La veritat \u00e9s que en va endevinar ben pocs futurs i tots hem fet el que hem pogut a la vida sense anar a grans universitats. Per dir-ho d\u2019una altra manera: la millor universitat \u00e9s la vida mateixa i, en definitiva, \u00e9s la que millor ensenya.<\/p>\n<p>Aquesta frase llatina, de totes maners, considero que \u00e9s prou profunda i ens diu tota una colla de coses que voldria comentar:<\/p>\n<p>1. Quan no hi ha fusta, pocs mobles farem. Si no hi ha base, ja podem fer. Si hom no t\u00e9 un m\u00ednim d\u2019intel\u00b7lig\u00e8ncia, ja podem anar estudiant tant com vulguem i ja podem anar a les universitats m\u00e9s prestigioses i ja podem fer tants cursos com vulguem: serem tan rucs com al principi.<\/p>\n<p>2. Les persones m\u00e9s intel\u00b7ligents no s\u00f3n les que han estudiat m\u00e9s ni s\u00f3n aquelles que tenen m\u00e9s t\u00edtols penjats a la paret. La intel\u00b7lig\u00e8ncia no \u00e9s nom\u00e9s coneixements, sin\u00f3 la forma d\u2019aplicar aquests coneixements a la vida en general.<\/p>\n<p>3. He conegut gent analfabeta que donava mil voltes a molta gent amb t\u00edtol universitari. Tenia sentit com\u00fa, habilitats, coneixements adquirits en la vida pr\u00e0ctica, bona mem\u00f2ria, esfor\u00e7,&#160; etc. Els ha anat b\u00e9 a la vida sense haver anat a l\u2019escola. Per\u00f2 han posat tot all\u00f2 que \u00e9s necessari per viure i per viure feli\u00e7. D\u2019aquestes persones podr\u00edem dir: \u201cQuod natura non dat, reddere cura potest (All\u00f2 que la naturalesa no d\u00f3na, l&#8217;esfor\u00e7 ho pot proporcionar.)<\/p>\n<p>4. El m\u00f3n universitari i el m\u00f3n de l\u2019empresa en el nostre pa\u00eds no han anat mai junts ni s\u2019han ent\u00e8s massa b\u00e9. En aquest sentit, EEUU i alguns altres pa\u00efsos ens donen mil voltes. All\u00e0 els estudis s\u00f3n per poder treballar un dia en una empresa. I moltes empreses ja van directament a la universitat a buscar els seus treballadors.<\/p>\n<p>5. La universitat de Salamanca antigament tenia molt prestigi. Aquella persona que havia tingut la possibilitat d\u2019estudiar a Salamanca tenia un prestigi social notable. I d\u2019alguna manera volien dir: \u201cAunque la mona se vista de seda, mona se queda\u201d. O el que \u00e9s el&#160; mateix: volien dir ruc a una persona, per\u00f2 ho feien d\u2019una manera fina i amb un refrany llat\u00ed, que sempre queda m\u00e9s b\u00e9. I encara n\u2019 hi ha un altre de refrany que va en el mateix sentit: \u201cEl que asno fue a Roma, asno torna\u201d. O aquest altre: \u201cEl que llega jumento, no sale sabio\u201d<\/p>\n<p>6. Els estudis no fan miracles. Fan falta estudis i dots naturals per a les feines i per a totes les professions. Per aix\u00f2 em sembla tan important recuperar la formaci\u00f3 professional, tan abandonada i menystinguda durant una colla d\u2019anys.<\/p>\n<div>Etiquetes de Technorati: <a href=\"http:\/\/technorati.com\/tags\/Educaci%c3%b3\" rel=\"tag\">Educaci&#243;<\/a><\/div>\n<p><a href=\"http:\/\/www.1de3.com\/2006\/07\/08\/quos-natura-non-dat-salmantica-non-praestat\/\">     <br \/><\/a><\/p>\n<p>&#160;<\/p>\n<\/p>\n<p><a href=\"http:\/\/www.1de3.com\/tag\/lat%C3%ADn\/\"><\/a><\/p>\n","protected":false},"excerpt":{"rendered":"<p>&#160; All\u00f2 que la naturalesa no d\u00f3na, (la Universitat) Salamanca no ho concedeix. He recordat aquesta frase avui, quan uns companys de feina m\u2019han dit que anaven a Salamanca a un seminari, un congr\u00e9s o alguna cosa semblant. He de dir, per endavant, que aquest comentari no va per a ells. Vol ser una reflexi\u00f3, [&hellip;]<\/p>\n","protected":false},"author":214,"featured_media":0,"comment_status":"open","ping_status":"open","sticky":false,"template":"","format":"standard","meta":{"_jetpack_memberships_contains_paid_content":false,"footnotes":"","jetpack_publicize_message":"","jetpack_publicize_feature_enabled":true,"jetpack_social_post_already_shared":false,"jetpack_social_options":{"image_generator_settings":{"template":"highway","default_image_id":0,"font":"","enabled":false},"version":2}},"categories":[668],"tags":[],"class_list":["post-1029","post","type-post","status-publish","format-standard","hentry","category-educacio"],"jetpack_publicize_connections":[],"jetpack_featured_media_url":"","jetpack_shortlink":"https:\/\/wp.me\/pagkjs-gB","jetpack-related-posts":[],"jetpack_sharing_enabled":true,"_links":{"self":[{"href":"https:\/\/blogs.avui.cat\/jaumepubill\/wp-json\/wp\/v2\/posts\/1029","targetHints":{"allow":["GET"]}}],"collection":[{"href":"https:\/\/blogs.avui.cat\/jaumepubill\/wp-json\/wp\/v2\/posts"}],"about":[{"href":"https:\/\/blogs.avui.cat\/jaumepubill\/wp-json\/wp\/v2\/types\/post"}],"author":[{"embeddable":true,"href":"https:\/\/blogs.avui.cat\/jaumepubill\/wp-json\/wp\/v2\/users\/214"}],"replies":[{"embeddable":true,"href":"https:\/\/blogs.avui.cat\/jaumepubill\/wp-json\/wp\/v2\/comments?post=1029"}],"version-history":[{"count":0,"href":"https:\/\/blogs.avui.cat\/jaumepubill\/wp-json\/wp\/v2\/posts\/1029\/revisions"}],"wp:attachment":[{"href":"https:\/\/blogs.avui.cat\/jaumepubill\/wp-json\/wp\/v2\/media?parent=1029"}],"wp:term":[{"taxonomy":"category","embeddable":true,"href":"https:\/\/blogs.avui.cat\/jaumepubill\/wp-json\/wp\/v2\/categories?post=1029"},{"taxonomy":"post_tag","embeddable":true,"href":"https:\/\/blogs.avui.cat\/jaumepubill\/wp-json\/wp\/v2\/tags?post=1029"}],"curies":[{"name":"wp","href":"https:\/\/api.w.org\/{rel}","templated":true}]}}