{"id":1003,"date":"2009-01-18T22:23:01","date_gmt":"2009-01-18T21:23:01","guid":{"rendered":"http:\/\/blogs.avui.cat\/jaumepubill\/2009\/01\/18\/61-estreno-nova-dcada\/"},"modified":"2009-01-18T22:23:01","modified_gmt":"2009-01-18T21:23:01","slug":"61-estreno-nova-dcada-2","status":"publish","type":"post","link":"https:\/\/blogs.avui.cat\/jaumepubill\/2009\/01\/18\/61-estreno-nova-dcada-2\/","title":{"rendered":"61: Estreno nova d&#232;cada."},"content":{"rendered":"<p><img decoding=\"async\" src=\"http:\/\/tbn3.google.com\/images?q=tbn:FQ-DOpFfFB0SdM:http:\/\/i80.photobucket.com\/albums\/j175\/compucenter\/barman\/cerveza.jpg\" \/>19 de gener de 1948. Diu que era un dia de fred i neu. No ho recordo. Era molt petit. Tant petit, que acabava de n\u00e9ixer.Van dir que em dirien i em diria Jaume. No vaig dir res ni vaig protestar, entre altres raons, perqu\u00e8 no sabia parlar. No em sembla malament el nom. El meu oncle (padr\u00ed de bateig) tamb\u00e9 se\u2019n deia. La culp\u00e0 va ser seva\u2026Almenys no em van posar un nom d\u2019aquests tan moderns impronunciables\u2026De tota aquesta hist\u00f2ria ja fa 61 anys. Entro en una nova d\u00e8cada, cosa que em fa pensar una mica. Darrerament sembla que poso m\u00e9s atenci\u00f3 a certes coses, a certs detalls insignificants que sembla que es tornen m\u00e9s significatius i m\u00e9s profunds. I, per suposat, m\u00e9s personals. A vegades aquestes petites coses em semblen met\u00e0fores de la vida.Per exemple: Trec una cervesa ben fresca de la nevera i em poso davant de la TV per veure un partit del Bar\u00e7a. Aquesta cervesa, ben fresca, \u00e9s una del\u00edcia que gaudeixo molt\u00edssim. Una cervesa ben fresqueta, amb alguna cosa per picar, no t\u00e9 preu!Per\u00f2 aquesta mateixa cervesa, l\u2019endem\u00e0, no val res. Sembla pixats de ruc. S\u2019ha tornat una cosa esbravada, passada, vella, sense gust de res, un l\u00edquid que no se sap ben b\u00e9 qu\u00e8 \u00e9s..I llavors penso: Les darreres d\u00e8cades de la meva vida no es tornaran com aquesta cervesa que deia? He arribat molt esbravat? Em queda molt de temps encara per arrossegar-me per aquests m\u00f3ns de D\u00e9u? Sabr\u00e9 trobar encara expectatives i al\u00b7licients per anar vivint? No m\u2019agradaria ser com aquells futbolistes que no es volen retirar i s\u2019arrastren per aquests camps\u2026B\u00e9, esperem que no sigui com la cervesa que us deia. La cervesa esbravada la llancem a l\u2019aig\u00fcera. La meva vida encara no la vull llen\u00e7ar. Fins i tot, entrant en una de les darreres d\u00e8cades de la meva vida.Etiquetes de Technorati: <a href=\"http:\/\/technorati.com\/tags\/Aniversari\" rel=\"tag\">Aniversari<\/a><\/p>\n","protected":false},"excerpt":{"rendered":"<p>19 de gener de 1948. Diu que era un dia de fred i neu. No ho recordo. Era molt petit. Tant petit, que acabava de n\u00e9ixer.Van dir que em dirien i em diria Jaume. No vaig dir res ni vaig protestar, entre altres raons, perqu\u00e8 no sabia parlar. No em sembla malament el nom. El [&hellip;]<\/p>\n","protected":false},"author":214,"featured_media":0,"comment_status":"open","ping_status":"open","sticky":false,"template":"","format":"standard","meta":{"_jetpack_memberships_contains_paid_content":false,"footnotes":"","jetpack_publicize_message":"","jetpack_publicize_feature_enabled":true,"jetpack_social_post_already_shared":false,"jetpack_social_options":{"image_generator_settings":{"template":"highway","default_image_id":0,"font":"","enabled":false},"version":2}},"categories":[2792],"tags":[2326],"class_list":["post-1003","post","type-post","status-publish","format-standard","hentry","category-psicologia","tag-aniversari"],"jetpack_publicize_connections":[],"jetpack_featured_media_url":"","jetpack_shortlink":"https:\/\/wp.me\/pagkjs-gb","jetpack-related-posts":[],"jetpack_sharing_enabled":true,"_links":{"self":[{"href":"https:\/\/blogs.avui.cat\/jaumepubill\/wp-json\/wp\/v2\/posts\/1003","targetHints":{"allow":["GET"]}}],"collection":[{"href":"https:\/\/blogs.avui.cat\/jaumepubill\/wp-json\/wp\/v2\/posts"}],"about":[{"href":"https:\/\/blogs.avui.cat\/jaumepubill\/wp-json\/wp\/v2\/types\/post"}],"author":[{"embeddable":true,"href":"https:\/\/blogs.avui.cat\/jaumepubill\/wp-json\/wp\/v2\/users\/214"}],"replies":[{"embeddable":true,"href":"https:\/\/blogs.avui.cat\/jaumepubill\/wp-json\/wp\/v2\/comments?post=1003"}],"version-history":[{"count":0,"href":"https:\/\/blogs.avui.cat\/jaumepubill\/wp-json\/wp\/v2\/posts\/1003\/revisions"}],"wp:attachment":[{"href":"https:\/\/blogs.avui.cat\/jaumepubill\/wp-json\/wp\/v2\/media?parent=1003"}],"wp:term":[{"taxonomy":"category","embeddable":true,"href":"https:\/\/blogs.avui.cat\/jaumepubill\/wp-json\/wp\/v2\/categories?post=1003"},{"taxonomy":"post_tag","embeddable":true,"href":"https:\/\/blogs.avui.cat\/jaumepubill\/wp-json\/wp\/v2\/tags?post=1003"}],"curies":[{"name":"wp","href":"https:\/\/api.w.org\/{rel}","templated":true}]}}