{"id":987,"date":"2011-11-29T09:13:04","date_gmt":"2011-11-29T08:13:04","guid":{"rendered":"http:\/\/blogs.avui.cat\/botonier\/?p=987"},"modified":"2013-06-19T09:47:00","modified_gmt":"2013-06-19T08:47:00","slug":"privilegis-reials","status":"publish","type":"post","link":"https:\/\/blogs.avui.cat\/botonier\/2011\/11\/29\/privilegis-reials\/","title":{"rendered":"Privilegis reials"},"content":{"rendered":"<p><a href=\"https:\/\/i0.wp.com\/blogs.avui.cat\/botonier\/files\/2011\/11\/rey-de-copas2.jpg\"><img data-recalc-dims=\"1\" loading=\"lazy\" decoding=\"async\" class=\"alignnone size-full wp-image-991\" src=\"https:\/\/i0.wp.com\/blogs.avui.cat\/botonier\/files\/2011\/11\/rey-de-copas2-e1322554528912.jpg?resize=150%2C235\" alt=\"\" width=\"150\" height=\"235\" \/><\/a><br \/>\nSi un treballador diu que est\u00e0 malalt, plega una setmana de la feina i l&#8217;enxampen a l&#8217;estranger gaudint de la vida, segurament li caur\u00e0 un expedient i es trobar\u00e0 al carrer per enganyar a l&#8217;empresa.<\/p>\n<p>El Rei d&#8217;Espanya va fer anular tots els actes institucionals entre el dies 3 i 15 de Novembre, per tal de recuperar-se de les mol\u00e8sties de la seva darrera intervenci\u00f3 quir\u00fargica, tal com va explicar la seva Casa. En realitat va anar de visita a un emirat \u00e0rab i el cap de setmana va assistir al premi de Formula 1 a Abu Dhabi. Bona manera de deixar la feina per recuperar-se.<\/p>\n<p>L&#8217;impunitat sembla ser un privilegi inherent a la fam\u00edlia reial espanyola, almenys fins ara. Tothom viu com li sembla, el seu treball m\u00e9s dificil \u00e9s el de inaugurar un parell d&#8217;exposicions al mes i de rebre unes quantes persones en audi\u00e8ncia&#8230; i prou. El cost de tot aquest circ es molt alt ja que al pressupost de la casa Reial s&#8217;ha d&#8217;afegir tot el que l&#8217;Estat paga de residencies, seguretat, iot etc&#8230;<\/p>\n<p>No sembla que l&#8217;hereu de tot aix\u00f2, el segon marit de la senyora Leticia Ort\u00edz, tingui la necess\u00e0ria popularitat per donar continu\u00eftat a l&#8217;instituci\u00f3, i els que han arribat a fer part de la fam\u00edlia reial entrant per la porta del dormitori, tampoc sembla que ajudin a justificar tanta inutilitat.<\/p>\n<p>De totes maneres, no sembla que ning\u00fa estigui disposat a plantejar de manera seriosa un canvi de r\u00e8gim. Ni a Catalunya, on un partit amb una R de &#8220;republic\u00e0&#8221; al seu nom calla i no parla de treballar per una Rep\u00fablica de manera que t\u00e0citament recolzen la monarquia.<\/p>\n<p>El idealistes diuen que una votaci\u00f3 podria permetre un canvi en la Constituci\u00f3 espanyola. Els realistes diuen que l&#8217;\u00fanic cam\u00ed es el de la independ\u00e8ncia de Catalunya, i que al Rei el gaudeixin de Madrid estant.<\/p>\n<p>&#8220;Tot dep\u00e8n de nosaltres.<br \/>\nTot dep\u00e8n, sobretot, de vosaltres:<br \/>\nels joves!&#8221; (Pere Quart)<\/p>\n","protected":false},"excerpt":{"rendered":"<p>Si un treballador diu que est\u00e0 malalt, plega una setmana de la feina i l&#8217;enxampen a l&#8217;estranger gaudint de la vida, segurament li caur\u00e0 un expedient i es trobar\u00e0 al carrer per enganyar a l&#8217;empresa. El Rei d&#8217;Espanya va fer anular tots els actes institucionals entre el dies 3 i 15 de Novembre, per tal [&hellip;]<\/p>\n","protected":false},"author":126,"featured_media":0,"comment_status":"closed","ping_status":"closed","sticky":false,"template":"","format":"standard","meta":{"jetpack_post_was_ever_published":false,"_jetpack_newsletter_access":"","_jetpack_dont_email_post_to_subs":false,"_jetpack_newsletter_tier_id":0,"_jetpack_memberships_contains_paywalled_content":false,"_jetpack_memberships_contains_paid_content":false,"footnotes":"","jetpack_publicize_message":"","jetpack_publicize_feature_enabled":true,"jetpack_social_post_already_shared":false,"jetpack_social_options":{"image_generator_settings":{"template":"highway","default_image_id":0,"font":"","enabled":false},"version":2}},"categories":[1],"tags":[],"class_list":["post-987","post","type-post","status-publish","format-standard","hentry","category-general"],"jetpack_publicize_connections":[],"jetpack_featured_media_url":"","jetpack-related-posts":[{"id":339,"url":"https:\/\/blogs.avui.cat\/botonier\/2009\/08\/26\/ubs-obama-i-el-rei-tres-actituds-economiques\/","url_meta":{"origin":987,"position":0},"title":"UBS, Obama i el Rei: tres actituds econ\u00f2miques","author":"Ramon Boixet","date":"26 agost 2009","format":false,"excerpt":"El banc UBS, que ha estat amb l\u2019aigua al coll malgrat ser el m\u00e9s gran de Su\u00efssa, que va necessitar un aval de l\u2019estat per no ensorrar-se i que registra unes p\u00e8rdues de capital i de clients absolutament horroroses, ha pres unes decisions que sorprenen.Els directius de dalt de tot\u2026","rel":"","context":"A &quot;General&quot;","block_context":{"text":"General","link":"https:\/\/blogs.avui.cat\/botonier\/category\/general\/"},"img":{"alt_text":"","src":"","width":0,"height":0},"classes":[]},{"id":653,"url":"https:\/\/blogs.avui.cat\/botonier\/2008\/05\/05\/monarquia-non-grata-2\/","url_meta":{"origin":987,"position":1},"title":"Monarquia &#034;non grata&#034; ?","author":"Ramon Boixet","date":"5 maig 2008","format":false,"excerpt":"La darrera setmana vaig llegir dues noticies que, potser per culpa del pont i de la relativa discreci\u00f3 dels encarregats de publicar-les, no han tingut ni tindran el ress\u00f3 que segurament mereixen.Primera : El Claustre de l'Universitat Pompeu i Fabra va votar una moci\u00f3 que rebutjava la presencia de membres\u2026","rel":"","context":"A &quot;General&quot;","block_context":{"text":"General","link":"https:\/\/blogs.avui.cat\/botonier\/category\/general\/"},"img":{"alt_text":"","src":"","width":0,"height":0},"classes":[]},{"id":25,"url":"https:\/\/blogs.avui.cat\/botonier\/2008\/05\/05\/monarquia-non-grata\/","url_meta":{"origin":987,"position":2},"title":"Monarquia &quot;non grata&quot; ?","author":"Ramon Boixet","date":"5 maig 2008","format":false,"excerpt":"La darrera setmana vaig llegir dues noticies que, potser per culpa del pont i de la relativa discreci\u00f3 dels encarregats de publicar-les, no han tingut ni tindran el ress\u00f3 que segurament mereixen.Primera : El Claustre de l'Universitat Pompeu i Fabra va votar una moci\u00f3 que rebutjava la presencia de membres\u2026","rel":"","context":"A &quot;General&quot;","block_context":{"text":"General","link":"https:\/\/blogs.avui.cat\/botonier\/category\/general\/"},"img":{"alt_text":"","src":"","width":0,"height":0},"classes":[]},{"id":3336,"url":"https:\/\/blogs.avui.cat\/botonier\/2013\/08\/30\/cortina-reial-de-fum\/","url_meta":{"origin":987,"position":3},"title":"Cortina (reial) de fum","author":"Ramon Boixet","date":"30 agost 2013","format":false,"excerpt":"La decisi\u00f3 de la senyora de Undargarin i els seus fills de residir a Ginebra, conseq\u00fc\u00e8ncia de la seva fugida d'Espanya, no ha despertat a Su\u00efssa cap mena de curiositat ni period\u00edstica ni social. Segons diu la premsa espanyola, La Caixa ha proporcionat a la senyora Cristina el c\u00e0rrec de\u2026","rel":"","context":"A &quot;General&quot;","block_context":{"text":"General","link":"https:\/\/blogs.avui.cat\/botonier\/category\/general\/"},"img":{"alt_text":"","src":"https:\/\/i0.wp.com\/blogs.avui.cat\/botonier\/files\/2013\/08\/Fum1-150x150.jpg?resize=350%2C200","width":350,"height":200},"classes":[]},{"id":3351,"url":"https:\/\/blogs.avui.cat\/botonier\/2014\/01\/31\/monarquia-ineficac\/","url_meta":{"origin":987,"position":4},"title":"Monarquia inefica\u00e7","author":"Ramon Boixet","date":"31 gener 2014","format":false,"excerpt":"Un dels molts arguments dels catalans per explicar les ganes de sortir d'Espanya \u00e9s el de crear una forma d'estat republicana per tal de no fer el paper de s\u00fabdits d'una monarquia que, ara m\u00e9s que mai, est\u00e0 demostrant la seva inefic\u00e0cia, per no dir inutilitat. Tothom s'adona de l'augment\u2026","rel":"","context":"A &quot;General&quot;","block_context":{"text":"General","link":"https:\/\/blogs.avui.cat\/botonier\/category\/general\/"},"img":{"alt_text":"koenig-pik.jpg","src":"https:\/\/i0.wp.com\/blogs.avui.cat\/botonier\/files\/2012\/01\/koenig-pik.jpg-150x150.png?resize=350%2C200","width":350,"height":200},"classes":[]},{"id":968,"url":"https:\/\/blogs.avui.cat\/botonier\/2011\/11\/15\/republica-com-mes-aviat-millor\/","url_meta":{"origin":987,"position":5},"title":"Rep\u00fablica, com m\u00e8s aviat millor","author":"Ramon Boixet","date":"15 novembre 2011","format":false,"excerpt":"No es q\u00fcesti\u00f3 ara de fer llenya d'un arbre que encara no ha caigut. Em refereixo al marit de la segona filla del rei d'Espanya, que sembla que podria estar ficat en assumptes d'apropiaci\u00f3 indeguda de diners oficials. I presuposem que la just\u00edcia tractar\u00e0 aquest senyor com tractaria a qualsevol\u2026","rel":"","context":"A &quot;General&quot;","block_context":{"text":"General","link":"https:\/\/blogs.avui.cat\/botonier\/category\/general\/"},"img":{"alt_text":"","src":"https:\/\/i0.wp.com\/blogs.avui.cat\/botonier\/files\/2011\/11\/image1-150x150.jpg?resize=350%2C200","width":350,"height":200},"classes":[]}],"jetpack_sharing_enabled":true,"jetpack_likes_enabled":true,"_links":{"self":[{"href":"https:\/\/blogs.avui.cat\/botonier\/wp-json\/wp\/v2\/posts\/987","targetHints":{"allow":["GET"]}}],"collection":[{"href":"https:\/\/blogs.avui.cat\/botonier\/wp-json\/wp\/v2\/posts"}],"about":[{"href":"https:\/\/blogs.avui.cat\/botonier\/wp-json\/wp\/v2\/types\/post"}],"author":[{"embeddable":true,"href":"https:\/\/blogs.avui.cat\/botonier\/wp-json\/wp\/v2\/users\/126"}],"replies":[{"embeddable":true,"href":"https:\/\/blogs.avui.cat\/botonier\/wp-json\/wp\/v2\/comments?post=987"}],"version-history":[{"count":6,"href":"https:\/\/blogs.avui.cat\/botonier\/wp-json\/wp\/v2\/posts\/987\/revisions"}],"predecessor-version":[{"id":2413,"href":"https:\/\/blogs.avui.cat\/botonier\/wp-json\/wp\/v2\/posts\/987\/revisions\/2413"}],"wp:attachment":[{"href":"https:\/\/blogs.avui.cat\/botonier\/wp-json\/wp\/v2\/media?parent=987"}],"wp:term":[{"taxonomy":"category","embeddable":true,"href":"https:\/\/blogs.avui.cat\/botonier\/wp-json\/wp\/v2\/categories?post=987"},{"taxonomy":"post_tag","embeddable":true,"href":"https:\/\/blogs.avui.cat\/botonier\/wp-json\/wp\/v2\/tags?post=987"}],"curies":[{"name":"wp","href":"https:\/\/api.w.org\/{rel}","templated":true}]}}