{"id":968,"date":"2011-11-15T09:23:52","date_gmt":"2011-11-15T08:23:52","guid":{"rendered":"http:\/\/blogs.avui.cat\/botonier\/?p=968"},"modified":"2013-06-19T09:47:01","modified_gmt":"2013-06-19T08:47:01","slug":"republica-com-mes-aviat-millor","status":"publish","type":"post","link":"https:\/\/blogs.avui.cat\/botonier\/2011\/11\/15\/republica-com-mes-aviat-millor\/","title":{"rendered":"Rep\u00fablica, com m\u00e8s aviat millor"},"content":{"rendered":"<p><a href=\"https:\/\/i0.wp.com\/blogs.avui.cat\/botonier\/files\/2011\/11\/image1.jpeg\"><img data-recalc-dims=\"1\" loading=\"lazy\" decoding=\"async\" class=\"alignnone size-thumbnail wp-image-969\" src=\"https:\/\/i0.wp.com\/blogs.avui.cat\/botonier\/files\/2011\/11\/image1-150x150.jpg?resize=150%2C150\" alt=\"\" width=\"150\" height=\"150\" srcset=\"https:\/\/i0.wp.com\/blogs.avui.cat\/botonier\/files\/2011\/11\/image1.jpeg?resize=150%2C150&amp;ssl=1 150w, https:\/\/i0.wp.com\/blogs.avui.cat\/botonier\/files\/2011\/11\/image1.jpeg?zoom=2&amp;resize=150%2C150 300w\" sizes=\"auto, (max-width: 150px) 100vw, 150px\" \/><\/a><br \/>\nNo es q\u00fcesti\u00f3 ara de fer llenya d&#8217;un arbre que encara no ha caigut. Em refereixo al marit de la segona filla del rei d&#8217;Espanya, que sembla que podria estar ficat en assumptes d&#8217;apropiaci\u00f3 indeguda de diners oficials. I presuposem que la just\u00edcia tractar\u00e0 aquest senyor com tractaria a qualsevol d&#8217;altre que no faci part de la monarquia escollida per Franco.<\/p>\n<p>El marit de la segona filla del rei d&#8217;Espanya, i la filla mateixa amb els seus quatre infants, resideixen a Washington ja que ell exerceix els c\u00e0rrecs de conseller de Telef\u00f3nica Latinoam\u00e9rica i de representant de Telef\u00f2nica als Estats Units. Segons escriuen els diaris, pel dos c\u00e0rrecs (sense responsabilitats executives i sense representaci\u00f3 institucional) l&#8217;ex-esportista cobra uns 750.000 euros a l&#8217;any i pot gaudir gratu\u00eftament d&#8217;una casa de luxe en un exclusiu barri. Sembla que la Telef\u00f3nica tamb\u00e9 li paga l&#8217;escolaritzaci\u00f3 dels fills en un liceu elitista i els freq\u00fcents viatges privats a Espanya de tota la fam\u00edlia. I encara troba temps per dedicar-se a les seves empreses particulars.<\/p>\n<p>Tamb\u00e9 ens expliquen fonts ben informades que l&#8217;estat espanyol paga la seguretat de la fam\u00edlia de la segona filla del Rei, feina que cobreixen cinc membres de les forces de seguretat de l&#8217;Estat, que s\u00f3n rellevats cada tres mesos.<\/p>\n<p>La segona filla del Rei exerceix el c\u00e0rrec de directora de l&#8217;\u00e0rea Social de la Fundaci\u00f3 La Caixa, c\u00e0rrec que ha conservat malgrat el canvi de domicili de Barcelona a Washington. El sou \u00e9s de 250.000 euros anuals.<\/p>\n<p>Tot aix\u00f2 \u00e9s el que ara per ara es diu d&#8217;una part menor de la fam\u00edlia reial espanyola. Algun dia sabrem quants milions costa mantenir la resta de familiars directes i indirectes.<\/p>\n<p>Amb les retallades que es preparen, guany qui guany les eleccions, potser ha arribat el moment de que la gent es pregunti si no val la pena de comen\u00e7ar a retallar per la part de dalt, eliminant c\u00e0rrecs in\u00fatils . Per exemple el de Rei.<\/p>\n<p>I encara molt millor \u00e9s marcar dist\u00e0ncies i anar fent amb calma per\u00f2 sense dubtes el cam\u00ed que porta a la independ\u00e8ncia.<\/p>\n","protected":false},"excerpt":{"rendered":"<p>No es q\u00fcesti\u00f3 ara de fer llenya d&#8217;un arbre que encara no ha caigut. Em refereixo al marit de la segona filla del rei d&#8217;Espanya, que sembla que podria estar ficat en assumptes d&#8217;apropiaci\u00f3 indeguda de diners oficials. I presuposem que la just\u00edcia tractar\u00e0 aquest senyor com tractaria a qualsevol d&#8217;altre que no faci part [&hellip;]<\/p>\n","protected":false},"author":126,"featured_media":0,"comment_status":"closed","ping_status":"closed","sticky":false,"template":"","format":"standard","meta":{"jetpack_post_was_ever_published":false,"_jetpack_newsletter_access":"","_jetpack_dont_email_post_to_subs":false,"_jetpack_newsletter_tier_id":0,"_jetpack_memberships_contains_paywalled_content":false,"_jetpack_memberships_contains_paid_content":false,"footnotes":"","jetpack_publicize_message":"","jetpack_publicize_feature_enabled":true,"jetpack_social_post_already_shared":false,"jetpack_social_options":{"image_generator_settings":{"template":"highway","default_image_id":0,"font":"","enabled":false},"version":2}},"categories":[1],"tags":[],"class_list":["post-968","post","type-post","status-publish","format-standard","hentry","category-general"],"jetpack_publicize_connections":[],"jetpack_featured_media_url":"","jetpack-related-posts":[{"id":3336,"url":"https:\/\/blogs.avui.cat\/botonier\/2013\/08\/30\/cortina-reial-de-fum\/","url_meta":{"origin":968,"position":0},"title":"Cortina (reial) de fum","author":"Ramon Boixet","date":"30 agost 2013","format":false,"excerpt":"La decisi\u00f3 de la senyora de Undargarin i els seus fills de residir a Ginebra, conseq\u00fc\u00e8ncia de la seva fugida d'Espanya, no ha despertat a Su\u00efssa cap mena de curiositat ni period\u00edstica ni social. Segons diu la premsa espanyola, La Caixa ha proporcionat a la senyora Cristina el c\u00e0rrec de\u2026","rel":"","context":"A &quot;General&quot;","block_context":{"text":"General","link":"https:\/\/blogs.avui.cat\/botonier\/category\/general\/"},"img":{"alt_text":"","src":"https:\/\/i0.wp.com\/blogs.avui.cat\/botonier\/files\/2013\/08\/Fum1-150x150.jpg?resize=350%2C200","width":350,"height":200},"classes":[]},{"id":3351,"url":"https:\/\/blogs.avui.cat\/botonier\/2014\/01\/31\/monarquia-ineficac\/","url_meta":{"origin":968,"position":1},"title":"Monarquia inefica\u00e7","author":"Ramon Boixet","date":"31 gener 2014","format":false,"excerpt":"Un dels molts arguments dels catalans per explicar les ganes de sortir d'Espanya \u00e9s el de crear una forma d'estat republicana per tal de no fer el paper de s\u00fabdits d'una monarquia que, ara m\u00e9s que mai, est\u00e0 demostrant la seva inefic\u00e0cia, per no dir inutilitat. Tothom s'adona de l'augment\u2026","rel":"","context":"A &quot;General&quot;","block_context":{"text":"General","link":"https:\/\/blogs.avui.cat\/botonier\/category\/general\/"},"img":{"alt_text":"koenig-pik.jpg","src":"https:\/\/i0.wp.com\/blogs.avui.cat\/botonier\/files\/2012\/01\/koenig-pik.jpg-150x150.png?resize=350%2C200","width":350,"height":200},"classes":[]},{"id":440,"url":"https:\/\/blogs.avui.cat\/botonier\/2010\/01\/27\/hondures-i-la-monarquia-espanyola\/","url_meta":{"origin":968,"position":2},"title":"Hondures i la monarquia espanyola","author":"Ramon Boixet","date":"27 gener 2010","format":false,"excerpt":"Avui dimecres, el president electe d'Hondures, Porfirio Lobo, pren possessi\u00f3 del seu c\u00e0rrec. Com que la seva elecci\u00f3 va ser l\u2019ultima anella d\u2019una cadena de fets lamentables, amb segrests, intents de cops d'estat, vagues i manifestacions, la cerim\u00f2nia ser\u00e0 austera i poc visitada per personalitats estrangeres. Espanya ha decidit estar\u2026","rel":"","context":"A &quot;General&quot;","block_context":{"text":"General","link":"https:\/\/blogs.avui.cat\/botonier\/category\/general\/"},"img":{"alt_text":"","src":"","width":0,"height":0},"classes":[]},{"id":653,"url":"https:\/\/blogs.avui.cat\/botonier\/2008\/05\/05\/monarquia-non-grata-2\/","url_meta":{"origin":968,"position":3},"title":"Monarquia &#034;non grata&#034; ?","author":"Ramon Boixet","date":"5 maig 2008","format":false,"excerpt":"La darrera setmana vaig llegir dues noticies que, potser per culpa del pont i de la relativa discreci\u00f3 dels encarregats de publicar-les, no han tingut ni tindran el ress\u00f3 que segurament mereixen.Primera : El Claustre de l'Universitat Pompeu i Fabra va votar una moci\u00f3 que rebutjava la presencia de membres\u2026","rel":"","context":"A &quot;General&quot;","block_context":{"text":"General","link":"https:\/\/blogs.avui.cat\/botonier\/category\/general\/"},"img":{"alt_text":"","src":"","width":0,"height":0},"classes":[]},{"id":25,"url":"https:\/\/blogs.avui.cat\/botonier\/2008\/05\/05\/monarquia-non-grata\/","url_meta":{"origin":968,"position":4},"title":"Monarquia &quot;non grata&quot; ?","author":"Ramon Boixet","date":"5 maig 2008","format":false,"excerpt":"La darrera setmana vaig llegir dues noticies que, potser per culpa del pont i de la relativa discreci\u00f3 dels encarregats de publicar-les, no han tingut ni tindran el ress\u00f3 que segurament mereixen.Primera : El Claustre de l'Universitat Pompeu i Fabra va votar una moci\u00f3 que rebutjava la presencia de membres\u2026","rel":"","context":"A &quot;General&quot;","block_context":{"text":"General","link":"https:\/\/blogs.avui.cat\/botonier\/category\/general\/"},"img":{"alt_text":"","src":"","width":0,"height":0},"classes":[]},{"id":801,"url":"https:\/\/blogs.avui.cat\/botonier\/2010\/10\/23\/el-segon-marit-de-letizia-ortiz\/","url_meta":{"origin":968,"position":5},"title":"El segon marit de Letizia Ort\u00edz","author":"Ramon Boixet","date":"23 octubre 2010","format":false,"excerpt":"\ufeff\ufeff\ufeff Viure en un pa\u00eds federalista amb democr\u00e0cia directa, i per tant republic\u00e0 per principis, em permet observar les institucions mon\u00e0rquiques des d'una certa dist\u00e0ncia f\u00edsica i de sentiment, com mirar\u00eda un torneig medieval: coses de l\u2019historia r\u00e0ncia. Els espanyols disposen d\u2019un sistema mon\u00e0rquic no del tot escollit lliurement i\u2026","rel":"","context":"A &quot;General&quot;","block_context":{"text":"General","link":"https:\/\/blogs.avui.cat\/botonier\/category\/general\/"},"img":{"alt_text":"","src":"https:\/\/i0.wp.com\/blogs.avui.cat\/botonier\/files\/2010\/10\/Felipe1.jpg?resize=350%2C200","width":350,"height":200},"classes":[]}],"jetpack_sharing_enabled":true,"jetpack_likes_enabled":true,"_links":{"self":[{"href":"https:\/\/blogs.avui.cat\/botonier\/wp-json\/wp\/v2\/posts\/968","targetHints":{"allow":["GET"]}}],"collection":[{"href":"https:\/\/blogs.avui.cat\/botonier\/wp-json\/wp\/v2\/posts"}],"about":[{"href":"https:\/\/blogs.avui.cat\/botonier\/wp-json\/wp\/v2\/types\/post"}],"author":[{"embeddable":true,"href":"https:\/\/blogs.avui.cat\/botonier\/wp-json\/wp\/v2\/users\/126"}],"replies":[{"embeddable":true,"href":"https:\/\/blogs.avui.cat\/botonier\/wp-json\/wp\/v2\/comments?post=968"}],"version-history":[{"count":6,"href":"https:\/\/blogs.avui.cat\/botonier\/wp-json\/wp\/v2\/posts\/968\/revisions"}],"predecessor-version":[{"id":2416,"href":"https:\/\/blogs.avui.cat\/botonier\/wp-json\/wp\/v2\/posts\/968\/revisions\/2416"}],"wp:attachment":[{"href":"https:\/\/blogs.avui.cat\/botonier\/wp-json\/wp\/v2\/media?parent=968"}],"wp:term":[{"taxonomy":"category","embeddable":true,"href":"https:\/\/blogs.avui.cat\/botonier\/wp-json\/wp\/v2\/categories?post=968"},{"taxonomy":"post_tag","embeddable":true,"href":"https:\/\/blogs.avui.cat\/botonier\/wp-json\/wp\/v2\/tags?post=968"}],"curies":[{"name":"wp","href":"https:\/\/api.w.org\/{rel}","templated":true}]}}