{"id":955,"date":"2011-11-10T09:38:00","date_gmt":"2011-11-10T08:38:00","guid":{"rendered":"http:\/\/blogs.avui.cat\/botonier\/?p=955"},"modified":"2013-06-19T09:47:01","modified_gmt":"2013-06-19T08:47:01","slug":"ecologia-negativa","status":"publish","type":"post","link":"https:\/\/blogs.avui.cat\/botonier\/2011\/11\/10\/ecologia-negativa\/","title":{"rendered":"Ecologia negativa?"},"content":{"rendered":"<p><img data-recalc-dims=\"1\" loading=\"lazy\" decoding=\"async\" class=\"alignnone size-thumbnail wp-image-957\" src=\"https:\/\/i0.wp.com\/blogs.avui.cat\/botonier\/files\/2011\/07\/Unknown1-150x150.jpg?resize=150%2C150\" alt=\"\" width=\"150\" height=\"150\" \/><\/p>\n<p>El llac de Brienz \u00e9s un del m\u00e9s representatius llacs de la zona pre-alpina de Su\u00efssa. Molt turistes l&#8217;han visitat, encara que no ho recordin: \u00e9s un dels dos llacs, amb el de Thun, que donen a la conegud\u00edssima ciutat de Interlaken el seu nom, ja que es troba entre ells dos.<\/p>\n<p>El llac de Brienz, amb uns 30 quilometres quadrats de superf\u00edcie, ha estat sempre molt estimat per la gran quantitat de pesca , essencialment salm\u00f2nids, que les seves aig\u00fces ofereixen.<\/p>\n<p>Doncs resulta que l&#8217;any 1986 el govern su\u00efs va dictar una llei que prohibia l&#8217;us de fosfats en els detergents emprats per rentar la roba, o la vaixella i fins i tot en usos industrials. La mesura, molt ben rebuda per tothom amb una mica de sentit ecol\u00f2gic, va ser seguida amb rigor centreeuropeu.<\/p>\n<p>Dels cinc pescadors professionals que treballaven tradicionalment al llac de Brienz , ara nom\u00e9s en queden dos, i un d&#8217;ells est\u00e0 a punt de plegar.<br \/>\nEl motiu:la quantitat de peixos ha disminu\u00eft dram\u00e0ticament. La causa: l&#8217;aigua del llac \u00e9s massa pobre en fosfats.<\/p>\n<p>La paradoxa \u00e9s inquietant. Resulta quel&#8217;aigua del llac, ideal del punt de vista dels pocs fosfats, ha fet desapar\u00e8ixer les anomenades puces d&#8217;aigua, que s\u00f3n un menjar essencial pels peixos.<\/p>\n<p>S&#8217;ha constatat que l&#8217;any 1995 un peix de 4 anys tenia un a llargada de 26 cm mentre que avui no arriba als 18 cm.Dit d&#8217;una altra manera: per un kilo de peix, abans eren necessaris 5 peixos i avui uns 25.<\/p>\n<p>Tamb\u00e9 s&#8217;ha vist que a partir de l&#8217;any 2008 cada vegada m\u00e9s peixos neixen sense \u00f2rgans sexuals, i que durant els mesos d&#8217;estiu de l&#8217;any passat, la meitat dels peixos del llac eren est\u00e8rils.<\/p>\n<p>Les autoritats cantonals estan estudiant la possibilitat de fer una aportaci\u00f3 controlada de fosfat al llac per tal de reequilibrar les aig\u00fces de cara a permetre la normal proliferaci\u00f3 de peixos. Es una mesura molt controvertida ja que ning\u00fa no coneix les conseq\u00fc\u00e8ncies reals.<\/p>\n<p>Una vegada m\u00e9s, la natura ens avisa. Esperem que l&#8217;exemple del llac de Brienz ens faci ser m\u00e9s prudents i respectuosos amb ella.<\/p>\n","protected":false},"excerpt":{"rendered":"<p>El llac de Brienz \u00e9s un del m\u00e9s representatius llacs de la zona pre-alpina de Su\u00efssa. Molt turistes l&#8217;han visitat, encara que no ho recordin: \u00e9s un dels dos llacs, amb el de Thun, que donen a la conegud\u00edssima ciutat de Interlaken el seu nom, ja que es troba entre ells dos. El llac de [&hellip;]<\/p>\n","protected":false},"author":126,"featured_media":0,"comment_status":"closed","ping_status":"closed","sticky":false,"template":"","format":"standard","meta":{"jetpack_post_was_ever_published":false,"_jetpack_newsletter_access":"","_jetpack_dont_email_post_to_subs":false,"_jetpack_newsletter_tier_id":0,"_jetpack_memberships_contains_paywalled_content":false,"_jetpack_memberships_contains_paid_content":false,"footnotes":"","jetpack_publicize_message":"","jetpack_publicize_feature_enabled":true,"jetpack_social_post_already_shared":false,"jetpack_social_options":{"image_generator_settings":{"template":"highway","default_image_id":0,"font":"","enabled":false},"version":2}},"categories":[1],"tags":[],"class_list":["post-955","post","type-post","status-publish","format-standard","hentry","category-general"],"jetpack_publicize_connections":[],"jetpack_featured_media_url":"","jetpack-related-posts":[{"id":283,"url":"https:\/\/blogs.avui.cat\/botonier\/2009\/06\/15\/encara-hi-som-a-temps-per-salvar-la-natura\/","url_meta":{"origin":955,"position":0},"title":"Encara hi som a temps per salvar la natura !","author":"Ramon Boixet","date":"15 juny 2009","format":false,"excerpt":"El pitjor que pot succeir \u00e9s que els esfor\u00e7os possibles per tractar de millorar l\u2019aire i l\u2019aigua - dos elements primaris i necessaris per la vida humana- no s\u2019apliquin per deixadesa pol\u00edtica o perqu\u00e8 les persones implicades, que som tots, pensin que no poden fer res a nivell individual.Vegeu alguns\u2026","rel":"","context":"A &quot;General&quot;","block_context":{"text":"General","link":"https:\/\/blogs.avui.cat\/botonier\/category\/general\/"},"img":{"alt_text":"","src":"","width":0,"height":0},"classes":[]},{"id":204,"url":"https:\/\/blogs.avui.cat\/botonier\/2009\/03\/17\/el-kkl-de-lucerna-i-el-palau-de-la-musica-catalana\/","url_meta":{"origin":955,"position":1},"title":"El KKL de Lucerna i el Palau de la M\u00fasica Catalana","author":"Ramon Boixet","date":"17 mar\u00e7 2009","format":false,"excerpt":"Una de les sales de concerts m\u00e9s interessants de les constru\u00efdes els darers anys \u00e9s el KKL (Kultur -- un Kongresszenter Luzern\/ Centre de Cultura i Congressos de Lucerna). Constru\u00eft per l'arquitecte franc\u00e8s Jean Nouvel, l'autor de la Torre Agbar, en un lloc privilegiat tocant el Llac dels Quatre Cantons\u2026","rel":"","context":"A &quot;General&quot;","block_context":{"text":"General","link":"https:\/\/blogs.avui.cat\/botonier\/category\/general\/"},"img":{"alt_text":"","src":"","width":0,"height":0},"classes":[]},{"id":22,"url":"https:\/\/blogs.avui.cat\/botonier\/2008\/04\/23\/el-roine-i-sant-jordi\/","url_meta":{"origin":955,"position":2},"title":"El Roine i Sant Jordi","author":"Ramon Boixet","date":"23 abril 2008","format":false,"excerpt":"Per diversos motius, entre ells un viatge, he estat allunyat bastants dies d\u2019aquest blog. Temes per tractar no n\u2019han mancat, tant pol\u00edtics com socials i incl\u00fas personals.Fins i tot el tema de l\u2019aigua i de les diverses solucions plantejades per abastir la ciutat de Barcelona pot tenir una \u00f2ptica su\u00efssa\u2026","rel":"","context":"A &quot;General&quot;","block_context":{"text":"General","link":"https:\/\/blogs.avui.cat\/botonier\/category\/general\/"},"img":{"alt_text":"","src":"","width":0,"height":0},"classes":[]},{"id":141,"url":"https:\/\/blogs.avui.cat\/botonier\/2009\/01\/06\/topics-tipics-de-suissa-3-la-xocolata\/","url_meta":{"origin":955,"position":3},"title":"T\u00f2pics t\u00edpics de Su\u00efssa : 3. La xocolata","author":"Ramon Boixet","date":"6 gener 2009","format":false,"excerpt":"Comencem per dir les coses tal com s\u00f3n: els primers europeus a produir xocolata com a producte de pastisseria foren els italians al segle XVIII. Els grans de cacau coneguts a Europa dos cents anys abans, nom\u00e9s havien servit per fer, barrejant-hi mel i especies, una beguda ex\u00f2tica per\u00f2 poc\u2026","rel":"","context":"A &quot;General&quot;","block_context":{"text":"General","link":"https:\/\/blogs.avui.cat\/botonier\/category\/general\/"},"img":{"alt_text":"","src":"","width":0,"height":0},"classes":[]},{"id":810,"url":"https:\/\/blogs.avui.cat\/botonier\/2010\/11\/01\/lesglesia-catolica-reparteix-preservatius\/","url_meta":{"origin":955,"position":4},"title":"L&#8217;esglesia cat\u00f2lica reparteix preservatius","author":"Ramon Boixet","date":"1 novembre 2010","format":false,"excerpt":"S\u00f3c conscient que el titular pot sorprendre i fins i tot irritar, de manera que demano una mica de paci\u00e9ncia per continuar la lectura amb calma. Del 25 fins el 27 d\u2019octubre, l\u2019Esgl\u00e9sia Cat\u00f2lica de Lucerna (\u00e9s el nom de l\u2019agrupament de cat\u00f2lics de la ciutat) va fer acte de\u2026","rel":"","context":"A &quot;General&quot;","block_context":{"text":"General","link":"https:\/\/blogs.avui.cat\/botonier\/category\/general\/"},"img":{"alt_text":"","src":"https:\/\/i0.wp.com\/blogs.avui.cat\/botonier\/files\/2010\/11\/kondome.jpg?resize=350%2C200","width":350,"height":200},"classes":[]},{"id":4,"url":"https:\/\/blogs.avui.cat\/botonier\/2007\/11\/25\/manel-marzo-mart-a-suissa\/","url_meta":{"origin":955,"position":5},"title":"Manel Marzo-Mart a Su\u00efssa","author":"Ramon Boixet","date":"25 novembre 2007","format":false,"excerpt":"Manel Marzo-Mart no \u00e9s cap desconegut a Su\u00efssa. Els divuit anys que va viure a Basilea van obrir-l\u2019hi les portes del dif\u00edcil mercat d\u2019art su\u00efs i no ha passat cap any sense que una o dues exposicions l\u2019hi permetin continuar el seu lligam amb Su\u00efssa.Actualment (i fins el 22 de\u2026","rel":"","context":"A &quot;General&quot;","block_context":{"text":"General","link":"https:\/\/blogs.avui.cat\/botonier\/category\/general\/"},"img":{"alt_text":"","src":"","width":0,"height":0},"classes":[]}],"jetpack_sharing_enabled":true,"jetpack_likes_enabled":true,"_links":{"self":[{"href":"https:\/\/blogs.avui.cat\/botonier\/wp-json\/wp\/v2\/posts\/955","targetHints":{"allow":["GET"]}}],"collection":[{"href":"https:\/\/blogs.avui.cat\/botonier\/wp-json\/wp\/v2\/posts"}],"about":[{"href":"https:\/\/blogs.avui.cat\/botonier\/wp-json\/wp\/v2\/types\/post"}],"author":[{"embeddable":true,"href":"https:\/\/blogs.avui.cat\/botonier\/wp-json\/wp\/v2\/users\/126"}],"replies":[{"embeddable":true,"href":"https:\/\/blogs.avui.cat\/botonier\/wp-json\/wp\/v2\/comments?post=955"}],"version-history":[{"count":8,"href":"https:\/\/blogs.avui.cat\/botonier\/wp-json\/wp\/v2\/posts\/955\/revisions"}],"predecessor-version":[{"id":2417,"href":"https:\/\/blogs.avui.cat\/botonier\/wp-json\/wp\/v2\/posts\/955\/revisions\/2417"}],"wp:attachment":[{"href":"https:\/\/blogs.avui.cat\/botonier\/wp-json\/wp\/v2\/media?parent=955"}],"wp:term":[{"taxonomy":"category","embeddable":true,"href":"https:\/\/blogs.avui.cat\/botonier\/wp-json\/wp\/v2\/categories?post=955"},{"taxonomy":"post_tag","embeddable":true,"href":"https:\/\/blogs.avui.cat\/botonier\/wp-json\/wp\/v2\/tags?post=955"}],"curies":[{"name":"wp","href":"https:\/\/api.w.org\/{rel}","templated":true}]}}