{"id":94,"date":"2008-11-24T09:28:00","date_gmt":"2008-11-24T07:28:00","guid":{"rendered":"http:\/\/blogs.avui.cat\/botonier\/2008\/11\/24\/si-us-plau-qui-te-rao\/"},"modified":"2013-06-19T09:50:37","modified_gmt":"2013-06-19T08:50:37","slug":"si-us-plau-qui-te-rao","status":"publish","type":"post","link":"https:\/\/blogs.avui.cat\/botonier\/2008\/11\/24\/si-us-plau-qui-te-rao\/","title":{"rendered":"Si us plau, qui t\u00e9 ra\u00f3?"},"content":{"rendered":"<p><a href=\"https:\/\/i0.wp.com\/2.bp.blogspot.com\/_gS2A8TwyupA\/SSpZzDNtxwI\/AAAAAAAAAO8\/EIj7MXoPu4k\/s1600-h\/Atomkraft.jpg\"><img data-recalc-dims=\"1\" decoding=\"async\" src=\"https:\/\/i0.wp.com\/2.bp.blogspot.com\/_gS2A8TwyupA\/SSpZzDNtxwI\/AAAAAAAAAO8\/EIj7MXoPu4k\/s200\/Atomkraft.jpg\" border=\"0\" \/><\/a><br \/>L\u2019altre dia comentava un estudi de l\u2019universitat alemanya de Giessen comparant les<br \/>emissions de CO2 de diversos productes agr\u00edcoles conreats a casa nostra o a ultramar. Els resultats eren bastant sorprenents i fins i tot  torbadors de tal manera que \u00e9s dif\u00edcil per el ciutad\u00e0 \u201enormal\u201c saber a qui creure. <\/p>\n<p>Ara m\u2019han arribat unes declaracions de Patrick Moore, canadenc i membre fundador de Greenpeace l\u2019any 1971 on va arribar a ser un dels directors. L\u2019any 1986 va sortir de Greenpeace per diverg\u00e8ncies  d\u2019estrat\u00e8gia amb els seus co-directors. <\/p>\n<p>Doncs b\u00e9, el senyor Moore diu coses com les seg\u00fcents:<\/p>\n<p>\u2022 No entenc com la gent arriba a creure que el vent i el sol poden ser energies fiables. A Europa poden passar dies sense un insignificant ventet, o dues setmanes amb el cel cobert. Aix\u00ed no es poden alimentar amb corrent hospitals, escoles o f\u00e0briques. <br \/>\u2022 L\u2019energia at\u00f2mica evita ja avui dia m\u00e9s CO2 que qualsevol altre tecnologia de les que tenim a l\u2019abast. <br \/>\u2022 Alemanya gasta milers de milions en vent i sol, per\u00f2 el consum d\u2019energies f\u00f2ssils augmenta. El vent i sol no poden substituir les energies f\u00f2ssils. No funciona i Alemanya \u00e9s la millor demostraci\u00f3.<br \/>\u2022 Ara  en el m\u00f3n funcionen nom\u00e9s 440 centrals el\u00e8ctriques at\u00f2miques. Em puc imaginar que n\u2019arribarem a construir 1600 i tindr\u00edem el 60% de energia el\u00e8ctrica  \u201eneta\u201c, lo que suposaria un gran avan\u00e7.<br \/>\u2022 Els reactors de Tschernobil no tenien suficient protecci\u00f3 del reactor.Si sumem tot el temps de funcionament de les plantes actives arribem a la xifra de 13.000 anys d\u2019operacions dels reactors, sense ni un accident que hagi causat danys  exteriors. La energia at\u00f2mica es la tecnologia m\u00e9s segura que tenim.<\/p>\n<p>He resumit molt tot el que el senyor Moore va dir, per\u00f2 he escrit el suficient per preguntar-nos on est\u00e0 la veritat de tot aix\u00f2. Els interessos econ\u00f2mics son molt grans en qualsevol de les postures t\u00e8cniques o politiques que ens proposen. De manera que a nosaltres nom\u00e9s ens queda esperar que guanyin la pol\u00e8mica els que de veritat tenen ra\u00f3.<\/p>\n","protected":false},"excerpt":{"rendered":"<p>L\u2019altre dia comentava un estudi de l\u2019universitat alemanya de Giessen comparant lesemissions de CO2 de diversos productes agr\u00edcoles conreats a casa nostra o a ultramar. Els resultats eren bastant sorprenents i fins i tot torbadors de tal manera que \u00e9s dif\u00edcil per el ciutad\u00e0 \u201enormal\u201c saber a qui creure. Ara m\u2019han arribat unes declaracions de [&hellip;]<\/p>\n","protected":false},"author":126,"featured_media":0,"comment_status":"closed","ping_status":"closed","sticky":false,"template":"","format":"standard","meta":{"jetpack_post_was_ever_published":false,"_jetpack_newsletter_access":"","_jetpack_dont_email_post_to_subs":false,"_jetpack_newsletter_tier_id":0,"_jetpack_memberships_contains_paywalled_content":false,"_jetpack_memberships_contains_paid_content":false,"footnotes":"","jetpack_publicize_message":"","jetpack_publicize_feature_enabled":true,"jetpack_social_post_already_shared":false,"jetpack_social_options":{"image_generator_settings":{"template":"highway","default_image_id":0,"font":"","enabled":false},"version":2}},"categories":[1],"tags":[],"class_list":["post-94","post","type-post","status-publish","format-standard","hentry","category-general"],"jetpack_publicize_connections":[],"jetpack_featured_media_url":"","jetpack-related-posts":[{"id":538,"url":"https:\/\/blogs.avui.cat\/botonier\/2010\/05\/15\/no-podem-arronsar-nos-despatlles\/","url_meta":{"origin":94,"position":0},"title":"No podem arronsar-nos d&#8217;espatlles","author":"Ramon Boixet","date":"15 maig 2010","format":false,"excerpt":"Els problemes s\u00f3n greus i ja han sortit a la pista els pallassos que, com al circ, ens volen distreure entre el trapezista i el fun\u00e0mbul.Resulta molt dif\u00edcil creure que tota la crisi mundial, i essencialment l\u2019europea, ha arribat de cop i volta sense que ning\u00fa don\u00e9s els senyals d\u2019alarma\u2026","rel":"","context":"A &quot;General&quot;","block_context":{"text":"General","link":"https:\/\/blogs.avui.cat\/botonier\/category\/general\/"},"img":{"alt_text":"","src":"","width":0,"height":0},"classes":[]},{"id":735,"url":"https:\/\/blogs.avui.cat\/botonier\/2010\/05\/15\/no-podem-arronsar-nos-despatlles-2\/","url_meta":{"origin":94,"position":1},"title":"No podem arronsar-nos d&#8217;espatlles","author":"Ramon Boixet","date":"15 maig 2010","format":false,"excerpt":"Els problemes s\u00f3n greus i ja han sortit a la pista els pallassos que, com al circ, ens volen distreure entre el trapezista i el fun\u00e0mbul.Resulta molt dif\u00edcil creure que tota la crisi mundial, i essencialment l\u2019europea, ha arribat de cop i volta sense que ning\u00fa don\u00e9s els senyals d\u2019alarma\u2026","rel":"","context":"A &quot;General&quot;","block_context":{"text":"General","link":"https:\/\/blogs.avui.cat\/botonier\/category\/general\/"},"img":{"alt_text":"","src":"","width":0,"height":0},"classes":[]},{"id":550,"url":"https:\/\/blogs.avui.cat\/botonier\/2010\/05\/27\/olor-de-podrit\/","url_meta":{"origin":94,"position":2},"title":"Olor de podrit","author":"Ramon Boixet","date":"27 maig 2010","format":false,"excerpt":"La coneguda frase de Shakespeare posada en boca d\u2019Horaci a la obra Hamlet s\u2019ha emprat normalment en una forma modificada. La gent diu que \u201ealguna cosa fa olor de podrit a Dinamarca \u201cquan en realitat s\u2019ha de traduir com \u201ealguna cosa esta podrida a l\u2019estat de Dinamarca \u201c (\"Something is\u2026","rel":"","context":"A &quot;General&quot;","block_context":{"text":"General","link":"https:\/\/blogs.avui.cat\/botonier\/category\/general\/"},"img":{"alt_text":"","src":"","width":0,"height":0},"classes":[]},{"id":593,"url":"https:\/\/blogs.avui.cat\/botonier\/2010\/07\/29\/la-mort-dun-amic\/","url_meta":{"origin":94,"position":3},"title":"La mort d&#8217;un amic","author":"Ramon Boixet","date":"29 juliol 2010","format":false,"excerpt":"Acabat d\u2019arribar d\u2019un curt viatge a Bergamo, m\u2019he trobat a casa la noticia de la mort d\u2019un amic.De sobte, totes les altres coses han perdut vig\u00e8ncia i inter\u00e9s. La noticia s\u2019ha clavat com una sageta en el meu interior, i encara no tinc la tranquil\u2022litat per dir que una mort\u2026","rel":"","context":"A &quot;General&quot;","block_context":{"text":"General","link":"https:\/\/blogs.avui.cat\/botonier\/category\/general\/"},"img":{"alt_text":"","src":"","width":0,"height":0},"classes":[]},{"id":746,"url":"https:\/\/blogs.avui.cat\/botonier\/2010\/07\/29\/la-mort-dun-amic-2\/","url_meta":{"origin":94,"position":4},"title":"La mort d&#8217;un amic","author":"Ramon Boixet","date":"29 juliol 2010","format":false,"excerpt":"Acabat d\u2019arribar d\u2019un curt viatge a Bergamo, m\u2019he trobat a casa la noticia de la mort d\u2019un amic.De sobte, totes les altres coses han perdut vig\u00e8ncia i inter\u00e9s. La noticia s\u2019ha clavat com una sageta en el meu interior, i encara no tinc la tranquil\u2022litat per dir que una mort\u2026","rel":"","context":"A &quot;General&quot;","block_context":{"text":"General","link":"https:\/\/blogs.avui.cat\/botonier\/category\/general\/"},"img":{"alt_text":"","src":"","width":0,"height":0},"classes":[]},{"id":668,"url":"https:\/\/blogs.avui.cat\/botonier\/2009\/03\/16\/larada-un-instrument-perillos-2\/","url_meta":{"origin":94,"position":5},"title":"L&#8217;arada: un instrument perill\u00f3s","author":"Ramon Boixet","date":"16 mar\u00e7 2009","format":false,"excerpt":"Algunes vegades ens topem amb declaracions que ens causen una veritable sorpresa. \u00c9s el que m'ha succeit al llegir un a extensa interviu al cient\u00edfic David R. Montgomery.Aquest professor de Geomorfologia a l'Universitat de Seattle als Estats Units ha passat dos mesos a Sui\u00e7a convidat pel Polit\u00e8cnic de Zuric i\u2026","rel":"","context":"A &quot;General&quot;","block_context":{"text":"General","link":"https:\/\/blogs.avui.cat\/botonier\/category\/general\/"},"img":{"alt_text":"","src":"","width":0,"height":0},"classes":[]}],"jetpack_sharing_enabled":true,"jetpack_likes_enabled":true,"_links":{"self":[{"href":"https:\/\/blogs.avui.cat\/botonier\/wp-json\/wp\/v2\/posts\/94","targetHints":{"allow":["GET"]}}],"collection":[{"href":"https:\/\/blogs.avui.cat\/botonier\/wp-json\/wp\/v2\/posts"}],"about":[{"href":"https:\/\/blogs.avui.cat\/botonier\/wp-json\/wp\/v2\/types\/post"}],"author":[{"embeddable":true,"href":"https:\/\/blogs.avui.cat\/botonier\/wp-json\/wp\/v2\/users\/126"}],"replies":[{"embeddable":true,"href":"https:\/\/blogs.avui.cat\/botonier\/wp-json\/wp\/v2\/comments?post=94"}],"version-history":[{"count":2,"href":"https:\/\/blogs.avui.cat\/botonier\/wp-json\/wp\/v2\/posts\/94\/revisions"}],"predecessor-version":[{"id":3236,"href":"https:\/\/blogs.avui.cat\/botonier\/wp-json\/wp\/v2\/posts\/94\/revisions\/3236"}],"wp:attachment":[{"href":"https:\/\/blogs.avui.cat\/botonier\/wp-json\/wp\/v2\/media?parent=94"}],"wp:term":[{"taxonomy":"category","embeddable":true,"href":"https:\/\/blogs.avui.cat\/botonier\/wp-json\/wp\/v2\/categories?post=94"},{"taxonomy":"post_tag","embeddable":true,"href":"https:\/\/blogs.avui.cat\/botonier\/wp-json\/wp\/v2\/tags?post=94"}],"curies":[{"name":"wp","href":"https:\/\/api.w.org\/{rel}","templated":true}]}}