{"id":929,"date":"2011-03-12T15:07:50","date_gmt":"2011-03-12T14:07:50","guid":{"rendered":"http:\/\/blogs.avui.cat\/botonier\/?p=929"},"modified":"2013-06-19T09:47:02","modified_gmt":"2013-06-19T08:47:02","slug":"o-terra-o-cendra","status":"publish","type":"post","link":"https:\/\/blogs.avui.cat\/botonier\/2011\/03\/12\/o-terra-o-cendra\/","title":{"rendered":"O terra o cendra"},"content":{"rendered":"<p><a href=\"https:\/\/i0.wp.com\/blogs.avui.cat\/botonier\/files\/2011\/03\/Sendra.jpg\"><img data-recalc-dims=\"1\" loading=\"lazy\" decoding=\"async\" class=\"alignnone size-full wp-image-930\" src=\"https:\/\/i0.wp.com\/blogs.avui.cat\/botonier\/files\/2011\/03\/Sendra.jpg?resize=149%2C112\" alt=\"\" width=\"149\" height=\"112\" \/><\/a><\/p>\n<p>En un cap de setmana on el m\u00f3n est\u00e0 sacsejat i a molts indrets la trag\u00e8dia (natural o provocada) sembla dominar, potser \u00e9s una bona idea llegir poesia i no perqu\u00e8 sigui necess\u00e0riament una pomada per les ferides, que molta poesia \u00e9s dura i aspre al toc.<\/p>\n<p>Com deia \u00c8squil, l\u2019art \u00e9s molt m\u00e9s feble que la necessitat, per\u00f2 la poesia ens diu les coses d\u2019una manera definitiva, precisa i clara encara que sembli que nom\u00e9s juga amb les paraules i la llengua.<\/p>\n<p>Brossa va escriure un sonet \u201e O terra o cendra \u201c que, com tota la seva obra, conv\u00e9 llegir i del que vull recordar el tercet final:<\/p>\n<p><em>\u201e No retornem enrere amb la nefanda troca:<br \/>\nFerms en el nostre dret guardem mesura justa<br \/>\nO el pont de l\u2019\u00fanic pas possible s\u2019enderroca \u201c.<br \/>\n<\/em><br \/>\nHo voleu m\u00e9s clar?<\/p>\n","protected":false},"excerpt":{"rendered":"<p>En un cap de setmana on el m\u00f3n est\u00e0 sacsejat i a molts indrets la trag\u00e8dia (natural o provocada) sembla dominar, potser \u00e9s una bona idea llegir poesia i no perqu\u00e8 sigui necess\u00e0riament una pomada per les ferides, que molta poesia \u00e9s dura i aspre al toc. Com deia \u00c8squil, l\u2019art \u00e9s molt m\u00e9s feble [&hellip;]<\/p>\n","protected":false},"author":126,"featured_media":0,"comment_status":"closed","ping_status":"closed","sticky":false,"template":"","format":"standard","meta":{"jetpack_post_was_ever_published":false,"_jetpack_newsletter_access":"","_jetpack_dont_email_post_to_subs":false,"_jetpack_newsletter_tier_id":0,"_jetpack_memberships_contains_paywalled_content":false,"_jetpack_memberships_contains_paid_content":false,"footnotes":"","jetpack_publicize_message":"","jetpack_publicize_feature_enabled":true,"jetpack_social_post_already_shared":false,"jetpack_social_options":{"image_generator_settings":{"template":"highway","default_image_id":0,"font":"","enabled":false},"version":2}},"categories":[1],"tags":[],"class_list":["post-929","post","type-post","status-publish","format-standard","hentry","category-general"],"jetpack_publicize_connections":[],"jetpack_featured_media_url":"","jetpack-related-posts":[{"id":14,"url":"https:\/\/blogs.avui.cat\/botonier\/2008\/03\/06\/eleccions-i-poesia\/","url_meta":{"origin":929,"position":0},"title":"Eleccions i poesia","author":"Ramon Boixet","date":"6 mar\u00e7 2008","format":false,"excerpt":"Tenia ganes d\u2019escriure sobre les eleccions del diumenge. Per\u00f2 no ho far\u00e9, per dos motius essencials : de Su\u00efssa estant, com de l\u2019estranger en general, ja s\u2019ha votat fa m\u00e9s d\u2019una setmana, de manera que no cal fer especulacions o canvis, i les paperetes dels partits no votats fan companyia\u2026","rel":"","context":"A &quot;General&quot;","block_context":{"text":"General","link":"https:\/\/blogs.avui.cat\/botonier\/category\/general\/"},"img":{"alt_text":"","src":"","width":0,"height":0},"classes":[]},{"id":235,"url":"https:\/\/blogs.avui.cat\/botonier\/2009\/04\/22\/jm-de-sagarra-un-fenomen-de-la-literatura\/","url_meta":{"origin":929,"position":1},"title":"J.M. de Sagarra, un fenomen de la literatura","author":"Ramon Boixet","date":"22 abril 2009","format":false,"excerpt":"La vig\u00edlia de la nostra festa de Sant Jordi, tant lligada als llibres, em fa pensar en la gran quantitat de novetats editorials que dem\u00e0 sortiran a la llum, i al gran nombre d'autors que els lectors podran trobar i deixar signar exemplars. \u00c9s molt important que els autors, que\u2026","rel":"","context":"A &quot;General&quot;","block_context":{"text":"General","link":"https:\/\/blogs.avui.cat\/botonier\/category\/general\/"},"img":{"alt_text":"","src":"","width":0,"height":0},"classes":[]},{"id":332,"url":"https:\/\/blogs.avui.cat\/botonier\/2009\/08\/17\/la-bruticia-a-les-ciutats\/","url_meta":{"origin":929,"position":2},"title":"La bruticia a les ciutats","author":"Ramon Boixet","date":"17 agost 2009","format":false,"excerpt":"El problema \u00e9s general: les ciutats s\u00f3n cada vegada m\u00e9s brutes. Tirar a terra papers, llaunes, envasos i burilles de cigarreta sembla una cosa normal malgrat el nombre cada vegada m\u00e9s gran de papereres i cendrers tant al carrer com a l\u2019entrada de moltes botiges o empreses.Fins i tot a\u2026","rel":"","context":"A &quot;General&quot;","block_context":{"text":"General","link":"https:\/\/blogs.avui.cat\/botonier\/category\/general\/"},"img":{"alt_text":"","src":"","width":0,"height":0},"classes":[]},{"id":660,"url":"https:\/\/blogs.avui.cat\/botonier\/2008\/11\/21\/lajut-dels-poetes-2\/","url_meta":{"origin":929,"position":3},"title":"L&#8217;ajut dels poetes","author":"Ramon Boixet","date":"21 novembre 2008","format":false,"excerpt":"Sempre m'ha agradat la poesia. El primer poema que va fer part de la meva vida va ser un sonet escrit pel meu pare i que es va imprimir (en catal\u00e0!) el novembre del 1942 a les participacions del meu naixement. Sempre m'han agradat els poetes valents, els poetes inc\u00f2modes,\u2026","rel":"","context":"A &quot;General&quot;","block_context":{"text":"General","link":"https:\/\/blogs.avui.cat\/botonier\/category\/general\/"},"img":{"alt_text":"","src":"","width":0,"height":0},"classes":[]},{"id":93,"url":"https:\/\/blogs.avui.cat\/botonier\/2008\/11\/21\/lajut-dels-poetes\/","url_meta":{"origin":929,"position":4},"title":"L&#8217;ajut dels poetes","author":"Ramon Boixet","date":"21 novembre 2008","format":false,"excerpt":"Sempre m'ha agradat la poesia. El primer poema que va fer part de la meva vida va ser un sonet escrit pel meu pare i que es va imprimir (en catal\u00e0!) el novembre del 1942 a les participacions del meu naixement. Sempre m'han agradat els poetes valents, els poetes inc\u00f2modes,\u2026","rel":"","context":"A &quot;General&quot;","block_context":{"text":"General","link":"https:\/\/blogs.avui.cat\/botonier\/category\/general\/"},"img":{"alt_text":"","src":"","width":0,"height":0},"classes":[]},{"id":77,"url":"https:\/\/blogs.avui.cat\/botonier\/2008\/10\/22\/dubtes-i-mes-dubtes\/","url_meta":{"origin":929,"position":5},"title":"Dubtes i m\u00e9s dubtes","author":"Ramon Boixet","date":"22 octubre 2008","format":false,"excerpt":"Tots els mitjans de comunicaci\u00f3, escrits, parlats i electr\u00f2nics, ens aclaparen darrerament amb un allau de noticies sobre la situaci\u00f3 financera mundial i nacional. Les opinions son per tots el gustos i van de la desesperaci\u00f3 i poca esperan\u00e7a en el futur fins al optimisme encara que mesurat. Uns creuen\u2026","rel":"","context":"A &quot;General&quot;","block_context":{"text":"General","link":"https:\/\/blogs.avui.cat\/botonier\/category\/general\/"},"img":{"alt_text":"","src":"","width":0,"height":0},"classes":[]}],"jetpack_sharing_enabled":true,"jetpack_likes_enabled":true,"_links":{"self":[{"href":"https:\/\/blogs.avui.cat\/botonier\/wp-json\/wp\/v2\/posts\/929","targetHints":{"allow":["GET"]}}],"collection":[{"href":"https:\/\/blogs.avui.cat\/botonier\/wp-json\/wp\/v2\/posts"}],"about":[{"href":"https:\/\/blogs.avui.cat\/botonier\/wp-json\/wp\/v2\/types\/post"}],"author":[{"embeddable":true,"href":"https:\/\/blogs.avui.cat\/botonier\/wp-json\/wp\/v2\/users\/126"}],"replies":[{"embeddable":true,"href":"https:\/\/blogs.avui.cat\/botonier\/wp-json\/wp\/v2\/comments?post=929"}],"version-history":[{"count":6,"href":"https:\/\/blogs.avui.cat\/botonier\/wp-json\/wp\/v2\/posts\/929\/revisions"}],"predecessor-version":[{"id":2422,"href":"https:\/\/blogs.avui.cat\/botonier\/wp-json\/wp\/v2\/posts\/929\/revisions\/2422"}],"wp:attachment":[{"href":"https:\/\/blogs.avui.cat\/botonier\/wp-json\/wp\/v2\/media?parent=929"}],"wp:term":[{"taxonomy":"category","embeddable":true,"href":"https:\/\/blogs.avui.cat\/botonier\/wp-json\/wp\/v2\/categories?post=929"},{"taxonomy":"post_tag","embeddable":true,"href":"https:\/\/blogs.avui.cat\/botonier\/wp-json\/wp\/v2\/tags?post=929"}],"curies":[{"name":"wp","href":"https:\/\/api.w.org\/{rel}","templated":true}]}}