{"id":91,"date":"2008-11-19T12:01:00","date_gmt":"2008-11-19T10:01:00","guid":{"rendered":"http:\/\/blogs.avui.cat\/botonier\/2008\/11\/19\/els-bocabadats-i-la-cupula-de-barcelo\/"},"modified":"2013-06-19T09:50:38","modified_gmt":"2013-06-19T08:50:38","slug":"els-bocabadats-i-la-cupula-de-barcelo","status":"publish","type":"post","link":"https:\/\/blogs.avui.cat\/botonier\/2008\/11\/19\/els-bocabadats-i-la-cupula-de-barcelo\/","title":{"rendered":"Els bocabadats i la c\u00fapula de Barcel\u00f3"},"content":{"rendered":"<p><a href=\"https:\/\/i0.wp.com\/3.bp.blogspot.com\/_gS2A8TwyupA\/SSPk2KWlF3I\/AAAAAAAAAOc\/Um7FTIRaz1U\/s1600-h\/UNO.jpg\"><img data-recalc-dims=\"1\" decoding=\"async\" src=\"https:\/\/i0.wp.com\/3.bp.blogspot.com\/_gS2A8TwyupA\/SSPk2KWlF3I\/AAAAAAAAAOc\/Um7FTIRaz1U\/s200\/UNO.jpg\" border=\"0\" \/><\/a><br \/>Molt s&#8217;ha escrit i molt s&#8217;escriur\u00e0 sobre la c\u00fapula de la Sala XX del Palau de les Nacions Unides de Ginebra, inaugurada el dimarts. La pol\u00e8mica va per molts camins: el preu de 30 milions d&#8217;euros, el veritable valor art\u00edstic de l&#8217;obra de Barcel\u00f3, la necessitat que Espanya tenia de regalar aquesta obra&#8230;<br \/>Abans les c\u00fapules estaven recobertes d&#8217;or per l&#8217;exterior; ara l&#8217;interior costa com si estigu\u00e9s recobert d&#8217;or, i m\u00e9s encara. <\/p>\n<p>L&#8217;inauguraci\u00f3 va ser brillant: els Reis d&#8217;Espanya, el secretari general de l&#8217;ONU, el President de la Confederaci\u00f3 Su\u00efssa, el Primer Ministre turc, el President del Govern Espanyol senyor Rodr\u00edguez, el Ministre d&#8217;Afers Exteriors senyor Moratinos i un llarg etc\u00e8tera de 700 convidats. <\/p>\n<p>A l&#8217;hora dels discursos, els adjectius van superar de molt els substantius. Moratinos va parlar de \u201c la Capella Sixtina del segle XXI\u201d, Rodr\u00edguez  d&#8217;un \u201creflex de l&#8217;Espanya actual\u201d fet per \u201c un geni contemporani\u201d, i el Rei va parlar \u201cd&#8217;obra impressionant\u201d de \u201cbellesa creativa i for\u00e7a expressiva\u201d.<\/p>\n<p>Naturalment, cap dels tres oradors que he citat mereix credibilitat al parlar sobre art, ja que no han demostrat mai massa inter\u00e8s per la creaci\u00f3 art\u00edstica. El Rei, quan es veu obligat a assistir a un acte cultural, posa una cara entre avorrida i distreta que s&#8217;assembla molt amb la que poso jo quan em parlen de monarquia. <\/p>\n<p>Els diaris, tan d&#8217;Espanya com de Su\u00efssa, insisteixen en l&#8217;obscuritat que envolta el finan\u00e7ament de l&#8217;obra. Sembla que el 40% del 30 milions d&#8217;euros els paga el govern espanyol i el 60% una fundaci\u00f3 anomenada ONUART  de la que fan part el grup hoteler Barcel\u00f3, Iberdrola, la Caixa de Balears, el Grupo Ramon Areces i d&#8217;altres. Segurament ens explicaran el motiu de tanta generositat abans de que ens entrin masses dubtes.<\/p>\n<p>Les cr\u00edtiques sobre el valor art\u00edstic tampoc s&#8217;han fet esperar i malgrat el llarg article del galerista Artur Ramon  a l&#8217;AVUI crec que l&#8217;art, a m\u00e9s de preu que \u00e9s el terreny apte per un galerista, ha de tenir valor per justificar el preu encara que el senyor Ramon cregui que \u00e9s una de les creacions m\u00e9s importants en espais civils del segle XXI. Home, senyor Ramon, el segle XXI nom\u00e9s te 9 anys de vida, de manera que no \u00e9s massa dif\u00edcil per un artista veter\u00e0 com Barcel\u00f3 ser el millor ara com ara.  <\/p>\n<p>Potser  \u00e9s massa d&#8217;hora per jutjar la c\u00fapula del Barcel\u00f3 perqu\u00e8 el cost ens desfigura la creaci\u00f3 i el seu lloc en l&#8217;art actual. De manera que deixem els  experts que diguin la seva, i anem formant els nostres criteris sobre la manera de ajudar l&#8217;art (tant necessitat de promoci\u00f3 real, comen\u00e7ant a nivell escolar) i els honoraris del Barcel\u00f3, que segons certes indiscrecions son de 6 milions d&#8217;euros.<\/p>\n","protected":false},"excerpt":{"rendered":"<p>Molt s&#8217;ha escrit i molt s&#8217;escriur\u00e0 sobre la c\u00fapula de la Sala XX del Palau de les Nacions Unides de Ginebra, inaugurada el dimarts. La pol\u00e8mica va per molts camins: el preu de 30 milions d&#8217;euros, el veritable valor art\u00edstic de l&#8217;obra de Barcel\u00f3, la necessitat que Espanya tenia de regalar aquesta obra&#8230;Abans les c\u00fapules [&hellip;]<\/p>\n","protected":false},"author":126,"featured_media":0,"comment_status":"closed","ping_status":"closed","sticky":false,"template":"","format":"standard","meta":{"jetpack_post_was_ever_published":false,"_jetpack_newsletter_access":"","_jetpack_dont_email_post_to_subs":false,"_jetpack_newsletter_tier_id":0,"_jetpack_memberships_contains_paywalled_content":false,"_jetpack_memberships_contains_paid_content":false,"footnotes":"","jetpack_publicize_message":"","jetpack_publicize_feature_enabled":true,"jetpack_social_post_already_shared":false,"jetpack_social_options":{"image_generator_settings":{"template":"highway","default_image_id":0,"font":"","enabled":false},"version":2}},"categories":[1],"tags":[],"class_list":["post-91","post","type-post","status-publish","format-standard","hentry","category-general"],"jetpack_publicize_connections":[],"jetpack_featured_media_url":"","jetpack-related-posts":[{"id":321,"url":"https:\/\/blogs.avui.cat\/botonier\/2009\/08\/03\/tornem-hi-amb-la-cupula-del-barcelo\/","url_meta":{"origin":91,"position":0},"title":"Tornem-hi amb la c\u00fapula del Barcel\u00f3","author":"Ramon Boixet","date":"3 agost 2009","format":false,"excerpt":"\u00c9s la tercera vegada, ai!, que escric sobre la c\u00fapula que Miquel Barcel\u00f3 va crear per decorar la Sala XX del Palau de les Nacions Unides a Ginebra, la denominada Sala dels Drets Humans i de l'Alian\u00e7a de Civilitzacions.Aquesta pol\u00e8mica c\u00fapula s\u2019ha de jutjar amb dos angles diferents: l\u2019art\u00edstic i\u2026","rel":"","context":"A &quot;General&quot;","block_context":{"text":"General","link":"https:\/\/blogs.avui.cat\/botonier\/category\/general\/"},"img":{"alt_text":"","src":"","width":0,"height":0},"classes":[]},{"id":377,"url":"https:\/\/blogs.avui.cat\/botonier\/2009\/10\/24\/suissa-i-lajut-de-moratinos\/","url_meta":{"origin":91,"position":1},"title":"Su\u00efssa i l&#8217;ajut de Moratinos","author":"Ramon Boixet","date":"24 octubre 2009","format":false,"excerpt":"El 22 d\u2019agost vaig escriure sobre els problemes diplom\u00e0tics, personals i comercials que el president Gaddafi havia creat amb Su\u00efssa. Recordem que tot va comen\u00e7ar amb la detenci\u00f3 durant dos dies a Ginebra d\u2019un fill de Gaddafi, Hannibal, degut a un denuncia per maltractaments f\u00edsics feta per dos dels seus\u2026","rel":"","context":"A &quot;General&quot;","block_context":{"text":"General","link":"https:\/\/blogs.avui.cat\/botonier\/category\/general\/"},"img":{"alt_text":"","src":"","width":0,"height":0},"classes":[]},{"id":697,"url":"https:\/\/blogs.avui.cat\/botonier\/2009\/10\/24\/suissa-i-lajut-de-moratinos-2\/","url_meta":{"origin":91,"position":2},"title":"Su\u00efssa i l&#8217;ajut de Moratinos","author":"Ramon Boixet","date":"24 octubre 2009","format":false,"excerpt":"El 22 d\u2019agost vaig escriure sobre els problemes diplom\u00e0tics, personals i comercials que el president Gaddafi havia creat amb Su\u00efssa. Recordem que tot va comen\u00e7ar amb la detenci\u00f3 durant dos dies a Ginebra d\u2019un fill de Gaddafi, Hannibal, degut a un denuncia per maltractaments f\u00edsics feta per dos dels seus\u2026","rel":"","context":"A &quot;General&quot;","block_context":{"text":"General","link":"https:\/\/blogs.avui.cat\/botonier\/category\/general\/"},"img":{"alt_text":"","src":"","width":0,"height":0},"classes":[]},{"id":406,"url":"https:\/\/blogs.avui.cat\/botonier\/2009\/12\/09\/un-ministeri-ineficac\/","url_meta":{"origin":91,"position":3},"title":"Un ministeri inefica\u00e7","author":"Ramon Boixet","date":"9 desembre 2009","format":false,"excerpt":"Per crear un ministeri dins d\u2019un govern es necessiten dues coses: una l\u00ednia pol\u00edtica, \u00e9s a dir unes idees per actuar en un \u00e0mbit determinat, i una persona capa\u00e7 de portar les idees a la pr\u00e0ctica. Aix\u00f2 que \u00e9s una cosa \u00f2bvia, evident, no es pot aplicar al Ministerio de\u2026","rel":"","context":"A &quot;General&quot;","block_context":{"text":"General","link":"https:\/\/blogs.avui.cat\/botonier\/category\/general\/"},"img":{"alt_text":"","src":"","width":0,"height":0},"classes":[]},{"id":261,"url":"https:\/\/blogs.avui.cat\/botonier\/2009\/05\/22\/la-polemica-sobre-miquel-barcelo\/","url_meta":{"origin":91,"position":4},"title":"La pol\u00e8mica sobre Miquel Barcel\u00f3","author":"Ramon Boixet","date":"22 maig 2009","format":false,"excerpt":"L \u2018inauguraci\u00f3 de la c\u00fapula pintada pel Miquel Barcel\u00f3 a la Sala XX del Palau de les Nacions de l'ONU a Ginebra va obrir una pol\u00e8mica que ha sobrepassat els l\u00edmits purament art\u00edstics, degut al preu que l\u2019obra va costar i a la poca transpar\u00e8ncia del seu finan\u00e7ament. El dia\u2026","rel":"","context":"A &quot;General&quot;","block_context":{"text":"General","link":"https:\/\/blogs.avui.cat\/botonier\/category\/general\/"},"img":{"alt_text":"","src":"","width":0,"height":0},"classes":[]},{"id":447,"url":"https:\/\/blogs.avui.cat\/botonier\/2010\/02\/04\/zp-i-el-barca\/","url_meta":{"origin":91,"position":5},"title":"ZP i el Bar\u00e7a","author":"Ramon Boixet","date":"4 febrer 2010","format":false,"excerpt":"Diguem-ho una vegada m\u00e9s: l\u2019esquerra segurament disposa pel c\u00e0rrec de president del govern a Madrid d\u2019alg\u00fa amb m\u00e9s personalitat i carisma que el senyor Rodr\u00edguez, anomenat Zapatero. Nom\u00e9s s\u2019ent\u00e9n que el mantinguin en primer pla si \u00e9s que amb la seva palesa incompet\u00e8ncia en molts assumptes permet que els que\u2026","rel":"","context":"A &quot;General&quot;","block_context":{"text":"General","link":"https:\/\/blogs.avui.cat\/botonier\/category\/general\/"},"img":{"alt_text":"","src":"","width":0,"height":0},"classes":[]}],"jetpack_sharing_enabled":true,"jetpack_likes_enabled":true,"_links":{"self":[{"href":"https:\/\/blogs.avui.cat\/botonier\/wp-json\/wp\/v2\/posts\/91","targetHints":{"allow":["GET"]}}],"collection":[{"href":"https:\/\/blogs.avui.cat\/botonier\/wp-json\/wp\/v2\/posts"}],"about":[{"href":"https:\/\/blogs.avui.cat\/botonier\/wp-json\/wp\/v2\/types\/post"}],"author":[{"embeddable":true,"href":"https:\/\/blogs.avui.cat\/botonier\/wp-json\/wp\/v2\/users\/126"}],"replies":[{"embeddable":true,"href":"https:\/\/blogs.avui.cat\/botonier\/wp-json\/wp\/v2\/comments?post=91"}],"version-history":[{"count":2,"href":"https:\/\/blogs.avui.cat\/botonier\/wp-json\/wp\/v2\/posts\/91\/revisions"}],"predecessor-version":[{"id":3240,"href":"https:\/\/blogs.avui.cat\/botonier\/wp-json\/wp\/v2\/posts\/91\/revisions\/3240"}],"wp:attachment":[{"href":"https:\/\/blogs.avui.cat\/botonier\/wp-json\/wp\/v2\/media?parent=91"}],"wp:term":[{"taxonomy":"category","embeddable":true,"href":"https:\/\/blogs.avui.cat\/botonier\/wp-json\/wp\/v2\/categories?post=91"},{"taxonomy":"post_tag","embeddable":true,"href":"https:\/\/blogs.avui.cat\/botonier\/wp-json\/wp\/v2\/tags?post=91"}],"curies":[{"name":"wp","href":"https:\/\/api.w.org\/{rel}","templated":true}]}}