{"id":871,"date":"2010-12-31T10:26:45","date_gmt":"2010-12-31T08:26:45","guid":{"rendered":"http:\/\/blogs.avui.cat\/botonier\/?p=871"},"modified":"2013-06-19T09:47:05","modified_gmt":"2013-06-19T08:47:05","slug":"el-cami-independent-de-la-cultura","status":"publish","type":"post","link":"https:\/\/blogs.avui.cat\/botonier\/2010\/12\/31\/el-cami-independent-de-la-cultura\/","title":{"rendered":"El cam\u00ed independent de la cultura"},"content":{"rendered":"<p><a href=\"https:\/\/i0.wp.com\/blogs.avui.cat\/botonier\/files\/2010\/12\/Cultura.jpg\"><img data-recalc-dims=\"1\" loading=\"lazy\" decoding=\"async\" class=\"alignnone size-thumbnail wp-image-872\" src=\"https:\/\/i0.wp.com\/blogs.avui.cat\/botonier\/files\/2010\/12\/Cultura.jpg?resize=150%2C113\" alt=\"\" width=\"150\" height=\"113\" \/><\/a><\/p>\n<p>Ara que gaireb\u00e9 tothom ha comentat el govern del president Mas vull ficar cullerada abans que acabi l\u2019any.<\/p>\n<p>Al Govern de Mas pot ser criticat per ser un nou-pujolisme, per fer socio-converg\u00e8ncia (horrible expressi\u00f3), per errar al nomenar la Consellera de Just\u00edcia i un llarg etc\u00e8tera. En realitat \u00e9s tan f\u00e0cil trobar-hi defectes com ho \u00e9s esperar que treballin i demostrin fins a qui punt omplen les necessitats i les il\u2022lusions dels ciutadans.<\/p>\n<p>El Govern est\u00e0 davant de problemes molt greus que sovint no podr\u00e0 solucionar per la depend\u00e8ncia de l\u2018Estat central, de manera que Mas ha d\u2019intentar fer, all\u00e0 on es pugui, un cam\u00ed independent que, si m\u00e9s no, servir\u00e0 per demostrar la factibilitat de les vies nacionals catalanes.<\/p>\n<p>Les prioritats clares com reduir l\u2019atur, equilibrar ingressos i despeses, intentar no perjudicar als m\u00e9s febles de l\u2019escala social i augmentar l\u2019efici\u00e8ncia a tots nivells ocuparan la part m\u00e9s important dels actes de govern, i no pot ser d \u2018una altra manera.<\/p>\n<p>Al marge d\u2019aquestes actuacions priorit\u00e0ries, faig un clam per aconseguir una millor pres\u00e8ncia cultural a l\u2019exterior com a manera de donar a Catalunya una identitat que no sempre s\u2019ha promocionat com cal. Catalunya disposa d \u2018elements culturals de nivell mundial, tant en les arts pl\u00e0stiques com en m\u00fasica o literatura i el Govern pot ajudar a que cada vegada que a l\u2019exterior es parli d&#8217;un dels nostres, el nom de Catalunya i l\u2019adjectiu catal\u00e0 proclamin els or\u00edgens i destaquin la personalitat pr\u00f2pia del nostre pa\u00eds.<\/p>\n<p>L\u2019any passat vaig escriure al senyor Artur Mas unes consideracions sobre el fet cultural catal\u00e0 al l\u2019exterior, per tal de saber quina era la seva posici\u00f3 a la vista de la poca rellev\u00e0ncia que el llavors Govern donava a la imatge exterior, malgrat les anomenades \u201eambaixades \u201cdel senyor Carod-Rovira.<\/p>\n<p>Artur Mas em va contestar directament i va donar, punt per punt, les explicacions que jo volia saber. De manera que em permeto, ara que ja no \u00e9s el candidat sin\u00f3 el President, \u00a0fer un acte de confian\u00e7a a Artur Mas i al seu Conseller de Cultura. El cam\u00ed de la independ\u00e8ncia, tamb\u00e9 passa per la Cultura.<\/p>\n","protected":false},"excerpt":{"rendered":"<p>Ara que gaireb\u00e9 tothom ha comentat el govern del president Mas vull ficar cullerada abans que acabi l\u2019any. Al Govern de Mas pot ser criticat per ser un nou-pujolisme, per fer socio-converg\u00e8ncia (horrible expressi\u00f3), per errar al nomenar la Consellera de Just\u00edcia i un llarg etc\u00e8tera. En realitat \u00e9s tan f\u00e0cil trobar-hi defectes com ho [&hellip;]<\/p>\n","protected":false},"author":126,"featured_media":0,"comment_status":"closed","ping_status":"closed","sticky":false,"template":"","format":"standard","meta":{"jetpack_post_was_ever_published":false,"_jetpack_newsletter_access":"","_jetpack_dont_email_post_to_subs":false,"_jetpack_newsletter_tier_id":0,"_jetpack_memberships_contains_paywalled_content":false,"_jetpack_memberships_contains_paid_content":false,"footnotes":"","jetpack_publicize_message":"","jetpack_publicize_feature_enabled":true,"jetpack_social_post_already_shared":false,"jetpack_social_options":{"image_generator_settings":{"template":"highway","default_image_id":0,"font":"","enabled":false},"version":2}},"categories":[1],"tags":[],"class_list":["post-871","post","type-post","status-publish","format-standard","hentry","category-general"],"jetpack_publicize_connections":[],"jetpack_featured_media_url":"","jetpack-related-posts":[{"id":566,"url":"https:\/\/blogs.avui.cat\/botonier\/2010\/06\/16\/cop-de-fre-a-lautodeterminacio\/","url_meta":{"origin":871,"position":0},"title":"Cop de fre a l&#8217;autodeterminaci\u00f3","author":"Ramon Boixet","date":"16 juny 2010","format":false,"excerpt":"Les paraules d\u2019Artur Mas ahir sobre el refer\u00e8ndum d\u2019autodeterminaci\u00f3 han refredat l\u2019\u00e0nim d'alguns dels seus electors i han sorpr\u00e8s a bastants dels que no ho s\u00f3n. Segurament, com tot bon pol\u00edtic, Mas va sospesar detingudament el seu discurs i, per tant, hem d\u2019intentar esbrinar el fons real de la seva\u2026","rel":"","context":"A &quot;General&quot;","block_context":{"text":"General","link":"https:\/\/blogs.avui.cat\/botonier\/category\/general\/"},"img":{"alt_text":"","src":"","width":0,"height":0},"classes":[]},{"id":740,"url":"https:\/\/blogs.avui.cat\/botonier\/2010\/06\/16\/cop-de-fre-a-lautodeterminacio-2\/","url_meta":{"origin":871,"position":1},"title":"Cop de fre a l&#8217;autodeterminaci\u00f3","author":"Ramon Boixet","date":"16 juny 2010","format":false,"excerpt":"Les paraules d\u2019Artur Mas ahir sobre el refer\u00e8ndum d\u2019autodeterminaci\u00f3 han refredat l\u2019\u00e0nim d'alguns dels seus electors i han sorpr\u00e8s a bastants dels que no ho s\u00f3n. Segurament, com tot bon pol\u00edtic, Mas va sospesar detingudament el seu discurs i, per tant, hem d\u2019intentar esbrinar el fons real de la seva\u2026","rel":"","context":"A &quot;General&quot;","block_context":{"text":"General","link":"https:\/\/blogs.avui.cat\/botonier\/category\/general\/"},"img":{"alt_text":"","src":"","width":0,"height":0},"classes":[]},{"id":1187,"url":"https:\/\/blogs.avui.cat\/botonier\/2012\/09\/15\/tot-esperant-el-lider\/","url_meta":{"origin":871,"position":2},"title":"Tot esperant&#8230; el l\u00edder","author":"Ramon Boixet","date":"15 setembre 2012","format":false,"excerpt":"Les reaccions a Catalunya i a Espanya al voltant de la manifestaci\u00f3 del dia 11, principalment les negatives, demostren una vegada m\u00e9s que el cam\u00ed que porta a decidir lliurement el futur \u00e9s l'\u00fanic que s'ha de seguir. Els partits i les agrupacions que sempre han proclamant la seva voluntat\u2026","rel":"","context":"A &quot;General&quot;","block_context":{"text":"General","link":"https:\/\/blogs.avui.cat\/botonier\/category\/general\/"},"img":{"alt_text":"","src":"https:\/\/i0.wp.com\/blogs.avui.cat\/botonier\/files\/2012\/09\/Warten-150x150.jpg?resize=350%2C200","width":350,"height":200},"classes":[]},{"id":484,"url":"https:\/\/blogs.avui.cat\/botonier\/2010\/03\/20\/el-dificil-dilema-de-ciu\/","url_meta":{"origin":871,"position":3},"title":"El dif\u00edcil dilema de CiU","author":"Ramon Boixet","date":"20 mar\u00e7 2010","format":false,"excerpt":"Amb les eleccions a l \u2018horitz\u00f3, ser\u00e0 molt dif\u00edcil que les actuacions i les declaracions dels principals pol\u00edtics catalans no estiguin formulades sota la llosa del temor a perdre o a no guanyar vots. El PSC, segurament conven\u00e7ut que no tindr\u00e0 cap majoria a les urnes, ha de tractar de\u2026","rel":"","context":"A &quot;General&quot;","block_context":{"text":"General","link":"https:\/\/blogs.avui.cat\/botonier\/category\/general\/"},"img":{"alt_text":"","src":"","width":0,"height":0},"classes":[]},{"id":1193,"url":"https:\/\/blogs.avui.cat\/botonier\/2012\/09\/23\/el-temporal-satansa\/","url_meta":{"origin":871,"position":4},"title":"El temporal s&#8217;atansa","author":"Ramon Boixet","date":"23 setembre 2012","format":false,"excerpt":"Com era de preveure, abans de que Catalunya, mitjan\u00e7ant el seu Parlament, prengui decisions sobre el futur ja ha comen\u00e7at a anunciar-se una tempestat que de moment no va m\u00e9s enll\u00e0 de quatre gotes per\u00f2 que promet pluges fortes i calamarsa per les properes setmanes. El dimarts dia 25, el\u2026","rel":"","context":"A &quot;General&quot;","block_context":{"text":"General","link":"https:\/\/blogs.avui.cat\/botonier\/category\/general\/"},"img":{"alt_text":"","src":"https:\/\/i0.wp.com\/blogs.avui.cat\/botonier\/files\/2012\/09\/Sturm-150x150.jpg?resize=350%2C200","width":350,"height":200},"classes":[]},{"id":520,"url":"https:\/\/blogs.avui.cat\/botonier\/2010\/04\/26\/%c2%bfhem-badat\/","url_meta":{"origin":871,"position":5},"title":"\u00bfHem badat?","author":"Ramon Boixet","date":"26 abril 2010","format":false,"excerpt":"Els resultats de la consulta del cap de setmana sobre la independ\u00e8ncia han decebut, per molt que s\u2019intenti treure valor a la baixada de participaci\u00f3 respecte a les dues onades de votacions anteriors.Ni la decisi\u00f3 incerta del TC sobre l\u2019Estatut ni les properes eleccions auton\u00f2miques han motivat a m\u00e9s votants\u2026","rel":"","context":"A &quot;General&quot;","block_context":{"text":"General","link":"https:\/\/blogs.avui.cat\/botonier\/category\/general\/"},"img":{"alt_text":"","src":"","width":0,"height":0},"classes":[]}],"jetpack_sharing_enabled":true,"jetpack_likes_enabled":true,"_links":{"self":[{"href":"https:\/\/blogs.avui.cat\/botonier\/wp-json\/wp\/v2\/posts\/871","targetHints":{"allow":["GET"]}}],"collection":[{"href":"https:\/\/blogs.avui.cat\/botonier\/wp-json\/wp\/v2\/posts"}],"about":[{"href":"https:\/\/blogs.avui.cat\/botonier\/wp-json\/wp\/v2\/types\/post"}],"author":[{"embeddable":true,"href":"https:\/\/blogs.avui.cat\/botonier\/wp-json\/wp\/v2\/users\/126"}],"replies":[{"embeddable":true,"href":"https:\/\/blogs.avui.cat\/botonier\/wp-json\/wp\/v2\/comments?post=871"}],"version-history":[{"count":6,"href":"https:\/\/blogs.avui.cat\/botonier\/wp-json\/wp\/v2\/posts\/871\/revisions"}],"predecessor-version":[{"id":2435,"href":"https:\/\/blogs.avui.cat\/botonier\/wp-json\/wp\/v2\/posts\/871\/revisions\/2435"}],"wp:attachment":[{"href":"https:\/\/blogs.avui.cat\/botonier\/wp-json\/wp\/v2\/media?parent=871"}],"wp:term":[{"taxonomy":"category","embeddable":true,"href":"https:\/\/blogs.avui.cat\/botonier\/wp-json\/wp\/v2\/categories?post=871"},{"taxonomy":"post_tag","embeddable":true,"href":"https:\/\/blogs.avui.cat\/botonier\/wp-json\/wp\/v2\/tags?post=871"}],"curies":[{"name":"wp","href":"https:\/\/api.w.org\/{rel}","templated":true}]}}