{"id":855,"date":"2010-12-15T09:50:12","date_gmt":"2010-12-15T07:50:12","guid":{"rendered":"http:\/\/blogs.avui.cat\/botonier\/?p=855"},"modified":"2013-06-19T09:47:06","modified_gmt":"2013-06-19T08:47:06","slug":"lexmple-del-rodriguez-i-del-perez","status":"publish","type":"post","link":"https:\/\/blogs.avui.cat\/botonier\/2010\/12\/15\/lexmple-del-rodriguez-i-del-perez\/","title":{"rendered":"L&#8217;exemple del Rodr\u00edguez i del P\u00e9rez"},"content":{"rendered":"<p><a href=\"https:\/\/i0.wp.com\/blogs.avui.cat\/botonier\/files\/2010\/12\/sol2.jpg\"><img data-recalc-dims=\"1\" loading=\"lazy\" decoding=\"async\" class=\"alignnone size-thumbnail wp-image-856\" src=\"https:\/\/i0.wp.com\/blogs.avui.cat\/botonier\/files\/2010\/12\/sol2.jpg?resize=150%2C150\" alt=\"\" width=\"150\" height=\"150\" \/><\/a><\/p>\n<p>Ens agradi o no, malgrat l\u2019autonomia, amb un proc\u00e9s de renovaci\u00f3 dels c\u00e0rrecs pol\u00edtics per\u00f2 amb un Estatut retallat i descafe\u00efnat Catalunya encara dep\u00e8n molt de Madrid i \u00e9s inevitable mirar tot el maneguen perqu\u00e8 directament o de retruc ens afecta de ple.<\/p>\n<p>El conflicte encara no solucionat dels controladors aeris ha demostrat, fins i tot als que no se n&#8217;havien adonat, que a Madrid la maca de lideratge i d&#8217;idees \u00e9s preocupant. El senyor Rodr\u00edguez, conegut com Zapatero, nom\u00e9s ha fet que amagar-se davant dels controladors. Aprofitant la situaci\u00f3, el senyor P\u00e9rez, conegut com Rubalcaba, a entrat en possessi\u00f3 del govern de la naci\u00f3 espanyola amb la condescend\u00e8ncia de la resta de membres del govern. Un cop d&#8217;estat no violent que presenta una situaci\u00f3 \u201ede facto \u201ccom a resultat de les mancances del senyor Rodr\u00edguez, conegut com Zapatero.<\/p>\n<p>Les properes eleccions a nivell espanyol proposaran el senyor Rajoy com a alternativa al candidat de PSOE. Per una q\u00fcesti\u00f3 de vergonya pol\u00edtica, probablement el dit Zapatero plegar\u00e0 i el P\u00e9rez sembla tenir moltes cartes per continuar el joc. El senyor Rajoy sembla tamb\u00e9 mancat d\u2019idees, i no demostra tenir ni personalitat f\u00edsica ni dial\u00e8ctica fora de criticar al PSOE. De totes maneres una alternativa P\u00e9rez Rubalcaba &#8211; Rajoy cada vegada sembla m\u00e9s factible .<\/p>\n<p>Farem molt b\u00e9 d\u2019anar construint un cam\u00ed propi, per no anar a remolc de personatges tan poc recomanables. No n\u2019hi ha prou de dir-ho: mai com ara Catalunya s\u2019ha d\u2019unir per tirar endavant. Potser no som millors, per\u00f2 segur que som diferents.<\/p>\n","protected":false},"excerpt":{"rendered":"<p>Ens agradi o no, malgrat l\u2019autonomia, amb un proc\u00e9s de renovaci\u00f3 dels c\u00e0rrecs pol\u00edtics per\u00f2 amb un Estatut retallat i descafe\u00efnat Catalunya encara dep\u00e8n molt de Madrid i \u00e9s inevitable mirar tot el maneguen perqu\u00e8 directament o de retruc ens afecta de ple. El conflicte encara no solucionat dels controladors aeris ha demostrat, fins i [&hellip;]<\/p>\n","protected":false},"author":126,"featured_media":0,"comment_status":"closed","ping_status":"closed","sticky":false,"template":"","format":"standard","meta":{"jetpack_post_was_ever_published":false,"_jetpack_newsletter_access":"","_jetpack_dont_email_post_to_subs":false,"_jetpack_newsletter_tier_id":0,"_jetpack_memberships_contains_paywalled_content":false,"_jetpack_memberships_contains_paid_content":false,"footnotes":"","jetpack_publicize_message":"","jetpack_publicize_feature_enabled":true,"jetpack_social_post_already_shared":false,"jetpack_social_options":{"image_generator_settings":{"template":"highway","default_image_id":0,"font":"","enabled":false},"version":2}},"categories":[1],"tags":[],"class_list":["post-855","post","type-post","status-publish","format-standard","hentry","category-general"],"jetpack_publicize_connections":[],"jetpack_featured_media_url":"","jetpack-related-posts":[{"id":302,"url":"https:\/\/blogs.avui.cat\/botonier\/2009\/07\/07\/la-tactica-de-madrid\/","url_meta":{"origin":855,"position":0},"title":"La t\u00e0ctica de Madrid","author":"Ramon Boixet","date":"7 juliol 2009","format":false,"excerpt":"Potser \u00e9s casualitat, o \u00e9s que tinc la pell molt fina per\u00f2 em sembla que a Madrid s\u2019han especialitzat en distreure l\u2019atenci\u00f3 de les coses importants, i ho fan amb un estil professional impactant.Ah!, i quan dic Madrid vull dir tant el govern central com el Real Madrid C.F. que\u2026","rel":"","context":"A &quot;General&quot;","block_context":{"text":"General","link":"https:\/\/blogs.avui.cat\/botonier\/category\/general\/"},"img":{"alt_text":"","src":"","width":0,"height":0},"classes":[]},{"id":285,"url":"https:\/\/blogs.avui.cat\/botonier\/2009\/06\/17\/riallada-a-la-t1\/","url_meta":{"origin":855,"position":1},"title":"Riallada a la T1","author":"Ramon Boixet","date":"17 juny 2009","format":false,"excerpt":"Avui tota la premsa i la radio van plenes de noticies i comentaris sobre l\u2019acte d\u2019inauguraci\u00f3 de la terminal anomenada T1 a l\u2019aeroport del Prat. Fora del Rei (que per cert ning\u00fa ha explicat perqu\u00e8 no el varen convidar), les m\u00e0ximes autoritats de l\u2019estat espanyol i de Catalunya estaven presents\u2026","rel":"","context":"A &quot;General&quot;","block_context":{"text":"General","link":"https:\/\/blogs.avui.cat\/botonier\/category\/general\/"},"img":{"alt_text":"","src":"","width":0,"height":0},"classes":[]},{"id":487,"url":"https:\/\/blogs.avui.cat\/botonier\/2010\/03\/24\/zp-o-la-visita-innecessaria\/","url_meta":{"origin":855,"position":2},"title":"ZP, o la visita innecess\u00e0ria","author":"Ramon Boixet","date":"24 mar\u00e7 2010","format":false,"excerpt":"La visita que el dilluns va fer a Catalunya el senyor Jos\u00e9 Luis Rodr\u00edguez, conegut com a Zapatero, no va aixecar cap mena d\u2019entusiasme. Va arribar, va fer la seva inauguraci\u00f3 protocol\u2022l\u00e0ria, va dinar amb el President Montilla i va donar una entrevista a TV3. Tot plegat, una mica trist\u2026","rel":"","context":"A &quot;General&quot;","block_context":{"text":"General","link":"https:\/\/blogs.avui.cat\/botonier\/category\/general\/"},"img":{"alt_text":"","src":"","width":0,"height":0},"classes":[]},{"id":784,"url":"https:\/\/blogs.avui.cat\/botonier\/2010\/10\/21\/lecologia-i-el-valor-dels-ocells\/","url_meta":{"origin":855,"position":3},"title":"L&#8217;ecologia i el valor dels ocells","author":"Ramon Boixet","date":"21 octubre 2010","format":false,"excerpt":"Avui, quan sembla que el tema \u00fanic de conversa \u00e9s l \u2018arrebossada d\u2019esquerdes a la paret del govern de Madrid, he decidit parlar dels ocells i del preu de l\u2019ecologia. No per manca d\u2019inter\u00e9s en la davallada del govern Rodr\u00edguez, conegut com Zapatero, sin\u00f3 perqu\u00e8 davant de tanta inefic\u00e0cia prefereixo\u2026","rel":"","context":"A &quot;General&quot;","block_context":{"text":"General","link":"https:\/\/blogs.avui.cat\/botonier\/category\/general\/"},"img":{"alt_text":"","src":"https:\/\/i0.wp.com\/blogs.avui.cat\/botonier\/files\/2010\/10\/Mallerenga.jpg?resize=350%2C200","width":350,"height":200},"classes":[]},{"id":859,"url":"https:\/\/blogs.avui.cat\/botonier\/2010\/12\/18\/la-venjanca-de-zapatero\/","url_meta":{"origin":855,"position":4},"title":"La venjan\u00e7a de Zapatero","author":"Ramon Boixet","date":"18 desembre 2010","format":false,"excerpt":"El senyor Rodr\u00edguez, de nom artistic Zapatero, pot servir d\u2019exemple sobre com no ha de ser un cap de govern. Els molts apropaments a Zapatero per part dos darrers tripartits, no han aconsseguit fer confondre als ciutadans catalans que a l\u2019hora de votar han marcat clarament les dist\u00e0ncies amb Madrid.\u2026","rel":"","context":"A &quot;General&quot;","block_context":{"text":"General","link":"https:\/\/blogs.avui.cat\/botonier\/category\/general\/"},"img":{"alt_text":"","src":"https:\/\/i0.wp.com\/blogs.avui.cat\/botonier\/files\/2010\/12\/Zapatero-150x104.jpg?resize=350%2C200","width":350,"height":200},"classes":[]},{"id":577,"url":"https:\/\/blogs.avui.cat\/botonier\/2010\/07\/01\/el-trist-paper-despanya\/","url_meta":{"origin":855,"position":5},"title":"El trist paper d&#8217;Espanya","author":"Ramon Boixet","date":"1 juliol 2010","format":false,"excerpt":"Ahir va ser el darrer dia de la presid\u00e8ncia de torn de l \u2018UE per part d\u2019Espanya. Per dir la veritat, no \u00e9s que aquesta presid\u00e8ncia tingui massa valor efectiu ja que respon a una defer\u00e8ncia envers dels estats membres, sobretot dels menys brillants, per tal que durant sis mesos\u2026","rel":"","context":"A &quot;General&quot;","block_context":{"text":"General","link":"https:\/\/blogs.avui.cat\/botonier\/category\/general\/"},"img":{"alt_text":"","src":"","width":0,"height":0},"classes":[]}],"jetpack_sharing_enabled":true,"jetpack_likes_enabled":true,"_links":{"self":[{"href":"https:\/\/blogs.avui.cat\/botonier\/wp-json\/wp\/v2\/posts\/855","targetHints":{"allow":["GET"]}}],"collection":[{"href":"https:\/\/blogs.avui.cat\/botonier\/wp-json\/wp\/v2\/posts"}],"about":[{"href":"https:\/\/blogs.avui.cat\/botonier\/wp-json\/wp\/v2\/types\/post"}],"author":[{"embeddable":true,"href":"https:\/\/blogs.avui.cat\/botonier\/wp-json\/wp\/v2\/users\/126"}],"replies":[{"embeddable":true,"href":"https:\/\/blogs.avui.cat\/botonier\/wp-json\/wp\/v2\/comments?post=855"}],"version-history":[{"count":6,"href":"https:\/\/blogs.avui.cat\/botonier\/wp-json\/wp\/v2\/posts\/855\/revisions"}],"predecessor-version":[{"id":2439,"href":"https:\/\/blogs.avui.cat\/botonier\/wp-json\/wp\/v2\/posts\/855\/revisions\/2439"}],"wp:attachment":[{"href":"https:\/\/blogs.avui.cat\/botonier\/wp-json\/wp\/v2\/media?parent=855"}],"wp:term":[{"taxonomy":"category","embeddable":true,"href":"https:\/\/blogs.avui.cat\/botonier\/wp-json\/wp\/v2\/categories?post=855"},{"taxonomy":"post_tag","embeddable":true,"href":"https:\/\/blogs.avui.cat\/botonier\/wp-json\/wp\/v2\/tags?post=855"}],"curies":[{"name":"wp","href":"https:\/\/api.w.org\/{rel}","templated":true}]}}