{"id":851,"date":"2010-12-11T10:21:21","date_gmt":"2010-12-11T08:21:21","guid":{"rendered":"http:\/\/blogs.avui.cat\/botonier\/?p=851"},"modified":"2013-06-19T09:47:06","modified_gmt":"2013-06-19T08:47:06","slug":"menys-que-un-club","status":"publish","type":"post","link":"https:\/\/blogs.avui.cat\/botonier\/2010\/12\/11\/menys-que-un-club\/","title":{"rendered":"Menys que un club?"},"content":{"rendered":"<p><a href=\"https:\/\/i0.wp.com\/blogs.avui.cat\/botonier\/files\/2010\/12\/Bar%C3%A7a.jpg\"><img data-recalc-dims=\"1\" loading=\"lazy\" decoding=\"async\" class=\"alignnone size-thumbnail wp-image-852\" src=\"https:\/\/i0.wp.com\/blogs.avui.cat\/botonier\/files\/2010\/12\/Bar%C3%A7a.jpg?resize=150%2C124\" alt=\"\" width=\"150\" height=\"124\" \/><\/a><\/p>\n<p>La decisi\u00f3 de la Junta del senyor Rosell de comercialitzar la samarreta del Bar\u00e7a ha fet esclatar els \u00e0nims de molts \u201eculers \u201cque creuen que no era necessari trencar la tradici\u00f3 centen\u00e0ria de no exhibir publicitat comercial a l\u2019equipament.<\/p>\n<p>De fet, el logotip de la marca Nike, segurament inevitable, era i \u00e9s una publicitat comercial discreta, si \u00e9s vol., encara que potser compensada amb uns ingressos gens menyspreables per la venda de samarretes. Ning\u00fa s\u2019ha queixat.<\/p>\n<p>El logotip de la UNICEF ni suposa ingressos, ans el contrari, i representa una instituci\u00f3 internacional dedicada a la inf\u00e0ncia de manera que el nivell \u201epropagand\u00edstic \u201cqueda molt disculpat per les condicions econ\u00f2miques i el sentiment de solidaritat.<\/p>\n<p>El contracte que la junta de Rosell ha signat amb l\u2019emirat de Qatar per posar a la samarreta del Bar\u00e7a el logotip de la \u201eQatar Foundation\u201csuposa cobrar 30 milions d\u2019euros cada any fins al 2016, quantitat que ha perm\u00e8s que alguns directius oblidin actituds anteriors.<\/p>\n<p>La Qatar Foundation diu la premsa que va ser creada per l\u2019Emir Al Thani, per qui l\u2019empresa BSM del senyor Rosell va treballar en un projecte de desenvolupament esportiu. Ser\u00e0 dificil no lligar aquest fet amb la venda de l\u2019espai fins ara lliure de la samarreta del Bar\u00e7a.<\/p>\n<p>Segurament els calaixos del Bar\u00e7a estan m\u00e9s buits del que calia esperar, i els milions de l\u2019Emir de Qatar permetran tapar alguns forats econ\u00f2mics. O potser no. La q\u00fcesti\u00f3 \u00e9s que posats a fer, el Bar\u00e7a cada vegada s\u2019assembla m\u00e9s a qualsevol dels altres equips de la seva Lliga, i que, a poc a poc, deixa de ser m\u00e9s que un club per ser un club m\u00e9s.<\/p>\n","protected":false},"excerpt":{"rendered":"<p>La decisi\u00f3 de la Junta del senyor Rosell de comercialitzar la samarreta del Bar\u00e7a ha fet esclatar els \u00e0nims de molts \u201eculers \u201cque creuen que no era necessari trencar la tradici\u00f3 centen\u00e0ria de no exhibir publicitat comercial a l\u2019equipament. De fet, el logotip de la marca Nike, segurament inevitable, era i \u00e9s una publicitat comercial [&hellip;]<\/p>\n","protected":false},"author":126,"featured_media":0,"comment_status":"closed","ping_status":"closed","sticky":false,"template":"","format":"standard","meta":{"jetpack_post_was_ever_published":false,"_jetpack_newsletter_access":"","_jetpack_dont_email_post_to_subs":false,"_jetpack_newsletter_tier_id":0,"_jetpack_memberships_contains_paywalled_content":false,"_jetpack_memberships_contains_paid_content":false,"footnotes":"","jetpack_publicize_message":"","jetpack_publicize_feature_enabled":true,"jetpack_social_post_already_shared":false,"jetpack_social_options":{"image_generator_settings":{"template":"highway","default_image_id":0,"font":"","enabled":false},"version":2}},"categories":[1],"tags":[],"class_list":["post-851","post","type-post","status-publish","format-standard","hentry","category-general"],"jetpack_publicize_connections":[],"jetpack_featured_media_url":"","jetpack-related-posts":[{"id":199,"url":"https:\/\/blogs.avui.cat\/botonier\/2009\/03\/12\/la-ue-i-el-vi-rosat\/","url_meta":{"origin":851,"position":0},"title":"La UE i el vi rosat","author":"Ramon Boixet","date":"12 mar\u00e7 2009","format":false,"excerpt":"Tanmateix sembla que la Comissi\u00f3 Europea necessiti demostrar cada dos per tres la seva utilitat com a \u00f2rgan decisiu i es fica en temes realment sorprenents.Resulta que estan preparant una norma sobre els vins rosats. Contr\u00e0riament al que molta gent creu, un vi rosat no \u00e9s una barreja de vi\u2026","rel":"","context":"A &quot;General&quot;","block_context":{"text":"General","link":"https:\/\/blogs.avui.cat\/botonier\/category\/general\/"},"img":{"alt_text":"","src":"","width":0,"height":0},"classes":[]},{"id":570,"url":"https:\/\/blogs.avui.cat\/botonier\/2010\/06\/21\/laporta-no-ho-deixa-clar\/","url_meta":{"origin":851,"position":1},"title":"Laporta no ho deixa clar","author":"Ramon Boixet","date":"21 juny 2010","format":false,"excerpt":"En un article al diari Avui l'encara president del FC Barcelona Joan Laporta manifesta p\u00fablicament i amb certa extensi\u00f3 la seva idea del futur de Catalunya. Sorpr\u00e8n la data de publicaci\u00f3 ja que encara no ha deixat oficialment el c\u00e0rrec al Bar\u00e7a per\u00f2 potser s\u2019ha volgut avan\u00e7ar a l'arribada de\u2026","rel":"","context":"A &quot;General&quot;","block_context":{"text":"General","link":"https:\/\/blogs.avui.cat\/botonier\/category\/general\/"},"img":{"alt_text":"","src":"","width":0,"height":0},"classes":[]},{"id":15,"url":"https:\/\/blogs.avui.cat\/botonier\/2008\/03\/12\/les-botigues-perdudes-de-manresa\/","url_meta":{"origin":851,"position":2},"title":"Les botigues (perdudes) de Manresa","author":"Ramon Boixet","date":"12 mar\u00e7 2008","format":false,"excerpt":"Fa cosa d\u2019un any i escaig vaig escriure per \u201eEl Pou de la Gallina\u201c un petit article sobre el Carrer d\u2019Urgell, el \u201emeu\u201c Carrer d\u2019Urgell, es a dir el que jo recordo, ja que hi vaig n\u00e9ixer i on vaig viure - amb les conseq\u00fcents interrupcions com a estudiant a\u2026","rel":"","context":"A &quot;General&quot;","block_context":{"text":"General","link":"https:\/\/blogs.avui.cat\/botonier\/category\/general\/"},"img":{"alt_text":"","src":"","width":0,"height":0},"classes":[]},{"id":630,"url":"https:\/\/blogs.avui.cat\/botonier\/2010\/09\/03\/nuvols-damunt-laporta\/","url_meta":{"origin":851,"position":3},"title":"N\u00favols damunt Laporta","author":"Ramon Boixet","date":"3 setembre 2010","format":false,"excerpt":"Era d\u2019esperar. Els triomfs del Bar\u00e7a i l\u2019entrada de Laporta en el m\u00f3n de la pol\u00edtica, amb aspiracions a la presid\u00e8ncia de la Generalitat, no podien quedar sense esc\u00e0ndols. Els mitjans de comunicaci\u00f3 s\u2019han fet ress\u00f2 de les informacions del diari MARCA sobre presumptes corrupcions en el Bar\u00e7a de Laporta.\u2026","rel":"","context":"A &quot;General&quot;","block_context":{"text":"General","link":"https:\/\/blogs.avui.cat\/botonier\/category\/general\/"},"img":{"alt_text":"","src":"","width":0,"height":0},"classes":[]},{"id":564,"url":"https:\/\/blogs.avui.cat\/botonier\/2010\/06\/14\/el-gran-triomf-de-jaume-cabre-i-que-el-barca-em-perdoni\/","url_meta":{"origin":851,"position":4},"title":"El gran triomf de Jaume Cabr\u00e9 (i que el Bar\u00e7a em perdoni)","author":"Ramon Boixet","date":"14 juny 2010","format":false,"excerpt":"Avui, l\u2019escriptor Jaume Cabr\u00e9 ser\u00e0 distingit amb el Premi d \u2018Honor de les Lletres Catalanes. La import\u00e0ncia del premi i sobretot les grans qualitats de Cabr\u00e9 fan indiscutible el que avui en parli uns moments, per damunt de l\u2019elecci\u00f3 d\u2019Alexandre (Sandro) Rosell com a president del Bar\u00e7a.Jaume Cabr\u00e9 \u00e9s conegut\u2026","rel":"","context":"A &quot;General&quot;","block_context":{"text":"General","link":"https:\/\/blogs.avui.cat\/botonier\/category\/general\/"},"img":{"alt_text":"","src":"","width":0,"height":0},"classes":[]},{"id":3678,"url":"https:\/\/blogs.avui.cat\/botonier\/2021\/08\/13\/ens-ho-hem-de-fer-mirar\/","url_meta":{"origin":851,"position":5},"title":"Ens ho hem de fer mirar","author":"Ramon Boixet","date":"13 agost 2021","format":false,"excerpt":"La decisi\u00f3 de Messi d'anar a Par\u00eds, en una esp\u00e8cie d'exili no del tot voluntari, ha fet que molts temes que eren obsessivament presents, s'hagin quedat en una segona o tercera l\u00ednia. Per exemple, entre molts d'altres, l'exili del tot voluntari de l'anomenat rei em\u00e8rit, o les importants conseq\u00fc\u00e8ncies de\u2026","rel":"","context":"A &quot;General&quot;","block_context":{"text":"General","link":"https:\/\/blogs.avui.cat\/botonier\/category\/general\/"},"img":{"alt_text":"","src":"https:\/\/i0.wp.com\/blogs.avui.cat\/botonier\/files\/2021\/08\/fullsizeoutput_2e31.jpeg?resize=350%2C200","width":350,"height":200},"classes":[]}],"jetpack_sharing_enabled":true,"jetpack_likes_enabled":true,"_links":{"self":[{"href":"https:\/\/blogs.avui.cat\/botonier\/wp-json\/wp\/v2\/posts\/851","targetHints":{"allow":["GET"]}}],"collection":[{"href":"https:\/\/blogs.avui.cat\/botonier\/wp-json\/wp\/v2\/posts"}],"about":[{"href":"https:\/\/blogs.avui.cat\/botonier\/wp-json\/wp\/v2\/types\/post"}],"author":[{"embeddable":true,"href":"https:\/\/blogs.avui.cat\/botonier\/wp-json\/wp\/v2\/users\/126"}],"replies":[{"embeddable":true,"href":"https:\/\/blogs.avui.cat\/botonier\/wp-json\/wp\/v2\/comments?post=851"}],"version-history":[{"count":5,"href":"https:\/\/blogs.avui.cat\/botonier\/wp-json\/wp\/v2\/posts\/851\/revisions"}],"predecessor-version":[{"id":2440,"href":"https:\/\/blogs.avui.cat\/botonier\/wp-json\/wp\/v2\/posts\/851\/revisions\/2440"}],"wp:attachment":[{"href":"https:\/\/blogs.avui.cat\/botonier\/wp-json\/wp\/v2\/media?parent=851"}],"wp:term":[{"taxonomy":"category","embeddable":true,"href":"https:\/\/blogs.avui.cat\/botonier\/wp-json\/wp\/v2\/categories?post=851"},{"taxonomy":"post_tag","embeddable":true,"href":"https:\/\/blogs.avui.cat\/botonier\/wp-json\/wp\/v2\/tags?post=851"}],"curies":[{"name":"wp","href":"https:\/\/api.w.org\/{rel}","templated":true}]}}