{"id":845,"date":"2010-11-30T10:08:09","date_gmt":"2010-11-30T08:08:09","guid":{"rendered":"http:\/\/blogs.avui.cat\/botonier\/?p=845"},"modified":"2013-06-19T09:47:07","modified_gmt":"2013-06-19T08:47:07","slug":"exit-i-treball","status":"publish","type":"post","link":"https:\/\/blogs.avui.cat\/botonier\/2010\/11\/30\/exit-i-treball\/","title":{"rendered":"\u00c8xit i treball"},"content":{"rendered":"<p><a href=\"https:\/\/i0.wp.com\/blogs.avui.cat\/botonier\/files\/2010\/11\/Gol.jpg\"><img data-recalc-dims=\"1\" loading=\"lazy\" decoding=\"async\" class=\"alignnone size-full wp-image-846\" src=\"https:\/\/i0.wp.com\/blogs.avui.cat\/botonier\/files\/2010\/11\/Gol.jpg?resize=124%2C94\" alt=\"\" width=\"124\" height=\"94\" \/><\/a><\/p>\n<p>Un escriptor americ\u00e0, Ambrose Bierce, va dir que l\u2019\u00fanic lloc on \u00e8xit va davant de treball \u00e9s el diccionari. Amb altres paraules, l\u2019\u00e8xit, el veritable, el durable, \u00e9s una conseq\u00fc\u00e8ncia del treball, de manera que ja tenim un motiu per relativitzar les expansions d\u2019alegria, per altra banda justes, tant amb motiu de les eleccions del diumenge com pel resultat d\u2019ahir al Camp Nou.<\/p>\n<p>Artur Mas, despr\u00e9s de guanyar dues eleccions sense arribar a governar, podria ara inflar el pit i oblidar que la travessa del desert ha estat llarga i dura&#8230; i que es pot repetir. No ho far\u00e0, entre altres coses perqu\u00e8 no s\u2019adiu amb el seu tarann\u00e0 ni amb dels seus seguidors.<\/p>\n<p>Montilla, conscient que la seva incompet\u00e8ncia per separar el PSC del PSOE els ha portat a una derrota humiliant, ha fet molt b\u00e9 de dir que es retira de tots els c\u00e0rrecs pol\u00edtics perqu\u00e8 sap perfectament que les seves oportunitats han desaparegut definitivament.<\/p>\n<p>Humilitat del guanyador i humilitat del perdedor. Res \u00e9s infinit i temps tindran tots per demostrar que han apr\u00e9s la lli\u00e7\u00f3 que les urnes han impartit. Ara, Catalunya ha d\u2019anar davant de tota actitud despectiva o de venjan\u00e7a, per petita que sigui.<\/p>\n<p>Guardiola, que sap el que \u00e9s guanyar i perdre, que ha estat escol\u00e0 abans que bisbe, ha aconseguit un triomf hist\u00f2ric davant d\u2019un Real Madrid massa manipulat per dos portuguesos mal educats. Guardiola ha explicat amb fets que treball i \u00e8xit van junts i amb aquest ordre, i ha dedicat el resultat d\u2019ahir a dos dels seus predecessors en el c\u00e0rrec, Cruyff i Reixach.<\/p>\n<p>Retirem les ampolles buides de cava i les copes, escombrem de terra el confeti i les serpentines de la festa i tornem a treballar. Tots, els pol\u00edtics i els futbolistes, els que han perdut escons, els que no n\u2019han aconseguit cap i els que n\u2019han guanyat molts. Nom\u00e9s junts podrem arribar al lloc que la majoria vulgui, sempre amb el treball per davant de l\u2019euf\u00f2ria.<\/p>\n","protected":false},"excerpt":{"rendered":"<p>Un escriptor americ\u00e0, Ambrose Bierce, va dir que l\u2019\u00fanic lloc on \u00e8xit va davant de treball \u00e9s el diccionari. Amb altres paraules, l\u2019\u00e8xit, el veritable, el durable, \u00e9s una conseq\u00fc\u00e8ncia del treball, de manera que ja tenim un motiu per relativitzar les expansions d\u2019alegria, per altra banda justes, tant amb motiu de les eleccions del [&hellip;]<\/p>\n","protected":false},"author":126,"featured_media":0,"comment_status":"closed","ping_status":"closed","sticky":false,"template":"","format":"standard","meta":{"jetpack_post_was_ever_published":false,"_jetpack_newsletter_access":"","_jetpack_dont_email_post_to_subs":false,"_jetpack_newsletter_tier_id":0,"_jetpack_memberships_contains_paywalled_content":false,"_jetpack_memberships_contains_paid_content":false,"footnotes":"","jetpack_publicize_message":"","jetpack_publicize_feature_enabled":true,"jetpack_social_post_already_shared":false,"jetpack_social_options":{"image_generator_settings":{"template":"highway","default_image_id":0,"font":"","enabled":false},"version":2}},"categories":[1],"tags":[],"class_list":["post-845","post","type-post","status-publish","format-standard","hentry","category-general"],"jetpack_publicize_connections":[],"jetpack_featured_media_url":"","jetpack-related-posts":[{"id":754,"url":"https:\/\/blogs.avui.cat\/botonier\/2010\/10\/01\/abans-dahir-i-el-regne-de-la-por\/","url_meta":{"origin":845,"position":0},"title":"Abans-d&#8217;ahir i el regne de la por","author":"Ramon Boixet","date":"1 octubre 2010","format":false,"excerpt":"Ja s\u2019ha escrit molt sobre la vaga general del dimecres i, com sempre, uns diuen que ha estat un \u00e8xit i d\u2019altres parlen de gaireb\u00e9 frac\u00e0s. Els aldarulls a la Pla\u00e7a de Catalunya i voltants, no han ajudat a donar una imatge de normalitat a una vaga que, anunciada molt\u2026","rel":"","context":"A &quot;General&quot;","block_context":{"text":"General","link":"https:\/\/blogs.avui.cat\/botonier\/category\/general\/"},"img":{"alt_text":"","src":"https:\/\/i0.wp.com\/blogs.avui.cat\/botonier\/files\/2010\/10\/Streik-21.jpg?resize=350%2C200","width":350,"height":200},"classes":[]},{"id":460,"url":"https:\/\/blogs.avui.cat\/botonier\/2010\/02\/19\/parlar-clar-2\/","url_meta":{"origin":845,"position":1},"title":"Parlar clar","author":"Ramon Boixet","date":"19 febrer 2010","format":false,"excerpt":"Un amable lector m\u2019escriu un comentari als meu post \u00abLa lli\u00e7\u00f3 de Madrid\u00bb, que trobo molt sensat i que faig meu. Entre altres coses diu RS que \u00abel que cal \u00e9s gent que parli clar, que digui que Espanya \u00e9s m\u00e9s pobra que del que els espanyols es pensen, que\u2026","rel":"","context":"A &quot;General&quot;","block_context":{"text":"General","link":"https:\/\/blogs.avui.cat\/botonier\/category\/general\/"},"img":{"alt_text":"","src":"","width":0,"height":0},"classes":[]},{"id":290,"url":"https:\/\/blogs.avui.cat\/botonier\/2009\/06\/23\/primer-de-tot-bon-dia\/","url_meta":{"origin":845,"position":2},"title":"Primer de tot, bon dia","author":"Ramon Boixet","date":"23 juny 2009","format":false,"excerpt":"El dissabte, Ramon Solsona publicava a l\u2019AVUI un article amb el t\u00edtol \u201e\u00c9s dels pocs que saluden \u201c, que recomano a tothom, sobretot als pares amb fills escolars i als mestres. Solsona diu que som un pa\u00eds mal educat i que el m\u00e9s habitual \u00e9s entrar i sortir dels llocs\u2026","rel":"","context":"A &quot;General&quot;","block_context":{"text":"General","link":"https:\/\/blogs.avui.cat\/botonier\/category\/general\/"},"img":{"alt_text":"","src":"","width":0,"height":0},"classes":[]},{"id":226,"url":"https:\/\/blogs.avui.cat\/botonier\/2009\/04\/11\/incomodes-admirats-3-georges-brassens\/","url_meta":{"origin":845,"position":3},"title":"Inc\u00f2modes admirats : 3. Georges Brassens","author":"Ramon Boixet","date":"11 abril 2009","format":false,"excerpt":"Neix el mes d'octubre del 1921 a S\u00e8te de pare paleta. El fon\u00f2graf que els seus pares va rebre com a regal per el casament va acompanyar musicalment l'inf\u00e0ncia de Brassens. A l'escola s'interessa molt per la literatura i la poesia i de marrec acompanyant-se amb una mandolina, canta can\u00e7ons\u2026","rel":"","context":"A &quot;General&quot;","block_context":{"text":"General","link":"https:\/\/blogs.avui.cat\/botonier\/category\/general\/"},"img":{"alt_text":"","src":"","width":0,"height":0},"classes":[]},{"id":642,"url":"https:\/\/blogs.avui.cat\/botonier\/2010\/09\/16\/lexit-dun-catala\/","url_meta":{"origin":845,"position":4},"title":"L&#8217;\u00e8xit d&#8217;un catal\u00e0","author":"Ramon Boixet","date":"16 setembre 2010","format":false,"excerpt":"Algunes vegades he escrit sobre l\u2019esc\u00e0s coneixement que a l\u2019estranger tenen dels valors humans de Catalunya, llevat del Bar\u00e7a i potser de Mir\u00f3 i Gaud\u00ed. Sempre m\u2019ha semblat que al costat dels noms de les persones que projecten el seu treball fora de casa, s\u2019ha d\u2019incloure necess\u00e0riament la condici\u00f3 de\u2026","rel":"","context":"A &quot;General&quot;","block_context":{"text":"General","link":"https:\/\/blogs.avui.cat\/botonier\/category\/general\/"},"img":{"alt_text":"","src":"","width":0,"height":0},"classes":[]},{"id":751,"url":"https:\/\/blogs.avui.cat\/botonier\/2010\/09\/16\/lexit-dun-catala-2\/","url_meta":{"origin":845,"position":5},"title":"L&#8217;\u00e8xit d&#8217;un catal\u00e0","author":"Ramon Boixet","date":"16 setembre 2010","format":false,"excerpt":"Algunes vegades he escrit sobre l\u2019esc\u00e0s coneixement que a l\u2019estranger tenen dels valors humans de Catalunya, llevat del Bar\u00e7a i potser de Mir\u00f3 i Gaud\u00ed. Sempre m\u2019ha semblat que al costat dels noms de les persones que projecten el seu treball fora de casa, s\u2019ha d\u2019incloure necess\u00e0riament la condici\u00f3 de\u2026","rel":"","context":"A &quot;General&quot;","block_context":{"text":"General","link":"https:\/\/blogs.avui.cat\/botonier\/category\/general\/"},"img":{"alt_text":"","src":"","width":0,"height":0},"classes":[]}],"jetpack_sharing_enabled":true,"jetpack_likes_enabled":true,"_links":{"self":[{"href":"https:\/\/blogs.avui.cat\/botonier\/wp-json\/wp\/v2\/posts\/845","targetHints":{"allow":["GET"]}}],"collection":[{"href":"https:\/\/blogs.avui.cat\/botonier\/wp-json\/wp\/v2\/posts"}],"about":[{"href":"https:\/\/blogs.avui.cat\/botonier\/wp-json\/wp\/v2\/types\/post"}],"author":[{"embeddable":true,"href":"https:\/\/blogs.avui.cat\/botonier\/wp-json\/wp\/v2\/users\/126"}],"replies":[{"embeddable":true,"href":"https:\/\/blogs.avui.cat\/botonier\/wp-json\/wp\/v2\/comments?post=845"}],"version-history":[{"count":5,"href":"https:\/\/blogs.avui.cat\/botonier\/wp-json\/wp\/v2\/posts\/845\/revisions"}],"predecessor-version":[{"id":2442,"href":"https:\/\/blogs.avui.cat\/botonier\/wp-json\/wp\/v2\/posts\/845\/revisions\/2442"}],"wp:attachment":[{"href":"https:\/\/blogs.avui.cat\/botonier\/wp-json\/wp\/v2\/media?parent=845"}],"wp:term":[{"taxonomy":"category","embeddable":true,"href":"https:\/\/blogs.avui.cat\/botonier\/wp-json\/wp\/v2\/categories?post=845"},{"taxonomy":"post_tag","embeddable":true,"href":"https:\/\/blogs.avui.cat\/botonier\/wp-json\/wp\/v2\/tags?post=845"}],"curies":[{"name":"wp","href":"https:\/\/api.w.org\/{rel}","templated":true}]}}