{"id":84,"date":"2008-11-12T07:27:00","date_gmt":"2008-11-12T05:27:00","guid":{"rendered":"http:\/\/blogs.avui.cat\/botonier\/2008\/11\/12\/la-llico-del-senyor-klaus\/"},"modified":"2013-06-19T09:50:40","modified_gmt":"2013-06-19T08:50:40","slug":"la-llico-del-senyor-klaus","status":"publish","type":"post","link":"https:\/\/blogs.avui.cat\/botonier\/2008\/11\/12\/la-llico-del-senyor-klaus\/","title":{"rendered":"La lli\u00e7\u00f3 del senyor Klaus"},"content":{"rendered":"<p><a href=\"https:\/\/i0.wp.com\/4.bp.blogspot.com\/_gS2A8TwyupA\/SRppv7uwYJI\/AAAAAAAAANc\/HqVeOCCHqQY\/s1600-h\/Manel1.jpg\"><img data-recalc-dims=\"1\" decoding=\"async\" src=\"https:\/\/i0.wp.com\/4.bp.blogspot.com\/_gS2A8TwyupA\/SRppv7uwYJI\/AAAAAAAAANc\/HqVeOCCHqQY\/s200\/Manel1.jpg\" border=\"0\" \/><\/a><br \/>L&#8217;any 1970 vaig viatjar per primera vegada a M\u00e8xic, per raons professionals. En les meves visites a diverses empreses del sector t\u00e8xtil, em va acompanyar el  que llavors era el nostre representat, el senyor Adolf Klaus, su\u00eds amb uns 30 anys de resid\u00e8ncia a M\u00e8xic i persona molt coneguda en l&#8217;\u00e0mbit professional.  <\/p>\n<p>Una de les primeres empreses que vaig visitar estava a punt de comprar una nova instal\u00b7laci\u00f3 i nosaltres \u00e9rem uns del seleccionats com a possibles prove\u00efdors. Vaig ser rebut per el Director General i copropietari i una vegada fetes les presentacions, em va demanar que l&#8217;hi expliques les caracter\u00edstiques de la nostra proposta en funci\u00f3 de les seves necessitats. <\/p>\n<p>Podeu imaginar amb quin fervor vaig exposar el producte i amb quina energia de principiant professional m&#8217;expressava. Despr\u00e9s de gaireb\u00e9 una hora de parlar, amb dues o tres intervencions del client per demanar alguna precisi\u00f3 i amb un mutisme absolut del senyor Klaus, vaig pensar per a mi que havia fet un bon treball i que mereixia emportar-me la comanda. <\/p>\n<p>El client em va agrair la meva exposici\u00f3 i dirigint-se al senyor Klaus l&#8217;hi va dir : \u201cSe\u00f1or Klaus, \u00bfes \u00e9sta la m\u00e1quina que nos conviene?. El senyor Klaus va respondre : \u201c Sin ninguna duda creo  debe comprarla\u201d. Davant l&#8217;afirmaci\u00f3 rotunda del representant, el client em va donar l&#8217;acord de compra i despr\u00e9s de parlar d&#8217;alguns detalls i arrodonir el preu, la comanda va ser signada. <\/p>\n<p>Al vespre, a l&#8217;habitaci\u00f3 de l&#8217;hotel, vaig repassar el treball del dia  i em vaig irritar i alegrar alhora per la comanda que he comentat. Sobretot em preguntava que com \u00e9s possible que despr\u00e9s de fer una explicaci\u00f3 tan detallada  el client decid\u00eds fer la compra gr\u00e0cies a l&#8217;opini\u00f3 positiva del representat, amb l&#8217;agreujant que ning\u00fa ignorava que ell cobraba comissi\u00f3. <\/p>\n<p>Immediatament vaig veure el perqu\u00e8 i vaig aprendre la lli\u00e7\u00f3 : els trenta anys de treball a M\u00e8xic del senyor Klaus, la seva compet\u00e8ncia t\u00e8cnica , el seu tarann\u00e0 i la seva personalitat havien fet d&#8217;ell un referent dins del sector i per tant la seva paraula era definitiva per complementar el meu treball i que la seva honestedat l&#8217;hauria portat a incl\u00fas desaconsellar o a matissar la meva proposta.<\/p>\n<p>En aquell moment, a l&#8217;habitaci\u00f3 del hotel a M\u00e8xic, em vaig proposar que algun dia jo arribaria a ser professionalment \u201c el senyor Klaus\u201d.  <\/p>\n<p>(Il-lustraci\u00f3: Manel Marzo-Mart)<\/p>\n","protected":false},"excerpt":{"rendered":"<p>L&#8217;any 1970 vaig viatjar per primera vegada a M\u00e8xic, per raons professionals. En les meves visites a diverses empreses del sector t\u00e8xtil, em va acompanyar el que llavors era el nostre representat, el senyor Adolf Klaus, su\u00eds amb uns 30 anys de resid\u00e8ncia a M\u00e8xic i persona molt coneguda en l&#8217;\u00e0mbit professional. Una de les [&hellip;]<\/p>\n","protected":false},"author":126,"featured_media":0,"comment_status":"closed","ping_status":"closed","sticky":false,"template":"","format":"standard","meta":{"jetpack_post_was_ever_published":false,"_jetpack_newsletter_access":"","_jetpack_dont_email_post_to_subs":false,"_jetpack_newsletter_tier_id":0,"_jetpack_memberships_contains_paywalled_content":false,"_jetpack_memberships_contains_paid_content":false,"footnotes":"","jetpack_publicize_message":"","jetpack_publicize_feature_enabled":true,"jetpack_social_post_already_shared":false,"jetpack_social_options":{"image_generator_settings":{"template":"highway","default_image_id":0,"font":"","enabled":false},"version":2}},"categories":[1],"tags":[],"class_list":["post-84","post","type-post","status-publish","format-standard","hentry","category-general"],"jetpack_publicize_connections":[],"jetpack_featured_media_url":"","jetpack-related-posts":[{"id":651,"url":"https:\/\/blogs.avui.cat\/botonier\/2008\/03\/17\/el-senyor-puigdellivol-de-largentina-2\/","url_meta":{"origin":84,"position":0},"title":"El senyor Puigdell\u00edvol de l&#8217;Argentina","author":"Ramon Boixet","date":"17 mar\u00e7 2008","format":false,"excerpt":"(Dedicat a tots els \"Puigdell\u00edvol\" de Manresa i voltants)La meva activitat professional m\u2019ha portat a viatjar durant gaireb\u00e9 40 anys per molts pa\u00efsos del m\u00f3n. He travessat l\u2019Atl\u00e0ntic almenys 125 vegades en cada direcci\u00f3. Molt pa\u00efsos vol dir moltes viv\u00e8ncies, molts contactes i \u2026moltes sorpreses. Avui n\u2019explicar\u00e9 una que t\u00e9\u2026","rel":"","context":"A &quot;General&quot;","block_context":{"text":"General","link":"https:\/\/blogs.avui.cat\/botonier\/category\/general\/"},"img":{"alt_text":"","src":"","width":0,"height":0},"classes":[]},{"id":16,"url":"https:\/\/blogs.avui.cat\/botonier\/2008\/03\/17\/el-senyor-puigdellivol-de-largentina\/","url_meta":{"origin":84,"position":1},"title":"El senyor Puigdell\u00edvol de l&#8217;Argentina","author":"Ramon Boixet","date":"17 mar\u00e7 2008","format":false,"excerpt":"(Dedicat a tots els \"Puigdell\u00edvol\" de Manresa i voltants)La meva activitat professional m\u2019ha portat a viatjar durant gaireb\u00e9 40 anys per molts pa\u00efsos del m\u00f3n. He travessat l\u2019Atl\u00e0ntic almenys 125 vegades en cada direcci\u00f3. Molt pa\u00efsos vol dir moltes viv\u00e8ncies, molts contactes i \u2026moltes sorpreses. Avui n\u2019explicar\u00e9 una que t\u00e9\u2026","rel":"","context":"A &quot;General&quot;","block_context":{"text":"General","link":"https:\/\/blogs.avui.cat\/botonier\/category\/general\/"},"img":{"alt_text":"","src":"","width":0,"height":0},"classes":[]},{"id":139,"url":"https:\/\/blogs.avui.cat\/botonier\/2009\/01\/04\/topics-tipics-de-suissa-1-els-bancs\/","url_meta":{"origin":84,"position":2},"title":"T\u00f2pics t\u00edpics de Su\u00efssa : 1. Els Bancs","author":"Ramon Boixet","date":"4 gener 2009","format":false,"excerpt":"Qui de nosaltres no ha fet servir alguna vegada un t\u00f2pic? Qui no n\u2019ha sentit centenars o milers?. Els anglesos son flegm\u00e0tics, els americans( de USA) incultes, els francesos bons amants, els escocesos garrepes i aix\u00ed fins a repassar tots els pa\u00efsos, totes les \u00e8tnies. Su\u00efssa, pa\u00eds petit, tamb\u00e9 a\u2026","rel":"","context":"A &quot;General&quot;","block_context":{"text":"General","link":"https:\/\/blogs.avui.cat\/botonier\/category\/general\/"},"img":{"alt_text":"","src":"","width":0,"height":0},"classes":[]},{"id":390,"url":"https:\/\/blogs.avui.cat\/botonier\/2009\/11\/16\/un-exemple-dintegracio\/","url_meta":{"origin":84,"position":3},"title":"Un exemple d&#8217;integraci\u00f3","author":"Ramon Boixet","date":"16 novembre 2009","format":false,"excerpt":"Ahir, la selecci\u00f3 de futbol U-17 de Su\u00efssa va guanyar el Campionat del M\u00f3n celebrat a Nig\u00e8ria. Espanya va quedar tercera. La noticia no tindr\u00e0, fora de Su\u00efssa, cap posici\u00f3 privilegiada ni als diaris esportius ni als generals, i \u00e9s una ll\u00e0stima. Alguns dels nois que han quedat campions mundials\u2026","rel":"","context":"A &quot;General&quot;","block_context":{"text":"General","link":"https:\/\/blogs.avui.cat\/botonier\/category\/general\/"},"img":{"alt_text":"","src":"","width":0,"height":0},"classes":[]},{"id":702,"url":"https:\/\/blogs.avui.cat\/botonier\/2009\/11\/16\/un-exemple-dintegracio-2\/","url_meta":{"origin":84,"position":4},"title":"Un exemple d&#8217;integraci\u00f3","author":"Ramon Boixet","date":"16 novembre 2009","format":false,"excerpt":"Ahir, la selecci\u00f3 de futbol U-17 de Su\u00efssa va guanyar el Campionat del M\u00f3n celebrat a Nig\u00e8ria. Espanya va quedar tercera. La noticia no tindr\u00e0, fora de Su\u00efssa, cap posici\u00f3 privilegiada ni als diaris esportius ni als generals, i \u00e9s una ll\u00e0stima. Alguns dels nois que han quedat campions mundials\u2026","rel":"","context":"A &quot;General&quot;","block_context":{"text":"General","link":"https:\/\/blogs.avui.cat\/botonier\/category\/general\/"},"img":{"alt_text":"","src":"","width":0,"height":0},"classes":[]},{"id":3594,"url":"https:\/\/blogs.avui.cat\/botonier\/2021\/02\/28\/la-millor-propaganda-per-la-republica\/","url_meta":{"origin":84,"position":5},"title":"La millor propaganda per la Rep\u00fablica","author":"Ramon Boixet","date":"28 febrer 2021","format":false,"excerpt":"Sembla un acudit\u00a0ir\u00f2nic\u00a0per\u00f2\u00a0la\u00a0Monarquia\u00a0espanyola ajuda cada dia m\u00e9s\u00a0a qu\u00e8\u00a0molts s'apuntin a la\u00a0Rep\u00fablica\u00a0(catalana o espanyola). Totes les activitats que s'han anat descobrint\u00a0del senyor\u00a0Juan Carlos de\u00a0Borb\u00f3n, amb el nom professional de Juan Carlos I, \u00a0han\u00a0sorpr\u00e8s\u00a0i decebut a bona part de la gent que,\u00a0potser sense\u00a0masses\u00a0ganes\u00a0d'anar\u00a0al fons de tot,\u00a0havien\u00a0acceptat el paper\u00a0del qui\u00a0ara anomenen em\u00e8rit. La\u2026","rel":"","context":"A &quot;General&quot;","block_context":{"text":"General","link":"https:\/\/blogs.avui.cat\/botonier\/category\/general\/"},"img":{"alt_text":"","src":"https:\/\/i0.wp.com\/blogs.avui.cat\/botonier\/files\/2021\/02\/Labyrinth-1-150x150.png?resize=350%2C200","width":350,"height":200},"classes":[]}],"jetpack_sharing_enabled":true,"jetpack_likes_enabled":true,"_links":{"self":[{"href":"https:\/\/blogs.avui.cat\/botonier\/wp-json\/wp\/v2\/posts\/84","targetHints":{"allow":["GET"]}}],"collection":[{"href":"https:\/\/blogs.avui.cat\/botonier\/wp-json\/wp\/v2\/posts"}],"about":[{"href":"https:\/\/blogs.avui.cat\/botonier\/wp-json\/wp\/v2\/types\/post"}],"author":[{"embeddable":true,"href":"https:\/\/blogs.avui.cat\/botonier\/wp-json\/wp\/v2\/users\/126"}],"replies":[{"embeddable":true,"href":"https:\/\/blogs.avui.cat\/botonier\/wp-json\/wp\/v2\/comments?post=84"}],"version-history":[{"count":2,"href":"https:\/\/blogs.avui.cat\/botonier\/wp-json\/wp\/v2\/posts\/84\/revisions"}],"predecessor-version":[{"id":3247,"href":"https:\/\/blogs.avui.cat\/botonier\/wp-json\/wp\/v2\/posts\/84\/revisions\/3247"}],"wp:attachment":[{"href":"https:\/\/blogs.avui.cat\/botonier\/wp-json\/wp\/v2\/media?parent=84"}],"wp:term":[{"taxonomy":"category","embeddable":true,"href":"https:\/\/blogs.avui.cat\/botonier\/wp-json\/wp\/v2\/categories?post=84"},{"taxonomy":"post_tag","embeddable":true,"href":"https:\/\/blogs.avui.cat\/botonier\/wp-json\/wp\/v2\/tags?post=84"}],"curies":[{"name":"wp","href":"https:\/\/api.w.org\/{rel}","templated":true}]}}