{"id":821,"date":"2010-11-11T10:09:07","date_gmt":"2010-11-11T08:09:07","guid":{"rendered":"http:\/\/blogs.avui.cat\/botonier\/?p=821"},"modified":"2013-06-19T09:47:08","modified_gmt":"2013-06-19T08:47:08","slug":"les-vocacions-religioses-i-el-marketing","status":"publish","type":"post","link":"https:\/\/blogs.avui.cat\/botonier\/2010\/11\/11\/les-vocacions-religioses-i-el-marketing\/","title":{"rendered":"Les vocacions religioses i el &#8220;marketing&#8221;"},"content":{"rendered":"<p><a href=\"https:\/\/i0.wp.com\/blogs.avui.cat\/botonier\/files\/2010\/11\/Caputxins.jpg\"><img data-recalc-dims=\"1\" loading=\"lazy\" decoding=\"async\" class=\"alignnone size-full wp-image-822\" src=\"https:\/\/i0.wp.com\/blogs.avui.cat\/botonier\/files\/2010\/11\/Caputxins.jpg?resize=97%2C156\" alt=\"\" width=\"97\" height=\"156\" \/><\/a><\/p>\n<p>Un diari su\u00efs de gran tirada, i en el suplement de Borsa de treball per c\u00e0rrecs superiors, va publicar el diumenge un anunci que no em puc estar de traduir i repetir complert.<br \/>\n\u201e<br \/>\n<strong><em>Caputxins de Su\u00efssa<\/em><\/strong><em><br \/>\nEls caputxins s\u00f3n una ordre religiosa cat\u00f2lica i existeixen fa uns 500 anys. Viuen en comunitats urbanes o en convents en 10 llocs de la Su\u00efssa alemanya. Seguint la inspiraci\u00f3 de Francesc d\u2019Assis, els caputxins uneixen la vida d\u2019oraci\u00f3 contemplativa amb l\u2019assist\u00e8ncia espiritual i el comprom\u00eds amb els necessitats, oprimits i desfavorits a Su\u00efssa i en el tercer m\u00f3n.<\/em><\/p>\n<p><em>Cerquem per una data a convenir<\/p>\n<p><strong>Banquers, periodistes, mestres, te\u00f2legs, comerciants, juristes, especialistes en comunicaci\u00f3 per ser frares caputxins (dedicaci\u00f3 100%)<br \/>\n<\/strong><br \/>\nSi vost\u00e8 \u00e9s un home solter, amb edat ideal entre 22 i 35 anys, si disposa d\u2019una carrera o un estudi similar, ha estat batejat cat\u00f2lic rom\u00e0, \u00e9s sociable i alhora independent, posseeix compet\u00e8ncia social i sensibilitat per les religions i alhora \u00e9s en\u00e8rgic, amb iniciativa, curiositat i inquietud, posis en contacte amb nosaltres.<\/p>\n<p>No li oferim cap sou sin\u00f3 espiritualitat i oraci\u00f3, contemplaci\u00f3, una manera de viure igualit\u00e0ria, alliberament de les riqueses personals materials i del model habitual de relaci\u00f3 en parella. Li proposem un camp d\u2019activitat de desenvolupament pol\u00edtic, sentit de la vida i fer part d\u2019una comunitat amb seguretat social compartida solid\u00e0riament. Esperem que, despr\u00e9s d\u2019un temps de prova per ambdues parts, estigui disposat a entrar a l\u2019ordre caputxina. En cas positiu, nosaltres el formarem teol\u00f2gicament. Fins i tot \u00e9s possible, si les circumst\u00e0ncies ho fan necessari, que pugui exercitar el seu ofici actual en un lloc de treball fora del convent, una vegada hagi rebut la formaci\u00f3 de caputx\u00ed.<\/p>\n<p><\/em><\/p>\n<p><em>Si vost\u00e8 es creu cridat, parli amb Damian Keller, Tel. 027 922 4772,<br \/>\ndamian Keller@kapuziner.org<br \/>\n\u201e<br \/>\n<\/em><br \/>\nDavant d&#8217;un anunci d\u2019aquestes caracter\u00edstiques, s\u00f3n moltes les preguntes i molts els comentaris que poden sorgir espont\u00e0niament. No vull encetar cap pol\u00e8mica per\u00f2 \u00e9s tan not\u00f2ria la manca de vocacions religioses que ordres de principis humils, com ara els caputxins, es veuen for\u00e7ats a intentar trobar continu\u00eftat en la seva tasca amb un anunci semblant als de les empreses comercials.<\/p>\n<p>Els caputxins de Su\u00efssa no demanen paletes, mec\u00e0nics o cambrers sin\u00f3 gent amb nivell universitari, segurament perqu\u00e8 han pensat que si finalment s\u00f3n pocs, cal que el nivell intel\u2022lectual sigui alt per sobreviure. No se si tenen ra\u00f3, ni si tindran \u00e8xit amb el seu anunci per\u00f2 \u00e9s un fet que m\u00e9s aviat entristeix.<\/p>\n","protected":false},"excerpt":{"rendered":"<p>Un diari su\u00efs de gran tirada, i en el suplement de Borsa de treball per c\u00e0rrecs superiors, va publicar el diumenge un anunci que no em puc estar de traduir i repetir complert. \u201e Caputxins de Su\u00efssa Els caputxins s\u00f3n una ordre religiosa cat\u00f2lica i existeixen fa uns 500 anys. Viuen en comunitats urbanes o [&hellip;]<\/p>\n","protected":false},"author":126,"featured_media":0,"comment_status":"closed","ping_status":"closed","sticky":false,"template":"","format":"standard","meta":{"jetpack_post_was_ever_published":false,"_jetpack_newsletter_access":"","_jetpack_dont_email_post_to_subs":false,"_jetpack_newsletter_tier_id":0,"_jetpack_memberships_contains_paywalled_content":false,"_jetpack_memberships_contains_paid_content":false,"footnotes":"","jetpack_publicize_message":"","jetpack_publicize_feature_enabled":true,"jetpack_social_post_already_shared":false,"jetpack_social_options":{"image_generator_settings":{"template":"highway","default_image_id":0,"font":"","enabled":false},"version":2}},"categories":[1],"tags":[],"class_list":["post-821","post","type-post","status-publish","format-standard","hentry","category-general"],"jetpack_publicize_connections":[],"jetpack_featured_media_url":"","jetpack-related-posts":[{"id":3627,"url":"https:\/\/blogs.avui.cat\/botonier\/2021\/05\/14\/deu-i-la-constitucio-a-suissa\/","url_meta":{"origin":821,"position":0},"title":"D\u00e9u i la Constituci\u00f3 de Su\u00efssa","author":"Ramon Boixet","date":"14 maig 2021","format":false,"excerpt":"La Constituci\u00f3 de Su\u00efssa comen\u00e7a amb una menci\u00f3 a D\u00e9u (\"En nom de D\u00e9u Totpoder\u00f3s...\"), essencialment per raons hist\u00f2riques. L'anomenada \"Carta federal\", un pergam\u00ed de l'any 1291 considerat la base de l'actual Confederaci\u00f3 su\u00efssa i escrit en llat\u00ed, deia literalment: \" In nomine domini amen\". Un parlamentari ha fet una\u2026","rel":"","context":"A &quot;General&quot;","block_context":{"text":"General","link":"https:\/\/blogs.avui.cat\/botonier\/category\/general\/"},"img":{"alt_text":"","src":"https:\/\/i0.wp.com\/blogs.avui.cat\/botonier\/files\/2021\/05\/inhaltsbild-150x150.jpg?resize=350%2C200","width":350,"height":200},"classes":[]},{"id":9,"url":"https:\/\/blogs.avui.cat\/botonier\/2008\/02\/08\/la-%e2%80%9eguerra%e2%80%9c-dels-minarets-a-suissa\/","url_meta":{"origin":821,"position":1},"title":"La \u201eguerra\u201c dels minarets a Su\u00efssa","author":"Ramon Boixet","date":"8 febrer 2008","format":false,"excerpt":"Els membres d\u2019una comunitat musulmana prop de la ciutat de Olten, al nord de Su\u00efssa, van presentar un projecte de construcci\u00f3 d\u2019un minaret per a el local que serveix de mesquita. Com que a Su\u00efssa totes les obres, per petites i particulars que siguin, es publiquen a la premsa local\u2026","rel":"","context":"A &quot;General&quot;","block_context":{"text":"General","link":"https:\/\/blogs.avui.cat\/botonier\/category\/general\/"},"img":{"alt_text":"","src":"","width":0,"height":0},"classes":[]},{"id":387,"url":"https:\/\/blogs.avui.cat\/botonier\/2009\/11\/12\/polemica-i-religio\/","url_meta":{"origin":821,"position":2},"title":"Pol\u00e8mica i religi\u00f3","author":"Ramon Boixet","date":"12 novembre 2009","format":false,"excerpt":"Dos temes amb una forta c\u00e0rrega emocional per tocar la religi\u00f3 acaparen l\u2019atenci\u00f3 de tot Su\u00efssa.D\u2019una part l\u2019assumpte dels minarets que ja vaig comentar el 8 de febrer del 2008 i l\u2019onze de gener d\u2019enguany. Finalment el dia 29 de novembre anirem a votar per aprovar o rebutjar la iniciativa\u2026","rel":"","context":"A &quot;General&quot;","block_context":{"text":"General","link":"https:\/\/blogs.avui.cat\/botonier\/category\/general\/"},"img":{"alt_text":"","src":"","width":0,"height":0},"classes":[]},{"id":399,"url":"https:\/\/blogs.avui.cat\/botonier\/2009\/11\/30\/suissa-no-als-minarets\/","url_meta":{"origin":821,"position":3},"title":"Su\u00efssa: no als minarets","author":"Ramon Boixet","date":"30 novembre 2009","format":false,"excerpt":"Els resultats del refer\u00e8ndum d \u2018ahir a Su\u00efssa han sorpr\u00e8s i complicat la posici\u00f3 internacional del pa\u00eds. Amb un 57,5% de vots, la iniciativa que proposava prohibir la construcci\u00f3 de minarets a Su\u00efssa va guanyar (vegeu al meu post del 12 de novembre). Durant tota la campanya, tant als diaris\u2026","rel":"","context":"A &quot;General&quot;","block_context":{"text":"General","link":"https:\/\/blogs.avui.cat\/botonier\/category\/general\/"},"img":{"alt_text":"","src":"","width":0,"height":0},"classes":[]},{"id":192,"url":"https:\/\/blogs.avui.cat\/botonier\/2009\/03\/02\/creure-no-es-suficient\/","url_meta":{"origin":821,"position":4},"title":"Creure no \u00e9s suficient","author":"Ramon Boixet","date":"2 mar\u00e7 2009","format":false,"excerpt":"Un grup d'investigadors de l'universitat su\u00efssa de Zuric i de l'alemanya de Bochum han publicat un estudi sobre l'influ\u00e8ncia de la religiositat en el comportament davant de situacions extremes.De tots \u00e9s sabut que els \u00e9ssers humans sempre han buscat ajut i consol en les seves creences quan es troven davant\u2026","rel":"","context":"A &quot;General&quot;","block_context":{"text":"General","link":"https:\/\/blogs.avui.cat\/botonier\/category\/general\/"},"img":{"alt_text":"","src":"","width":0,"height":0},"classes":[]},{"id":390,"url":"https:\/\/blogs.avui.cat\/botonier\/2009\/11\/16\/un-exemple-dintegracio\/","url_meta":{"origin":821,"position":5},"title":"Un exemple d&#8217;integraci\u00f3","author":"Ramon Boixet","date":"16 novembre 2009","format":false,"excerpt":"Ahir, la selecci\u00f3 de futbol U-17 de Su\u00efssa va guanyar el Campionat del M\u00f3n celebrat a Nig\u00e8ria. Espanya va quedar tercera. La noticia no tindr\u00e0, fora de Su\u00efssa, cap posici\u00f3 privilegiada ni als diaris esportius ni als generals, i \u00e9s una ll\u00e0stima. Alguns dels nois que han quedat campions mundials\u2026","rel":"","context":"A &quot;General&quot;","block_context":{"text":"General","link":"https:\/\/blogs.avui.cat\/botonier\/category\/general\/"},"img":{"alt_text":"","src":"","width":0,"height":0},"classes":[]}],"jetpack_sharing_enabled":true,"jetpack_likes_enabled":true,"_links":{"self":[{"href":"https:\/\/blogs.avui.cat\/botonier\/wp-json\/wp\/v2\/posts\/821","targetHints":{"allow":["GET"]}}],"collection":[{"href":"https:\/\/blogs.avui.cat\/botonier\/wp-json\/wp\/v2\/posts"}],"about":[{"href":"https:\/\/blogs.avui.cat\/botonier\/wp-json\/wp\/v2\/types\/post"}],"author":[{"embeddable":true,"href":"https:\/\/blogs.avui.cat\/botonier\/wp-json\/wp\/v2\/users\/126"}],"replies":[{"embeddable":true,"href":"https:\/\/blogs.avui.cat\/botonier\/wp-json\/wp\/v2\/comments?post=821"}],"version-history":[{"count":6,"href":"https:\/\/blogs.avui.cat\/botonier\/wp-json\/wp\/v2\/posts\/821\/revisions"}],"predecessor-version":[{"id":2448,"href":"https:\/\/blogs.avui.cat\/botonier\/wp-json\/wp\/v2\/posts\/821\/revisions\/2448"}],"wp:attachment":[{"href":"https:\/\/blogs.avui.cat\/botonier\/wp-json\/wp\/v2\/media?parent=821"}],"wp:term":[{"taxonomy":"category","embeddable":true,"href":"https:\/\/blogs.avui.cat\/botonier\/wp-json\/wp\/v2\/categories?post=821"},{"taxonomy":"post_tag","embeddable":true,"href":"https:\/\/blogs.avui.cat\/botonier\/wp-json\/wp\/v2\/tags?post=821"}],"curies":[{"name":"wp","href":"https:\/\/api.w.org\/{rel}","templated":true}]}}