{"id":82,"date":"2008-11-10T09:14:00","date_gmt":"2008-11-10T07:14:00","guid":{"rendered":"http:\/\/blogs.avui.cat\/botonier\/2008\/11\/10\/les-nostres-arrels\/"},"modified":"2013-06-19T09:50:40","modified_gmt":"2013-06-19T08:50:40","slug":"les-nostres-arrels","status":"publish","type":"post","link":"https:\/\/blogs.avui.cat\/botonier\/2008\/11\/10\/les-nostres-arrels\/","title":{"rendered":"Les nostres arrels"},"content":{"rendered":"<p><a href=\"https:\/\/i0.wp.com\/3.bp.blogspot.com\/_gS2A8TwyupA\/SRff1Jax3PI\/AAAAAAAAANM\/2KHHkZxw1fM\/s1600-h\/Arrels.jpg\"><img data-recalc-dims=\"1\" decoding=\"async\" src=\"https:\/\/i0.wp.com\/3.bp.blogspot.com\/_gS2A8TwyupA\/SRff1Jax3PI\/AAAAAAAAANM\/2KHHkZxw1fM\/s200\/Arrels.jpg\" border=\"0\" \/><\/a><br \/>L&#8217;elecci\u00f3 de Barak Obama a la presid\u00e8ncia del Estats Units ha fet c\u00f3rrer una riuada de comentaris sobre els m\u00e9s diversos aspectes : color de la pell, experi\u00e8ncia pol\u00edtica, influencia del deus or\u00edgens familiars. Nascut a Hawaii d&#8217;un pare keny\u00e0 i d&#8217;una mare americana molt s&#8217;han preguntat quines son les veritables arrels de Obama per deduir les seves intencions pol\u00edtiques del fet que es senti en part afric\u00e0 o no. <\/p>\n<p>Tots el que vivim fora del lloc de naixement i sobretot del lloc on va transcorre la nostra inf\u00e0ncia i primera  joventut, ens han i ens hem posat alguna  vegada la pregunta : On s\u00f3n les meves arrels?.Tothom ha de trobar la seva pr\u00f2pia resposta perqu\u00e8 en aquest tipus de sentiments no existeixen regles o normes fixes.  <\/p>\n<p>Voldria escriure avui sobre una particularitat su\u00efssa que \u00e9s d&#8217;ordre administratiu i que per tant no influeix en els sentiment \u00edntims. Es tracta del \u201clloc d&#8217;origen\u201d, que tots es ciutadans su\u00efssos tenen i que no \u00e9s necess\u00e0riament el lloc de naixement. En els passaports i en els carnets d&#8217;identitat su\u00efssos no figuren el lloc de naixement, ni el domicili, ni el nom del pare i la mare sin\u00f3 exclusivament les seg\u00fcents dades : nom i cognom (nom\u00e9s un), data de naixement, estatura, color dels ulls i lloc d&#8217;origen.<\/p>\n<p>El lloc d&#8217;origen \u00e9s la ciutat o poble on, en els or\u00edgens de la naci\u00f3 su\u00efssa, els avantpassats van adquirir el dret de ciutadania. Com a contrapartida els ciutadans tenien ( i encara en molt llocs tenen) el dret a una part dels beneficis que el terme municipal obt\u00e9, com per exemple fusta del boscos,  redits de  propietats, etc. . Molts municipis tenen avui dia dos assemblees: una amb els habitants que tenen el lloc d&#8217;origen i la residencia al poble, i una segona amb els que \u201cnom\u00e9s\u201d s\u00f3n  habitants. En cada una d&#8217;elles es tracten temes amb personalitat jur\u00eddica pr\u00f2pia.<\/p>\n<p>Naturalment, el lloc d&#8217;origen es transmet de pares a fills. Per matrimoni la dona o el home poden adquirir el lloc d&#8217;origen del c\u00f2njuge o incl\u00fas tenir dos llocs si les legislacions cantonals respectives ho permeten. <\/p>\n<p>Es tracta d&#8217;una reminisc\u00e8ncia hist\u00f3rica que mant\u00e9 una vig\u00e8ncia legal avui dia i que serveix perqu\u00e8 de tant en tant tothom es recordi d&#8217;uns llunyans avantpassats que van comen\u00e7ar a consolidar el pa\u00eds actual.<\/p>\n","protected":false},"excerpt":{"rendered":"<p>L&#8217;elecci\u00f3 de Barak Obama a la presid\u00e8ncia del Estats Units ha fet c\u00f3rrer una riuada de comentaris sobre els m\u00e9s diversos aspectes : color de la pell, experi\u00e8ncia pol\u00edtica, influencia del deus or\u00edgens familiars. Nascut a Hawaii d&#8217;un pare keny\u00e0 i d&#8217;una mare americana molt s&#8217;han preguntat quines son les veritables arrels de Obama per [&hellip;]<\/p>\n","protected":false},"author":126,"featured_media":0,"comment_status":"closed","ping_status":"closed","sticky":false,"template":"","format":"standard","meta":{"jetpack_post_was_ever_published":false,"_jetpack_newsletter_access":"","_jetpack_dont_email_post_to_subs":false,"_jetpack_newsletter_tier_id":0,"_jetpack_memberships_contains_paywalled_content":false,"_jetpack_memberships_contains_paid_content":false,"footnotes":"","jetpack_publicize_message":"","jetpack_publicize_feature_enabled":true,"jetpack_social_post_already_shared":false,"jetpack_social_options":{"image_generator_settings":{"template":"highway","default_image_id":0,"font":"","enabled":false},"version":2}},"categories":[1],"tags":[],"class_list":["post-82","post","type-post","status-publish","format-standard","hentry","category-general"],"jetpack_publicize_connections":[],"jetpack_featured_media_url":"","jetpack-related-posts":[{"id":673,"url":"https:\/\/blogs.avui.cat\/botonier\/2009\/06\/05\/l%e2%80%99autor-del-discurs-dobama-2\/","url_meta":{"origin":82,"position":0},"title":"L\u2019autor del discurs d&#8217;Obama","author":"Ramon Boixet","date":"5 juny 2009","format":false,"excerpt":"Els pol\u00edtics han d\u2019anar amb peus de plom amb les coses que fan i amb les que diuen. En molt poques ocasions es poden permetre el luxe d\u2019improvisar ja que cada mot pot girar-se contra seu o contra el seu partit. El discurs d\u2019ahir a El Caire a c\u00e0rrec del\u2026","rel":"","context":"A &quot;General&quot;","block_context":{"text":"General","link":"https:\/\/blogs.avui.cat\/botonier\/category\/general\/"},"img":{"alt_text":"","src":"","width":0,"height":0},"classes":[]},{"id":276,"url":"https:\/\/blogs.avui.cat\/botonier\/2009\/06\/05\/l%e2%80%99autor-del-discurs-dobama\/","url_meta":{"origin":82,"position":1},"title":"L\u2019autor del discurs d&#8217;Obama","author":"Ramon Boixet","date":"5 juny 2009","format":false,"excerpt":"Els pol\u00edtics han d\u2019anar amb peus de plom amb les coses que fan i amb les que diuen. En molt poques ocasions es poden permetre el luxe d\u2019improvisar ja que cada mot pot girar-se contra seu o contra el seu partit. El discurs d\u2019ahir a El Caire a c\u00e0rrec del\u2026","rel":"","context":"A &quot;General&quot;","block_context":{"text":"General","link":"https:\/\/blogs.avui.cat\/botonier\/category\/general\/"},"img":{"alt_text":"","src":"","width":0,"height":0},"classes":[]},{"id":156,"url":"https:\/\/blogs.avui.cat\/botonier\/2009\/01\/21\/avui-no-parlare-del-president-obama\/","url_meta":{"origin":82,"position":2},"title":"Avui no parlar\u00e9 del President Obama","author":"Ramon Boixet","date":"21 gener 2009","format":false,"excerpt":"Mig m\u00f3n s'ha assegut davant la televisi\u00f3 i ha vist la cerim\u00f2nia d\u2019investiduradel nou President dels Estat Units, de manera que no veig que jo hi pugui afegir res.No parlar\u00e9 del gran moviment de gent que hores i hores abans la cerim\u00f2nia ja omplia la ciutat de Washington i els\u2026","rel":"","context":"A &quot;General&quot;","block_context":{"text":"General","link":"https:\/\/blogs.avui.cat\/botonier\/category\/general\/"},"img":{"alt_text":"","src":"","width":0,"height":0},"classes":[]},{"id":448,"url":"https:\/\/blogs.avui.cat\/botonier\/2010\/02\/05\/quesquese-se-merde\/","url_meta":{"origin":82,"position":3},"title":"Quesques\u00e9 se merd\u00e9","author":"Ramon Boixet","date":"5 febrer 2010","format":false,"excerpt":"Avui La Trinca mereix ser recordada. El \u201cmerd\u00e9\u201d que tota la setmana planeja sobre Espanya va arribar ahir al seu punt m\u00e9s alt.La borsa va fer una caiguda espectacular com a prova que les inversions no senten cap atracci\u00f3 per Espanya. La cont\u00ednua destrucci\u00f3 de llocs de treball, l\u2019augment de\u2026","rel":"","context":"A &quot;General&quot;","block_context":{"text":"General","link":"https:\/\/blogs.avui.cat\/botonier\/category\/general\/"},"img":{"alt_text":"","src":"","width":0,"height":0},"classes":[]},{"id":519,"url":"https:\/\/blogs.avui.cat\/botonier\/2010\/04\/24\/no-badem\/","url_meta":{"origin":82,"position":4},"title":"No badem !","author":"Ramon Boixet","date":"24 abril 2010","format":false,"excerpt":"Aquest cap de setmana dins de l'anomenada tercera onada podran votar a les consultes populars sobre la independ\u00e8ncia de Catalunya un gran nombre de ciutadans arreu de tota la geografia.Cal esperar que la participaci\u00f3 sigui sensiblement millor que a les consultes fetes fins ara. De mica en mica, la gent\u2026","rel":"","context":"A &quot;General&quot;","block_context":{"text":"General","link":"https:\/\/blogs.avui.cat\/botonier\/category\/general\/"},"img":{"alt_text":"","src":"","width":0,"height":0},"classes":[]},{"id":243,"url":"https:\/\/blogs.avui.cat\/botonier\/2009\/04\/29\/negres-pronostics-per-el-turisme\/","url_meta":{"origin":82,"position":5},"title":"Negres pron\u00f2stics per el turisme","author":"Ramon Boixet","date":"29 abril 2009","format":false,"excerpt":"Ara que l'estiu s'acosta, comen\u00e7a a preocupar la m\u00e9s que segura recessi\u00f3 que el sector tur\u00edstic patir\u00e0 arreu d'Europa. Tant Su\u00efssa com Espanya reben una gran quantitat de turistes alemanys i s\u00f3n justament ells els que probablement m\u00e9s deixaran de viatjar aquest any, junt amb els espanyols.La consultora Boston Consulting\u2026","rel":"","context":"A &quot;General&quot;","block_context":{"text":"General","link":"https:\/\/blogs.avui.cat\/botonier\/category\/general\/"},"img":{"alt_text":"","src":"","width":0,"height":0},"classes":[]}],"jetpack_sharing_enabled":true,"jetpack_likes_enabled":true,"_links":{"self":[{"href":"https:\/\/blogs.avui.cat\/botonier\/wp-json\/wp\/v2\/posts\/82","targetHints":{"allow":["GET"]}}],"collection":[{"href":"https:\/\/blogs.avui.cat\/botonier\/wp-json\/wp\/v2\/posts"}],"about":[{"href":"https:\/\/blogs.avui.cat\/botonier\/wp-json\/wp\/v2\/types\/post"}],"author":[{"embeddable":true,"href":"https:\/\/blogs.avui.cat\/botonier\/wp-json\/wp\/v2\/users\/126"}],"replies":[{"embeddable":true,"href":"https:\/\/blogs.avui.cat\/botonier\/wp-json\/wp\/v2\/comments?post=82"}],"version-history":[{"count":2,"href":"https:\/\/blogs.avui.cat\/botonier\/wp-json\/wp\/v2\/posts\/82\/revisions"}],"predecessor-version":[{"id":3248,"href":"https:\/\/blogs.avui.cat\/botonier\/wp-json\/wp\/v2\/posts\/82\/revisions\/3248"}],"wp:attachment":[{"href":"https:\/\/blogs.avui.cat\/botonier\/wp-json\/wp\/v2\/media?parent=82"}],"wp:term":[{"taxonomy":"category","embeddable":true,"href":"https:\/\/blogs.avui.cat\/botonier\/wp-json\/wp\/v2\/categories?post=82"},{"taxonomy":"post_tag","embeddable":true,"href":"https:\/\/blogs.avui.cat\/botonier\/wp-json\/wp\/v2\/tags?post=82"}],"curies":[{"name":"wp","href":"https:\/\/api.w.org\/{rel}","templated":true}]}}