{"id":80,"date":"2008-11-03T14:03:00","date_gmt":"2008-11-03T12:03:00","guid":{"rendered":"http:\/\/blogs.avui.cat\/botonier\/2008\/11\/03\/el-ministre-i-els-contes\/"},"modified":"2013-06-19T09:50:40","modified_gmt":"2013-06-19T08:50:40","slug":"el-ministre-i-els-contes","status":"publish","type":"post","link":"https:\/\/blogs.avui.cat\/botonier\/2008\/11\/03\/el-ministre-i-els-contes\/","title":{"rendered":"El Ministre i els contes"},"content":{"rendered":"<p><a href=\"https:\/\/i0.wp.com\/3.bp.blogspot.com\/_gS2A8TwyupA\/SQ7qDRIVmqI\/AAAAAAAAAM8\/DWEbg_5k3FQ\/s1600-h\/M%C3%A4rchenland.jpg\"><img data-recalc-dims=\"1\" decoding=\"async\" src=\"https:\/\/i0.wp.com\/3.bp.blogspot.com\/_gS2A8TwyupA\/SQ7qDRIVmqI\/AAAAAAAAAM8\/DWEbg_5k3FQ\/s200\/M%C3%A4rchenland.jpg\" border=\"0\" \/><\/a><br \/>\nEl Festival m\u00e9s conegut entre els que es fan a Berl\u00edn \u00e9s, sens dubte, la Berlinale que junt amb Cannes fa part dels \u201cimprescindibles\u201d en el m\u00f3n del cinema.<br \/>\nUn Festival menys conegut \u00e9s el Festival de Contes ( Berliner M\u00e4rchentage) que s&#8217;obre dijous i que aquest any es celebra per la dinovena vegada. Cada any els organitzadors escullen un pa\u00eds o una cultura per dedicar-hi els 15 dies de durada del festival. S&#8217;organitzen en diversos llocs de Berl\u00edn lectures, representacions teatrals, can\u00e7ons etc. sempre centrades en els  contes, a c\u00e0rrec de professionals de prestigi i de cap manera nom\u00e9s pensat per els infants.<\/p>\n<p>Aquest any, el pa\u00eds convidat \u00e9s Su\u00efssa, de manera que segur que no mancar\u00e0 la inefable Heidi amb el seu avi i la senyoreta Rottenmeier per\u00f3 tamb\u00e9 d&#8217;altres personatges poc coneguts fora de l&#8217; \u00e0mbit su\u00efs i centreeuropeu i que han perm\u00e8s i permeten als nens su\u00efssos de somiar i crear fantasies.<\/p>\n<p>Interessant ser\u00e0 un dels actes del dia 6 que porta per t\u00edtol \u201c Pol\u00edtics  conten contes\u201d. (Perdoneu la redund\u00e0ncia per\u00f3 es la traducci\u00f3 literal del t\u00edtol en alemany \u201cPolitiker erz\u00e4hlen M\u00e4rchen\u201d). El convidat \u00e9s el Ministre Federal de Finances alemany Peer Steinbr\u00fcck que llegir\u00e0 contes que tracten de tresors. Felicito als organitzadors i tamb\u00e9 al Ministre per tenir el bon tarann\u00e0 i la fina ironia que cal en un acte com el que comentem. Fa un parell de dies, el Ministre Steinbr\u00fcck va crear una gran commoci\u00f3 a Alemanya i a Su\u00efssa ja que en unes declaracions va dir que Su\u00efssa s&#8217;ha de incloure en la llista negra de \u201cparadisos fiscals\u201d i incl\u00fas va parlar d&#8217;utilitzar el fuet contra les autoritats financeres del seu ve\u00ed del sud. No va fer servir el llenguatge que s&#8217;espera d&#8217;un pa\u00eds amic i d&#8217;una persona que sap perfectament que Su\u00efssa ja ha deixat de ser un \u201cparad\u00eds fiscal\u201d fa molt temps. La sortida de capital d&#8217;Alemanya te motius interns (fiscalitat alta i mal repartida, l&#8217;alt cost de la reunificaci\u00f3 que ha fet de llastre i seguir\u00e0 fet durant molt anys, etc.).<\/p>\n<p>Problemes de  politica apart, sigui benvingut un Ministre de Finances que es dedica a explicar contes en un acte p\u00fablic anunciat, mentre que col\u00b7legues seus d&#8217;altres paisos els expliquen al telediari.<\/p>\n","protected":false},"excerpt":{"rendered":"<p>El Festival m\u00e9s conegut entre els que es fan a Berl\u00edn \u00e9s, sens dubte, la Berlinale que junt amb Cannes fa part dels \u201cimprescindibles\u201d en el m\u00f3n del cinema. Un Festival menys conegut \u00e9s el Festival de Contes ( Berliner M\u00e4rchentage) que s&#8217;obre dijous i que aquest any es celebra per la dinovena vegada. Cada [&hellip;]<\/p>\n","protected":false},"author":126,"featured_media":0,"comment_status":"closed","ping_status":"closed","sticky":false,"template":"","format":"standard","meta":{"jetpack_post_was_ever_published":false,"_jetpack_newsletter_access":"","_jetpack_dont_email_post_to_subs":false,"_jetpack_newsletter_tier_id":0,"_jetpack_memberships_contains_paywalled_content":false,"_jetpack_memberships_contains_paid_content":false,"footnotes":"","jetpack_publicize_message":"","jetpack_publicize_feature_enabled":true,"jetpack_social_post_already_shared":false,"jetpack_social_options":{"image_generator_settings":{"template":"highway","default_image_id":0,"font":"","enabled":false},"version":2}},"categories":[1],"tags":[],"class_list":["post-80","post","type-post","status-publish","format-standard","hentry","category-general"],"jetpack_publicize_connections":[],"jetpack_featured_media_url":"","jetpack-related-posts":[{"id":3329,"url":"https:\/\/blogs.avui.cat\/botonier\/2013\/08\/20\/suissa-desconcertada-per-un-catala\/","url_meta":{"origin":80,"position":0},"title":"Su\u00efssa desconcertada per un catal\u00e0","author":"Ramon Boixet","date":"20 agost 2013","format":false,"excerpt":"El Festival del Cinema de Locarno \u00e9s un dels festivals europeus de m\u00e9s prestigi fora dels \"gegants\" Ven\u00e8cia, Berl\u00edn o Cannes, sovint m\u00e9s condicionats per l'\u00e8xit comercial de les pel\u00b7l\u00edcules que per una estricta valoraci\u00f3 del fet cinematogr\u00e0fic com a art. En l'edici\u00f3 d'enguany, la seixanta-sisena, el premi a la\u2026","rel":"","context":"A &quot;General&quot;","block_context":{"text":"General","link":"https:\/\/blogs.avui.cat\/botonier\/category\/general\/"},"img":{"alt_text":"","src":"https:\/\/i0.wp.com\/blogs.avui.cat\/botonier\/files\/2013\/08\/Locarno-150x150.jpg?resize=350%2C200","width":350,"height":200},"classes":[]},{"id":366,"url":"https:\/\/blogs.avui.cat\/botonier\/2009\/10\/08\/roman-polanski-engarjolat-a-suissa\/","url_meta":{"origin":80,"position":1},"title":"Roman Polanski engarjolat a Su\u00efssa","author":"Ramon Boixet","date":"8 octubre 2009","format":false,"excerpt":"Quan el conegut director de cinema Roman Polanski va aterrar el dia 26 de setembre a l\u2019aeroport de Zuric per tal d'assistir al Festival del Cinema on estava previst entregar-li un premi pel conjunt de la seva obra, va ser arrestat per la policia i avui, dotze dies despr\u00e9s, encara\u2026","rel":"","context":"A &quot;General&quot;","block_context":{"text":"General","link":"https:\/\/blogs.avui.cat\/botonier\/category\/general\/"},"img":{"alt_text":"","src":"","width":0,"height":0},"classes":[]},{"id":167,"url":"https:\/\/blogs.avui.cat\/botonier\/2009\/02\/03\/la-cultura-catalana-a-l%e2%80%99exterior\/","url_meta":{"origin":80,"position":2},"title":"La cultura catalana a l\u2019exterior","author":"Ramon Boixet","date":"3 febrer 2009","format":false,"excerpt":"Molt es comenta darrerament la decisi\u00f3 de la Generalitat d\u2019obrir les dites ambaixades a diverses ciutats del m\u00f3n. Em suposo que la finalitat \u00e9s la de promocionar Catalunya com a dest\u00ed d\u2019inversions, cultural i tur\u00edstic ja que altres possibilitats d\u2019ordre pol\u00edtic estan fora del dret que l\u2019estat espanyol i l\u2019\u2026","rel":"","context":"A &quot;General&quot;","block_context":{"text":"General","link":"https:\/\/blogs.avui.cat\/botonier\/category\/general\/"},"img":{"alt_text":"","src":"","width":0,"height":0},"classes":[]},{"id":92,"url":"https:\/\/blogs.avui.cat\/botonier\/2008\/11\/20\/el-catala-i-els-vols-de-swiss\/","url_meta":{"origin":80,"position":3},"title":"El catal\u00e0 i els vols de Swiss","author":"Ramon Boixet","date":"20 novembre 2008","format":false,"excerpt":"Tan la desapareguda companyia d'aviaci\u00f3 Swissair com la seva successora Swiss fa molts anys que, en els vols entre Su\u00efssa i Barcelona saluden els passatgers en catal\u00e0. Fa un parell de setmanes que vaig posar a Swiss com a exemple positiu en contrast amb l'actitud vergonyosa d'Air Berlin.El partit \u201cUni\u00f3n\u2026","rel":"","context":"A &quot;General&quot;","block_context":{"text":"General","link":"https:\/\/blogs.avui.cat\/botonier\/category\/general\/"},"img":{"alt_text":"","src":"","width":0,"height":0},"classes":[]},{"id":384,"url":"https:\/\/blogs.avui.cat\/botonier\/2009\/11\/09\/el-mur-de-berlin-i-cruyff\/","url_meta":{"origin":80,"position":4},"title":"El Mur de Berl\u00edn i Cruyff","author":"Ramon Boixet","date":"9 novembre 2009","format":false,"excerpt":"La noticia que avui obrir\u00e0 els diaris escrits i televisius del m\u00f3n \u00e9s el vint\u00e8 aniversari de la caiguda del mur de Berl\u00edn. \u00c9s sens dubte un fet hist\u00f2ric que tots pogu\u00e9rem viure de manera directa i que va iniciar una redefinici\u00f3 d'Europa, va acabar amb l'anomenada \u00abguerra freda\u00bb i\u2026","rel":"","context":"A &quot;General&quot;","block_context":{"text":"General","link":"https:\/\/blogs.avui.cat\/botonier\/category\/general\/"},"img":{"alt_text":"","src":"","width":0,"height":0},"classes":[]},{"id":191,"url":"https:\/\/blogs.avui.cat\/botonier\/2009\/03\/01\/ocasio-perduda-per-barcelona-i-catalunya\/","url_meta":{"origin":80,"position":5},"title":"Ocasi\u00f3 perduda per Barcelona i Catalunya.","author":"Ramon Boixet","date":"1 mar\u00e7 2009","format":false,"excerpt":"El diari del diumenge de m\u00e9s tirada de Su\u00efssa, Sonntags Zeitung, ha encarregat a diversos autors europeus uns reportatges sobre ciutats. El primer reportatge ha sortit avui i \u00e9s sobre Barcelona. Millor dit, sobre la Rambla entre la Pla\u00e7a Catalunya i el monument a Colom. L\u2019autora \u00e9s la senyora Julia\u2026","rel":"","context":"A &quot;General&quot;","block_context":{"text":"General","link":"https:\/\/blogs.avui.cat\/botonier\/category\/general\/"},"img":{"alt_text":"","src":"","width":0,"height":0},"classes":[]}],"jetpack_sharing_enabled":true,"jetpack_likes_enabled":true,"_links":{"self":[{"href":"https:\/\/blogs.avui.cat\/botonier\/wp-json\/wp\/v2\/posts\/80","targetHints":{"allow":["GET"]}}],"collection":[{"href":"https:\/\/blogs.avui.cat\/botonier\/wp-json\/wp\/v2\/posts"}],"about":[{"href":"https:\/\/blogs.avui.cat\/botonier\/wp-json\/wp\/v2\/types\/post"}],"author":[{"embeddable":true,"href":"https:\/\/blogs.avui.cat\/botonier\/wp-json\/wp\/v2\/users\/126"}],"replies":[{"embeddable":true,"href":"https:\/\/blogs.avui.cat\/botonier\/wp-json\/wp\/v2\/comments?post=80"}],"version-history":[{"count":2,"href":"https:\/\/blogs.avui.cat\/botonier\/wp-json\/wp\/v2\/posts\/80\/revisions"}],"predecessor-version":[{"id":3250,"href":"https:\/\/blogs.avui.cat\/botonier\/wp-json\/wp\/v2\/posts\/80\/revisions\/3250"}],"wp:attachment":[{"href":"https:\/\/blogs.avui.cat\/botonier\/wp-json\/wp\/v2\/media?parent=80"}],"wp:term":[{"taxonomy":"category","embeddable":true,"href":"https:\/\/blogs.avui.cat\/botonier\/wp-json\/wp\/v2\/categories?post=80"},{"taxonomy":"post_tag","embeddable":true,"href":"https:\/\/blogs.avui.cat\/botonier\/wp-json\/wp\/v2\/tags?post=80"}],"curies":[{"name":"wp","href":"https:\/\/api.w.org\/{rel}","templated":true}]}}