{"id":8,"date":"2008-01-30T16:34:00","date_gmt":"2008-01-30T14:34:00","guid":{"rendered":"http:\/\/blogs.avui.cat\/botonier\/2008\/01\/30\/la-revista-bages\/"},"modified":"2013-06-19T09:50:55","modified_gmt":"2013-06-19T08:50:55","slug":"la-revista-bages","status":"publish","type":"post","link":"https:\/\/blogs.avui.cat\/botonier\/2008\/01\/30\/la-revista-bages\/","title":{"rendered":"La revista &quot;Bages&quot;"},"content":{"rendered":"<p><a href=\"https:\/\/i0.wp.com\/bp2.blogger.com\/_gS2A8TwyupA\/R6CNmtjarfI\/AAAAAAAAABI\/qxDwKS0Kyuc\/s1600-h\/Bages.JPG\"><img data-recalc-dims=\"1\" decoding=\"async\" src=\"https:\/\/i0.wp.com\/bp2.blogger.com\/_gS2A8TwyupA\/R6CNmtjarfI\/AAAAAAAAABI\/qxDwKS0Kyuc\/s200\/Bages.JPG\" border=\"0\" \/><\/a><br \/>He llegit a la premsa su\u00efssa la noticia de la \u201cremodelaci\u00f3\u201d de la revista cultural \u201cDu\u201d, de llarga tradici\u00f3 en aquest pa\u00eds,  i per un moment, m\u2019ha vingut a la mem\u00f2ria la revista \u201cBages\u201d que durant uns anys va editar l\u2019Associaci\u00f3 d\u2019Antics Alumnes del Institut \u201cLluis de Peguera\u201d de la nostra ciutat.<\/p>\n<p>Vaig entrar a col\u2022laborar  a \u201cBages\u201d l\u2019any 1963, de la ma del aleshores director Dr. Ignasi Bajona, amb una p\u00e0gina de comentaris i critica teatral. Junt amb mi el Sr. Bajona va fer que col\u2022laboressin els meus amics Pere D. Montserrat  (encarregat de la critica liter\u00e0ria) i Manuel Quinto (que s\u2019ocupava del cinema). <\/p>\n<p>D\u2019altres ex-alumnes en foren col\u2022laboradors. Fullejant entre les revistes Bages que conservo, veig uns articles del Josep M. Esquius sobre el futur urban\u00edstic de Manresa, o sobre  les millores necess\u00e0ries en el Cardener en relaci\u00f3 amb els accessos a Manresa. Ja l\u2019any 1963 el Josep Maria escrivia sobre l\u2019esperan\u00e7a que els organismes competents fessin cas a la \u201coblidada Manresa\u201d en q\u00fcestions d\u2019infraestructura i comunicacions. Tinc la sospita que el mateix article, pr\u00e0cticament sense modificacions, es pot escriure avui. Ai las!.<\/p>\n<p>Tamb\u00e9 s\u2019enriquia la revista Bages amb comentaris literaris del Carles-Jordi Guardiola, amb articles sobre l\u2019art antic a la comarca de Bages a c\u00e0rrec de Xavier Sitjas, el calendari folkl\u00f2ric per el J.G.Sol amb dibuixos del Joan Vilanova i molts i molts d\u2019altres que no puc detallar sense fer-me pesat. <\/p>\n<p>Molt important \u00e9s esmentar que la portada de la revista era sempre una obra (dibuix  o gravat) d\u2019un artista manres\u00e0 i que el gran format de la revista, permetia que l\u2019artista tingu\u00e9s un paper destacat a cada publicaci\u00f3.  <\/p>\n<p>El contingut era en llegua espanyola, amb l\u2019excepci\u00f3 d&#8217;una minoria d\u2019articles. Cal tenir en compte que parlem dels anys 60 i la revista \u201cBages\u201d estava obligada a passar la censura. El fet de tenir el catal\u00e0 com a idioma minoritari potser que l\u2019hi permetia sortir amb m\u00e9s pocs problemes. Cal dir que no era una revista de contingut massa \u201cprovocatiu\u201d social o pol\u00edtic encara que sota aquesta aparen\u00e7a de tranquil\u2022litat, s\u2019hi trobaven opinions i recensions amb una intenci\u00f3 clara. D\u2019aix\u00f2 en podrem parlar ( o escriure) un altre moment.  Per avui, valgui el meu record  de Su\u00efssa estant per la revista \u201cBages\u201d i tots els que la van fer possible al llarg dels seus  pr\u00e0cticament 15 anys de vida.<\/p>\n","protected":false},"excerpt":{"rendered":"<p>He llegit a la premsa su\u00efssa la noticia de la \u201cremodelaci\u00f3\u201d de la revista cultural \u201cDu\u201d, de llarga tradici\u00f3 en aquest pa\u00eds, i per un moment, m\u2019ha vingut a la mem\u00f2ria la revista \u201cBages\u201d que durant uns anys va editar l\u2019Associaci\u00f3 d\u2019Antics Alumnes del Institut \u201cLluis de Peguera\u201d de la nostra ciutat. Vaig entrar a [&hellip;]<\/p>\n","protected":false},"author":126,"featured_media":0,"comment_status":"closed","ping_status":"closed","sticky":false,"template":"","format":"standard","meta":{"jetpack_post_was_ever_published":false,"_jetpack_newsletter_access":"","_jetpack_dont_email_post_to_subs":false,"_jetpack_newsletter_tier_id":0,"_jetpack_memberships_contains_paywalled_content":false,"_jetpack_memberships_contains_paid_content":false,"footnotes":"","jetpack_publicize_message":"","jetpack_publicize_feature_enabled":true,"jetpack_social_post_already_shared":false,"jetpack_social_options":{"image_generator_settings":{"template":"highway","default_image_id":0,"font":"","enabled":false},"version":2}},"categories":[1],"tags":[],"class_list":["post-8","post","type-post","status-publish","format-standard","hentry","category-general"],"jetpack_publicize_connections":[],"jetpack_featured_media_url":"","jetpack-related-posts":[{"id":649,"url":"https:\/\/blogs.avui.cat\/botonier\/2008\/01\/30\/la-revista-bages-2\/","url_meta":{"origin":8,"position":0},"title":"La revista &#034;Bages&#034;","author":"Ramon Boixet","date":"30 gener 2008","format":false,"excerpt":"He llegit a la premsa su\u00efssa la noticia de la \u201cremodelaci\u00f3\u201d de la revista cultural \u201cDu\u201d, de llarga tradici\u00f3 en aquest pa\u00eds, i per un moment, m\u2019ha vingut a la mem\u00f2ria la revista \u201cBages\u201d que durant uns anys va editar l\u2019Associaci\u00f3 d\u2019Antics Alumnes del Institut \u201cLluis de Peguera\u201d de la\u2026","rel":"","context":"A &quot;General&quot;","block_context":{"text":"General","link":"https:\/\/blogs.avui.cat\/botonier\/category\/general\/"},"img":{"alt_text":"","src":"","width":0,"height":0},"classes":[]},{"id":677,"url":"https:\/\/blogs.avui.cat\/botonier\/2009\/06\/26\/benvolgut-alfonso-sastre-2\/","url_meta":{"origin":8,"position":1},"title":"Benvolgut Alfonso Sastre&#8230;","author":"Ramon Boixet","date":"26 juny 2009","format":false,"excerpt":"La veritat \u00e9s que vost\u00e8 ja porta molts anys de lluitador de causes pol\u00edtiques i les ha vist de tots colors. Tamb\u00e9 la seva esposa, Eva Forest, va lluitar fins al final de la seva vida principalment al costat de les idees d'ETA per un Pa\u00eds Basc independent. Jo vaig\u2026","rel":"","context":"A &quot;General&quot;","block_context":{"text":"General","link":"https:\/\/blogs.avui.cat\/botonier\/category\/general\/"},"img":{"alt_text":"","src":"","width":0,"height":0},"classes":[]},{"id":293,"url":"https:\/\/blogs.avui.cat\/botonier\/2009\/06\/26\/benvolgut-alfonso-sastre\/","url_meta":{"origin":8,"position":2},"title":"Benvolgut Alfonso Sastre&#8230;","author":"Ramon Boixet","date":"26 juny 2009","format":false,"excerpt":"La veritat \u00e9s que vost\u00e8 ja porta molts anys de lluitador de causes pol\u00edtiques i les ha vist de tots colors. Tamb\u00e9 la seva esposa, Eva Forest, va lluitar fins al final de la seva vida principalment al costat de les idees d'ETA per un Pa\u00eds Basc independent. Jo vaig\u2026","rel":"","context":"A &quot;General&quot;","block_context":{"text":"General","link":"https:\/\/blogs.avui.cat\/botonier\/category\/general\/"},"img":{"alt_text":"","src":"","width":0,"height":0},"classes":[]},{"id":404,"url":"https:\/\/blogs.avui.cat\/botonier\/2009\/12\/05\/reveure-placido\/","url_meta":{"origin":8,"position":3},"title":"Reveure &quot;Pl\u00e1cido&quot;","author":"Ramon Boixet","date":"5 desembre 2009","format":false,"excerpt":"S\u2019acosta Nadal i inevitablement com a manres\u00e0 em ve a la mem\u00f2ria la pel\u2022l\u00edcula \u201cPl\u00e1cido\u201d que Berlanga va filmar a Manresa l\u2019any 1960. Les obres principals de Berlanga van ser filmades en temps del franquisme i representen una imatge cr\u00edtica i realista de la societat d\u2019aquells anys. El toc permanent\u2026","rel":"","context":"A &quot;General&quot;","block_context":{"text":"General","link":"https:\/\/blogs.avui.cat\/botonier\/category\/general\/"},"img":{"alt_text":"","src":"","width":0,"height":0},"classes":[]},{"id":707,"url":"https:\/\/blogs.avui.cat\/botonier\/2009\/12\/05\/reveure-placido-2\/","url_meta":{"origin":8,"position":4},"title":"Reveure &#034;Pl\u00e1cido&#034;","author":"Ramon Boixet","date":"5 desembre 2009","format":false,"excerpt":"S\u2019acosta Nadal i inevitablement com a manres\u00e0 em ve a la mem\u00f2ria la pel\u2022l\u00edcula \u201cPl\u00e1cido\u201d que Berlanga va filmar a Manresa l\u2019any 1960. Les obres principals de Berlanga van ser filmades en temps del franquisme i representen una imatge cr\u00edtica i realista de la societat d\u2019aquells anys. El toc permanent\u2026","rel":"","context":"A &quot;General&quot;","block_context":{"text":"General","link":"https:\/\/blogs.avui.cat\/botonier\/category\/general\/"},"img":{"alt_text":"","src":"","width":0,"height":0},"classes":[]},{"id":501,"url":"https:\/\/blogs.avui.cat\/botonier\/2010\/04\/08\/no-tots-parlem-el-mateix-catala\/","url_meta":{"origin":8,"position":5},"title":"No tots parlem el mateix catal\u00e0","author":"Ramon Boixet","date":"8 abril 2010","format":false,"excerpt":"La sortida d\u2019un llibre amb el t\u00edtol de \u00abLo Nou Diccionari Lleidat\u00e0-Catal\u00e0\u201d (Editorial Alzafeta), ha despertat una s\u00e8rie de comentaris, molts d\u2019ells negatius, que he pogut llegir a la premsa per internet. El diccionari inclou m\u00e9s de 3000 paraules espec\u00edfiques del lleidat\u00e0, tant de la capital com dels pobles. Per\u2026","rel":"","context":"A &quot;General&quot;","block_context":{"text":"General","link":"https:\/\/blogs.avui.cat\/botonier\/category\/general\/"},"img":{"alt_text":"","src":"","width":0,"height":0},"classes":[]}],"jetpack_sharing_enabled":true,"jetpack_likes_enabled":true,"_links":{"self":[{"href":"https:\/\/blogs.avui.cat\/botonier\/wp-json\/wp\/v2\/posts\/8","targetHints":{"allow":["GET"]}}],"collection":[{"href":"https:\/\/blogs.avui.cat\/botonier\/wp-json\/wp\/v2\/posts"}],"about":[{"href":"https:\/\/blogs.avui.cat\/botonier\/wp-json\/wp\/v2\/types\/post"}],"author":[{"embeddable":true,"href":"https:\/\/blogs.avui.cat\/botonier\/wp-json\/wp\/v2\/users\/126"}],"replies":[{"embeddable":true,"href":"https:\/\/blogs.avui.cat\/botonier\/wp-json\/wp\/v2\/comments?post=8"}],"version-history":[{"count":2,"href":"https:\/\/blogs.avui.cat\/botonier\/wp-json\/wp\/v2\/posts\/8\/revisions"}],"predecessor-version":[{"id":3318,"href":"https:\/\/blogs.avui.cat\/botonier\/wp-json\/wp\/v2\/posts\/8\/revisions\/3318"}],"wp:attachment":[{"href":"https:\/\/blogs.avui.cat\/botonier\/wp-json\/wp\/v2\/media?parent=8"}],"wp:term":[{"taxonomy":"category","embeddable":true,"href":"https:\/\/blogs.avui.cat\/botonier\/wp-json\/wp\/v2\/categories?post=8"},{"taxonomy":"post_tag","embeddable":true,"href":"https:\/\/blogs.avui.cat\/botonier\/wp-json\/wp\/v2\/tags?post=8"}],"curies":[{"name":"wp","href":"https:\/\/api.w.org\/{rel}","templated":true}]}}