{"id":789,"date":"2010-10-15T08:54:30","date_gmt":"2010-10-15T06:54:30","guid":{"rendered":"http:\/\/blogs.avui.cat\/botonier\/?p=789"},"modified":"2013-06-19T09:47:10","modified_gmt":"2013-06-19T08:47:10","slug":"actualitat-de-labat-escarre","status":"publish","type":"post","link":"https:\/\/blogs.avui.cat\/botonier\/2010\/10\/15\/actualitat-de-labat-escarre\/","title":{"rendered":"Actualitat de l&#8217;Abat Escarr\u00e9"},"content":{"rendered":"<p><a href=\"https:\/\/i0.wp.com\/blogs.avui.cat\/botonier\/files\/2010\/10\/Abat1.jpg\"><img data-recalc-dims=\"1\" loading=\"lazy\" decoding=\"async\" class=\"alignnone size-full wp-image-791\" src=\"https:\/\/i0.wp.com\/blogs.avui.cat\/botonier\/files\/2010\/10\/Abat1.jpg?resize=101%2C141\" alt=\"\" width=\"101\" height=\"141\" \/><\/a><\/p>\n<p>La visita del Papa a Barcelona el 7 de novembre tindr\u00e0 una polititzaci\u00f3 molt alta, tal com es pot deduir de les noticies que van arribant de tots els costats tan cat\u00f2lics com laics.<br \/>\nEs vulgui o on, la visita d\u2019un Papa sempre desperta manifestacions contraposades perqu\u00e8 mai s\u2019ha pogut dissociar en la figura del Papa el fet de ser un cap d \u2018estat i alhora un cap religi\u00f3s, situaci\u00f3 que dones motius a uns i altres per demostrar alegria o rebuig.<\/p>\n<p>L\u2019Abat de Montserrat, Josep Maria Soler, ha fet unes declaracions en las que demana que la visita del Papa sigui \u201euna visita arrelada a la nostra realitat de Catalunya \u201c&#8217; i declarant-se partidari que els feligresos catalans mostrin la seva catalanitat al m\u00f3n. Segur que ho ha dit per frenar una apropiaci\u00f3 massa \u201eespanyola \u201cde la visita.<\/p>\n<p>Parlant de l\u2019Abat de Montserrat, recordo l\u2019enrenou que van causar l\u2019any 1963 unes declaracions del llavors Abat Aureli Maria Escarr\u00e9 al diari Le Monde, i que van portar-lo a l\u2019exili. La seva figura \u00e9s, en part, controvertida encara que tothom accepta el valor de la seva actitud de defensa de Catalunya en els seus darrers anys.<\/p>\n<p>Per a \u00a0molts dels lectors relativament joves tot aix\u00f2 sona a \u201econtes de l\u2019avi \u201c. La realitat \u00e9s que moltes de les seves paraules mantenen una actualitat que sorpr\u00e8n i que demostra que en alguns assumptes, no s\u2019ha fet cap pas endavant malgrat els 47 anys de dist\u00e0ncia.<\/p>\n<p>Recordem que va assenyalar que els catalans \u201e\u00e9rem espanyols per\u00f2 no castellans \u201ci que \u201eCatalunya \u00e9s una naci\u00f3 en el conjunt de les nacionalitats espanyoles&#8230; i la principal subversi\u00f3 que hi ha a Espanya \u00e9s la del govern \u201c. Val la pena cercar l\u2019entrevista als arxius de la xarxa internet, per rumiar sobre els molts problemes i les poques solucions que en 47 anys s\u2019han produ\u00eft.<\/p>\n","protected":false},"excerpt":{"rendered":"<p>La visita del Papa a Barcelona el 7 de novembre tindr\u00e0 una polititzaci\u00f3 molt alta, tal com es pot deduir de les noticies que van arribant de tots els costats tan cat\u00f2lics com laics. Es vulgui o on, la visita d\u2019un Papa sempre desperta manifestacions contraposades perqu\u00e8 mai s\u2019ha pogut dissociar en la figura del [&hellip;]<\/p>\n","protected":false},"author":126,"featured_media":0,"comment_status":"closed","ping_status":"closed","sticky":false,"template":"","format":"standard","meta":{"jetpack_post_was_ever_published":false,"_jetpack_newsletter_access":"","_jetpack_dont_email_post_to_subs":false,"_jetpack_newsletter_tier_id":0,"_jetpack_memberships_contains_paywalled_content":false,"_jetpack_memberships_contains_paid_content":false,"footnotes":"","jetpack_publicize_message":"","jetpack_publicize_feature_enabled":true,"jetpack_social_post_already_shared":false,"jetpack_social_options":{"image_generator_settings":{"template":"highway","default_image_id":0,"font":"","enabled":false},"version":2}},"categories":[1],"tags":[],"class_list":["post-789","post","type-post","status-publish","format-standard","hentry","category-general"],"jetpack_publicize_connections":[],"jetpack_featured_media_url":"","jetpack-related-posts":[{"id":814,"url":"https:\/\/blogs.avui.cat\/botonier\/2010\/11\/04\/i-si-no-parles-en-catala\/","url_meta":{"origin":789,"position":0},"title":"I si no parl\u00e9s en catal\u00e0&#8230;?","author":"Ramon Boixet","date":"4 novembre 2010","format":false,"excerpt":"La visita del Papa a Barcelona s'ha tret de polleguera i d\u2019una visita certament important, per\u00f2 d\u2019un contingut essencialment religi\u00f3s, se n\u2019ha fet un assumpte pol\u00edtic amb totes les conseq\u00fc\u00e8ncies negatives que ja s\u2019estan fent sentir. Rebre el cap de l\u2019esgl\u00e9sia cat\u00f2lica \u00e9s un fet important per a tots els\u2026","rel":"","context":"A &quot;General&quot;","block_context":{"text":"General","link":"https:\/\/blogs.avui.cat\/botonier\/category\/general\/"},"img":{"alt_text":"","src":"https:\/\/i0.wp.com\/blogs.avui.cat\/botonier\/files\/2010\/11\/Papa.jpg?resize=350%2C200","width":350,"height":200},"classes":[]},{"id":486,"url":"https:\/\/blogs.avui.cat\/botonier\/2010\/03\/23\/lesglesia-catolica-i-els-abusos-a-menors\/","url_meta":{"origin":789,"position":1},"title":"L&#8217;esgl\u00e9sia cat\u00f2lica i els abusos a menors","author":"Ramon Boixet","date":"23 mar\u00e7 2010","format":false,"excerpt":"Sorpr\u00e8n una mica la poca import\u00e0ncia amb la que es tracta p\u00fablicament a Catalunya i a Espanya el delicat assumpte dels abusos a menors per part de sacerdots de l \u2018esgl\u00e9sia cat\u00f2lica. El tema \u00e9s delicat perqu\u00e8 s\u2019hi barregen molts components, cada un d\u2019ells de gran import\u00e0ncia: el mal psicol\u00f2gic\u2026","rel":"","context":"A &quot;General&quot;","block_context":{"text":"General","link":"https:\/\/blogs.avui.cat\/botonier\/category\/general\/"},"img":{"alt_text":"","src":"","width":0,"height":0},"classes":[]},{"id":725,"url":"https:\/\/blogs.avui.cat\/botonier\/2010\/03\/23\/lesglesia-catolica-i-els-abusos-a-menors-2\/","url_meta":{"origin":789,"position":2},"title":"L&#8217;esgl\u00e9sia cat\u00f2lica i els abusos a menors","author":"Ramon Boixet","date":"23 mar\u00e7 2010","format":false,"excerpt":"Sorpr\u00e8n una mica la poca import\u00e0ncia amb la que es tracta p\u00fablicament a Catalunya i a Espanya el delicat assumpte dels abusos a menors per part de sacerdots de l \u2018esgl\u00e9sia cat\u00f2lica. El tema \u00e9s delicat perqu\u00e8 s\u2019hi barregen molts components, cada un d\u2019ells de gran import\u00e0ncia: el mal psicol\u00f2gic\u2026","rel":"","context":"A &quot;General&quot;","block_context":{"text":"General","link":"https:\/\/blogs.avui.cat\/botonier\/category\/general\/"},"img":{"alt_text":"","src":"","width":0,"height":0},"classes":[]},{"id":980,"url":"https:\/\/blogs.avui.cat\/botonier\/2011\/11\/24\/montserrat-figueras-i-suissa\/","url_meta":{"origin":789,"position":3},"title":"Montserrat Figueras i Su\u00efssa","author":"Ramon Boixet","date":"24 novembre 2011","format":false,"excerpt":"La mort de Montserrat Figueras, esposa de Jordi Savall, ha tingut ress\u00f2 a Su\u00efssa, no nom\u00e9s per la seva aportaci\u00f3 vocal a tots els projectes de Jordi Savall, sin\u00f3 per la seva vinculaci\u00f3 personal i art\u00edstica, sobretot amb la ciutat de Basilea. Montserrat Figueras va arribar a Basilea despr\u00e8s de\u2026","rel":"","context":"A &quot;General&quot;","block_context":{"text":"General","link":"https:\/\/blogs.avui.cat\/botonier\/category\/general\/"},"img":{"alt_text":"","src":"https:\/\/i0.wp.com\/blogs.avui.cat\/botonier\/files\/2011\/11\/14051_cropped-150x150.jpg?resize=350%2C200","width":350,"height":200},"classes":[]},{"id":167,"url":"https:\/\/blogs.avui.cat\/botonier\/2009\/02\/03\/la-cultura-catalana-a-l%e2%80%99exterior\/","url_meta":{"origin":789,"position":4},"title":"La cultura catalana a l\u2019exterior","author":"Ramon Boixet","date":"3 febrer 2009","format":false,"excerpt":"Molt es comenta darrerament la decisi\u00f3 de la Generalitat d\u2019obrir les dites ambaixades a diverses ciutats del m\u00f3n. Em suposo que la finalitat \u00e9s la de promocionar Catalunya com a dest\u00ed d\u2019inversions, cultural i tur\u00edstic ja que altres possibilitats d\u2019ordre pol\u00edtic estan fora del dret que l\u2019estat espanyol i l\u2019\u2026","rel":"","context":"A &quot;General&quot;","block_context":{"text":"General","link":"https:\/\/blogs.avui.cat\/botonier\/category\/general\/"},"img":{"alt_text":"","src":"","width":0,"height":0},"classes":[]},{"id":659,"url":"https:\/\/blogs.avui.cat\/botonier\/2008\/11\/17\/laltre-cuba-2\/","url_meta":{"origin":789,"position":5},"title":"L&#8217;altre Cuba","author":"Ramon Boixet","date":"17 novembre 2008","format":false,"excerpt":"Un dels defectes m\u00e9s consuets al parlar d'altres indrets \u00e9s el de confondre les nacions amb els governs i els governants amb els governats. Molt sovint llegim o escoltem gent amb posicions de cert nivell dir que els russos s\u00f3n aix\u00ed o que els argentins s\u00f3n aix\u00e0, per donar dos\u2026","rel":"","context":"A &quot;General&quot;","block_context":{"text":"General","link":"https:\/\/blogs.avui.cat\/botonier\/category\/general\/"},"img":{"alt_text":"","src":"","width":0,"height":0},"classes":[]}],"jetpack_sharing_enabled":true,"jetpack_likes_enabled":true,"_links":{"self":[{"href":"https:\/\/blogs.avui.cat\/botonier\/wp-json\/wp\/v2\/posts\/789","targetHints":{"allow":["GET"]}}],"collection":[{"href":"https:\/\/blogs.avui.cat\/botonier\/wp-json\/wp\/v2\/posts"}],"about":[{"href":"https:\/\/blogs.avui.cat\/botonier\/wp-json\/wp\/v2\/types\/post"}],"author":[{"embeddable":true,"href":"https:\/\/blogs.avui.cat\/botonier\/wp-json\/wp\/v2\/users\/126"}],"replies":[{"embeddable":true,"href":"https:\/\/blogs.avui.cat\/botonier\/wp-json\/wp\/v2\/comments?post=789"}],"version-history":[{"count":6,"href":"https:\/\/blogs.avui.cat\/botonier\/wp-json\/wp\/v2\/posts\/789\/revisions"}],"predecessor-version":[{"id":2456,"href":"https:\/\/blogs.avui.cat\/botonier\/wp-json\/wp\/v2\/posts\/789\/revisions\/2456"}],"wp:attachment":[{"href":"https:\/\/blogs.avui.cat\/botonier\/wp-json\/wp\/v2\/media?parent=789"}],"wp:term":[{"taxonomy":"category","embeddable":true,"href":"https:\/\/blogs.avui.cat\/botonier\/wp-json\/wp\/v2\/categories?post=789"},{"taxonomy":"post_tag","embeddable":true,"href":"https:\/\/blogs.avui.cat\/botonier\/wp-json\/wp\/v2\/tags?post=789"}],"curies":[{"name":"wp","href":"https:\/\/api.w.org\/{rel}","templated":true}]}}