{"id":753,"date":"2010-09-23T08:41:51","date_gmt":"2010-09-23T06:41:51","guid":{"rendered":"http:\/\/blogs.avui.cat\/botonier\/2010\/09\/23\/politics-impresentables\/"},"modified":"2013-06-19T09:47:11","modified_gmt":"2013-06-19T08:47:11","slug":"politics-impresentables","status":"publish","type":"post","link":"https:\/\/blogs.avui.cat\/botonier\/2010\/09\/23\/politics-impresentables\/","title":{"rendered":"Pol\u00edtics impresentables"},"content":{"rendered":"<p><a href=\"https:\/\/i0.wp.com\/blogs.avui.cat\/botonier\/files\/2010\/09\/scham.jpg\" title='scham.JPG'><img data-recalc-dims=\"1\" src=\"https:\/\/i0.wp.com\/blogs.avui.cat\/botonier\/files\/2010\/09\/scham.jpg\" alt='scham.JPG' \/><\/a><br \/>\nEls pol\u00edtics, sobre tot si tenen c\u00e0rrecs de nivell alt, cada vegada que surten de cara al p\u00fablic, a casa o a fora, han de poder donar una imatge positiva de la seva persona, de la seva tasca, del seu partit i del seu pa\u00eds.<\/p>\n<p>A l \u2018hora de triar els alts c\u00e0rrecs, s\u2019han de prioritzar les capacitats de cada candidat per\u00f2 tamb\u00e9 el seu aspecte, el seu poder de seducci\u00f3 i de convenciment. L\u2019aspecte f\u00edsic no ho \u00e9s tot, ni de bon tros, per\u00f2 s\u00ed que condiciona la forma de comportar-se durant les trobades nacionals o internacionals, i pressiona els resultats.<\/p>\n<p>Espanya no ha estat mai massa preocupada per aquestes coses, i la prova la tenim repassant els caps de govern despr\u00e9s de la mort de Franco. Quan un tenia bon aspecte f\u00edsic no parlava un mot en cap idioma estranger, i la majoria d&#8217;ells mancaven d&#8217;aspecte obert i d\u2019idiomes. Catalunya ha tingut m\u00e9s sort (o se l\u2019ha buscada) ja que tant Pujol com Maragall, a casa i sobretot a l\u2019estranger, sempre van donar una imatge culta i de nivell.<\/p>\n<p>En els dos casos actuals, Zapatero i Montilla, no es pot dir el mateix. L\u2019aspecte de perdut que ZP dona en cada reuni\u00f3 on ha d\u2019anar, provoca somriures i indifer\u00e8ncies. Nom\u00e9s cal mirar els reportatges que les televisions estrangeres no retallen, des el del F\u00f2rum de Davos fins a la darrera intervenci\u00f3 a l\u2019ONU. Montilla, que lluita per expressar-se sense paperets tant en castell\u00e0 com en catal\u00e0, amb el seu posat apocat tampoc desperta moltes emocions, diguem-ho clar.<\/p>\n<p>El menyspreu per omissi\u00f3 que les autoritats del pa\u00eds tenen per les lleng\u00fces parlades dins d\u2019Espanya arriba a nivells incre\u00efbles. I no s\u2019hi val a dir que amb el castell\u00e0 tothom s\u2019ent\u00e9n. El Rei dels belgues parla comunament els tres idiomes del pa\u00eds i la senyora Somarruga elegida ahir pel Parlament Su\u00efs com a membre del govern de la naci\u00f3, ha fet el discurs de gr\u00e0cies en els quatre idiomes de Su\u00efssa. El rei d\u2019Espanya sempre ha ignorat el basc, el gallec, el catal\u00e0, l\u2019aran\u00e8s o el bable. I no sembla que el seu futur successor, el segon marit de la senyora Leticia Ort\u00edz, vagi per millor cam\u00ed.<\/p>\n<p>De manera que triem els nostres pol\u00edtics amb criteris que els permetin anar pel m\u00f3n sense fer el rid\u00edcul, que ser\u00e0 una de les maneres d\u2019ajudar a Catalunya a demostrar arreu la seva personalitat pr\u00f2pia.<\/p>\n","protected":false},"excerpt":{"rendered":"<p>Els pol\u00edtics, sobre tot si tenen c\u00e0rrecs de nivell alt, cada vegada que surten de cara al p\u00fablic, a casa o a fora, han de poder donar una imatge positiva de la seva persona, de la seva tasca, del seu partit i del seu pa\u00eds. A l \u2018hora de triar els alts c\u00e0rrecs, s\u2019han de [&hellip;]<\/p>\n","protected":false},"author":126,"featured_media":0,"comment_status":"closed","ping_status":"closed","sticky":false,"template":"","format":"standard","meta":{"jetpack_post_was_ever_published":false,"_jetpack_newsletter_access":"","_jetpack_dont_email_post_to_subs":false,"_jetpack_newsletter_tier_id":0,"_jetpack_memberships_contains_paywalled_content":false,"_jetpack_memberships_contains_paid_content":false,"footnotes":"","jetpack_publicize_message":"","jetpack_publicize_feature_enabled":true,"jetpack_social_post_already_shared":false,"jetpack_social_options":{"image_generator_settings":{"template":"highway","default_image_id":0,"font":"","enabled":false},"version":2}},"categories":[1],"tags":[],"class_list":["post-753","post","type-post","status-publish","format-standard","hentry","category-general"],"jetpack_publicize_connections":[],"jetpack_featured_media_url":"","jetpack-related-posts":[{"id":406,"url":"https:\/\/blogs.avui.cat\/botonier\/2009\/12\/09\/un-ministeri-ineficac\/","url_meta":{"origin":753,"position":0},"title":"Un ministeri inefica\u00e7","author":"Ramon Boixet","date":"9 desembre 2009","format":false,"excerpt":"Per crear un ministeri dins d\u2019un govern es necessiten dues coses: una l\u00ednia pol\u00edtica, \u00e9s a dir unes idees per actuar en un \u00e0mbit determinat, i una persona capa\u00e7 de portar les idees a la pr\u00e0ctica. Aix\u00f2 que \u00e9s una cosa \u00f2bvia, evident, no es pot aplicar al Ministerio de\u2026","rel":"","context":"A &quot;General&quot;","block_context":{"text":"General","link":"https:\/\/blogs.avui.cat\/botonier\/category\/general\/"},"img":{"alt_text":"","src":"","width":0,"height":0},"classes":[]},{"id":630,"url":"https:\/\/blogs.avui.cat\/botonier\/2010\/09\/03\/nuvols-damunt-laporta\/","url_meta":{"origin":753,"position":1},"title":"N\u00favols damunt Laporta","author":"Ramon Boixet","date":"3 setembre 2010","format":false,"excerpt":"Era d\u2019esperar. Els triomfs del Bar\u00e7a i l\u2019entrada de Laporta en el m\u00f3n de la pol\u00edtica, amb aspiracions a la presid\u00e8ncia de la Generalitat, no podien quedar sense esc\u00e0ndols. Els mitjans de comunicaci\u00f3 s\u2019han fet ress\u00f2 de les informacions del diari MARCA sobre presumptes corrupcions en el Bar\u00e7a de Laporta.\u2026","rel":"","context":"A &quot;General&quot;","block_context":{"text":"General","link":"https:\/\/blogs.avui.cat\/botonier\/category\/general\/"},"img":{"alt_text":"","src":"","width":0,"height":0},"classes":[]},{"id":673,"url":"https:\/\/blogs.avui.cat\/botonier\/2009\/06\/05\/l%e2%80%99autor-del-discurs-dobama-2\/","url_meta":{"origin":753,"position":2},"title":"L\u2019autor del discurs d&#8217;Obama","author":"Ramon Boixet","date":"5 juny 2009","format":false,"excerpt":"Els pol\u00edtics han d\u2019anar amb peus de plom amb les coses que fan i amb les que diuen. En molt poques ocasions es poden permetre el luxe d\u2019improvisar ja que cada mot pot girar-se contra seu o contra el seu partit. El discurs d\u2019ahir a El Caire a c\u00e0rrec del\u2026","rel":"","context":"A &quot;General&quot;","block_context":{"text":"General","link":"https:\/\/blogs.avui.cat\/botonier\/category\/general\/"},"img":{"alt_text":"","src":"","width":0,"height":0},"classes":[]},{"id":276,"url":"https:\/\/blogs.avui.cat\/botonier\/2009\/06\/05\/l%e2%80%99autor-del-discurs-dobama\/","url_meta":{"origin":753,"position":3},"title":"L\u2019autor del discurs d&#8217;Obama","author":"Ramon Boixet","date":"5 juny 2009","format":false,"excerpt":"Els pol\u00edtics han d\u2019anar amb peus de plom amb les coses que fan i amb les que diuen. En molt poques ocasions es poden permetre el luxe d\u2019improvisar ja que cada mot pot girar-se contra seu o contra el seu partit. El discurs d\u2019ahir a El Caire a c\u00e0rrec del\u2026","rel":"","context":"A &quot;General&quot;","block_context":{"text":"General","link":"https:\/\/blogs.avui.cat\/botonier\/category\/general\/"},"img":{"alt_text":"","src":"","width":0,"height":0},"classes":[]},{"id":420,"url":"https:\/\/blogs.avui.cat\/botonier\/2009\/12\/30\/rodalies-un-bombo-amb-cianur\/","url_meta":{"origin":753,"position":4},"title":"Rodalies: un bomb\u00f3 amb cianur","author":"Ramon Boixet","date":"30 desembre 2009","format":false,"excerpt":"Un dels sistemes m\u00e9s emprats per matar amb una certa eleg\u00e0ncia en les novel\u2022les polic\u00edaques cl\u00e0ssiques era regalar una capsa de bombons, pr\u00e8viament injectats d\u2019unes gotes de cianur. L\u2019efecte era radical i el mort tenia, almenys, la impressi\u00f3 d\u2019haver rebut un obsequi distingit.Amb el trasp\u00e0s de les Rodalies a la\u2026","rel":"","context":"A &quot;General&quot;","block_context":{"text":"General","link":"https:\/\/blogs.avui.cat\/botonier\/category\/general\/"},"img":{"alt_text":"","src":"","width":0,"height":0},"classes":[]},{"id":198,"url":"https:\/\/blogs.avui.cat\/botonier\/2009\/03\/11\/la-contaminacio-dels-alps\/","url_meta":{"origin":753,"position":5},"title":"La contaminaci\u00f3 dels Alps","author":"Ramon Boixet","date":"11 mar\u00e7 2009","format":false,"excerpt":"L'imatge id\u00edl\u2022lica de les muntanyes a la que ens hem acostumat, amaga un aspecte preocupant que conv\u00e9 cridar als quatre vents.Cient\u00edfics de Alemanya, \u00c0ustria, It\u00e0lia, Eslov\u00e8nia i Su\u00efssa han estudiat mostres del s\u00f2l i les plantes de 40 llocs apartats de boscos de muntanya i tamb\u00e9 mostres de l'aire i\u2026","rel":"","context":"A &quot;General&quot;","block_context":{"text":"General","link":"https:\/\/blogs.avui.cat\/botonier\/category\/general\/"},"img":{"alt_text":"","src":"","width":0,"height":0},"classes":[]}],"jetpack_sharing_enabled":true,"jetpack_likes_enabled":true,"_links":{"self":[{"href":"https:\/\/blogs.avui.cat\/botonier\/wp-json\/wp\/v2\/posts\/753","targetHints":{"allow":["GET"]}}],"collection":[{"href":"https:\/\/blogs.avui.cat\/botonier\/wp-json\/wp\/v2\/posts"}],"about":[{"href":"https:\/\/blogs.avui.cat\/botonier\/wp-json\/wp\/v2\/types\/post"}],"author":[{"embeddable":true,"href":"https:\/\/blogs.avui.cat\/botonier\/wp-json\/wp\/v2\/users\/126"}],"replies":[{"embeddable":true,"href":"https:\/\/blogs.avui.cat\/botonier\/wp-json\/wp\/v2\/comments?post=753"}],"version-history":[{"count":4,"href":"https:\/\/blogs.avui.cat\/botonier\/wp-json\/wp\/v2\/posts\/753\/revisions"}],"predecessor-version":[{"id":2462,"href":"https:\/\/blogs.avui.cat\/botonier\/wp-json\/wp\/v2\/posts\/753\/revisions\/2462"}],"wp:attachment":[{"href":"https:\/\/blogs.avui.cat\/botonier\/wp-json\/wp\/v2\/media?parent=753"}],"wp:term":[{"taxonomy":"category","embeddable":true,"href":"https:\/\/blogs.avui.cat\/botonier\/wp-json\/wp\/v2\/categories?post=753"},{"taxonomy":"post_tag","embeddable":true,"href":"https:\/\/blogs.avui.cat\/botonier\/wp-json\/wp\/v2\/tags?post=753"}],"curies":[{"name":"wp","href":"https:\/\/api.w.org\/{rel}","templated":true}]}}