{"id":751,"date":"2010-09-16T08:52:19","date_gmt":"2010-09-16T06:52:19","guid":{"rendered":"http:\/\/blogs.avui.cat\/botonier\/2010\/09\/16\/lexit-dun-catala\/"},"modified":"2013-06-19T09:47:12","modified_gmt":"2013-06-19T08:47:12","slug":"lexit-dun-catala-2","status":"publish","type":"post","link":"https:\/\/blogs.avui.cat\/botonier\/2010\/09\/16\/lexit-dun-catala-2\/","title":{"rendered":"L&#8217;\u00e8xit d&#8217;un catal\u00e0"},"content":{"rendered":"<p><a href=\"https:\/\/i0.wp.com\/blogs.avui.cat\/botonier\/files\/2010\/09\/bieito.JPG\" title='bieito.JPG'><img data-recalc-dims=\"1\" src=\"https:\/\/i0.wp.com\/blogs.avui.cat\/botonier\/files\/2010\/09\/bieito.thumbnail.JPG\" alt='bieito.JPG' \/><\/a><br \/>\nAlgunes vegades he escrit sobre l\u2019esc\u00e0s coneixement que a l\u2019estranger tenen dels valors humans de Catalunya, llevat del Bar\u00e7a i potser de Mir\u00f3 i Gaud\u00ed. Sempre m\u2019ha semblat que al costat dels noms de les persones que projecten el seu treball fora de casa, s\u2019ha d\u2019incloure necess\u00e0riament la condici\u00f3 de catal\u00e0. I no perqu\u00e8 ens considerem superiors a les altres nacionalitats sin\u00f3 per compensar els molts anys d\u2019abstin\u00e8ncia obligada.<\/p>\n<p>Malgrat els condicionants de les primeres \u00e8poques de la democr\u00e0cia, vist de lluny com ho haig de fer jo, els governs de Pujol van fer molt m\u00e9s per anomenar catalanes les activitats fetes per catalans que els governs posteriors, per no parlar del darrer que, malgrat les \u201eambaixades \u201cdel senyor Carod, no ha promocionat Catalunya ni dins d\u2019Espanya.<\/p>\n<p>El director teatral Calixto Bieito han obtingut un extraordinari \u00e8xit amb la seva versi\u00f3 de l\u2019opera \u201eAida \u201cal Theater Basel de la ciutat de Basilea de Su\u00efssa. No cal dir que tota la cr\u00edtica ha estat molt un\u00e0nime a l\u2019hora de comentar el gran muntatge de Bieito, que trasllada \u201eAida \u201ca un estadi de futbol, cosa que permet expressar amb molta for\u00e7a actual les tensions, els brots de viol\u00e8ncia i els sentiments que viuen malgrat l\u2019ambient dur.<\/p>\n<p>Per sort, els cr\u00edtics escriuen sobre Bieito dient que \u00e9s catal\u00e0, cosa que ens ha d\u2019alegrar per la significaci\u00f3 de reconeixement d\u2019una manera de ser i de fer. Bieiro, nascut el 1963 a Miranda de Ebro a la prov\u00edncia de Burgos, va arribar a Barcelona amb 15 anys, i aqu\u00ed ha fet la seva carrera on els m\u00e9s de 10 anys de Direcci\u00f3 Art\u00edstica al Teatre Romea de Barcelona s\u00f3n una part molt important.<\/p>\n<p>Un catal\u00e0 nascut a Burgos ens permet recordar que la integraci\u00f3 no nom\u00e9s \u00e9s possible sin\u00f3 que pot ser molt important per Catalunya, i hem de donar el nostre reconeixement a tots els que han volgut ser catalans, i bons catalans. S\u00f3n molt m\u00e9s dels que pot semblar.<\/p>\n","protected":false},"excerpt":{"rendered":"<p>Algunes vegades he escrit sobre l\u2019esc\u00e0s coneixement que a l\u2019estranger tenen dels valors humans de Catalunya, llevat del Bar\u00e7a i potser de Mir\u00f3 i Gaud\u00ed. Sempre m\u2019ha semblat que al costat dels noms de les persones que projecten el seu treball fora de casa, s\u2019ha d\u2019incloure necess\u00e0riament la condici\u00f3 de catal\u00e0. I no perqu\u00e8 ens [&hellip;]<\/p>\n","protected":false},"author":126,"featured_media":0,"comment_status":"closed","ping_status":"closed","sticky":false,"template":"","format":"standard","meta":{"jetpack_post_was_ever_published":false,"_jetpack_newsletter_access":"","_jetpack_dont_email_post_to_subs":false,"_jetpack_newsletter_tier_id":0,"_jetpack_memberships_contains_paywalled_content":false,"_jetpack_memberships_contains_paid_content":false,"footnotes":"","jetpack_publicize_message":"","jetpack_publicize_feature_enabled":true,"jetpack_social_post_already_shared":false,"jetpack_social_options":{"image_generator_settings":{"template":"highway","default_image_id":0,"font":"","enabled":false},"version":2}},"categories":[1],"tags":[],"class_list":["post-751","post","type-post","status-publish","format-standard","hentry","category-general"],"jetpack_publicize_connections":[],"jetpack_featured_media_url":"","jetpack-related-posts":[{"id":642,"url":"https:\/\/blogs.avui.cat\/botonier\/2010\/09\/16\/lexit-dun-catala\/","url_meta":{"origin":751,"position":0},"title":"L&#8217;\u00e8xit d&#8217;un catal\u00e0","author":"Ramon Boixet","date":"16 setembre 2010","format":false,"excerpt":"Algunes vegades he escrit sobre l\u2019esc\u00e0s coneixement que a l\u2019estranger tenen dels valors humans de Catalunya, llevat del Bar\u00e7a i potser de Mir\u00f3 i Gaud\u00ed. Sempre m\u2019ha semblat que al costat dels noms de les persones que projecten el seu treball fora de casa, s\u2019ha d\u2019incloure necess\u00e0riament la condici\u00f3 de\u2026","rel":"","context":"A &quot;General&quot;","block_context":{"text":"General","link":"https:\/\/blogs.avui.cat\/botonier\/category\/general\/"},"img":{"alt_text":"","src":"","width":0,"height":0},"classes":[]},{"id":376,"url":"https:\/\/blogs.avui.cat\/botonier\/2009\/10\/22\/catalunya-monarquica\/","url_meta":{"origin":751,"position":1},"title":"Catalunya &quot;mon\u00e0rquica&quot;","author":"Ramon Boixet","date":"22 octubre 2009","format":false,"excerpt":"Una ullada a la p\u00e0gina inicial dels diaris electr\u00f2nics d \u2018avui ens presenta un panorama trist i esgavellat, essencialment en temes socials. El \u201ccas Millet\u201d segueix provocant greus dissensions dins la judicatura afavorint la defensa del conf\u00e9s Millet, en una escenificaci\u00f3 digne del TNC. La llista de les personalitats catalanes\u2026","rel":"","context":"A &quot;General&quot;","block_context":{"text":"General","link":"https:\/\/blogs.avui.cat\/botonier\/category\/general\/"},"img":{"alt_text":"","src":"","width":0,"height":0},"classes":[]},{"id":696,"url":"https:\/\/blogs.avui.cat\/botonier\/2009\/10\/22\/catalunya-monarquica-2\/","url_meta":{"origin":751,"position":2},"title":"Catalunya &#034;mon\u00e0rquica&#034;","author":"Ramon Boixet","date":"22 octubre 2009","format":false,"excerpt":"Una ullada a la p\u00e0gina inicial dels diaris electr\u00f2nics d \u2018avui ens presenta un panorama trist i esgavellat, essencialment en temes socials. El \u201ccas Millet\u201d segueix provocant greus dissensions dins la judicatura afavorint la defensa del conf\u00e9s Millet, en una escenificaci\u00f3 digne del TNC. La llista de les personalitats catalanes\u2026","rel":"","context":"A &quot;General&quot;","block_context":{"text":"General","link":"https:\/\/blogs.avui.cat\/botonier\/category\/general\/"},"img":{"alt_text":"","src":"","width":0,"height":0},"classes":[]},{"id":789,"url":"https:\/\/blogs.avui.cat\/botonier\/2010\/10\/15\/actualitat-de-labat-escarre\/","url_meta":{"origin":751,"position":3},"title":"Actualitat de l&#8217;Abat Escarr\u00e9","author":"Ramon Boixet","date":"15 octubre 2010","format":false,"excerpt":"La visita del Papa a Barcelona el 7 de novembre tindr\u00e0 una polititzaci\u00f3 molt alta, tal com es pot deduir de les noticies que van arribant de tots els costats tan cat\u00f2lics com laics. Es vulgui o on, la visita d\u2019un Papa sempre desperta manifestacions contraposades perqu\u00e8 mai s\u2019ha pogut\u2026","rel":"","context":"A &quot;General&quot;","block_context":{"text":"General","link":"https:\/\/blogs.avui.cat\/botonier\/category\/general\/"},"img":{"alt_text":"","src":"https:\/\/i0.wp.com\/blogs.avui.cat\/botonier\/files\/2010\/10\/Abat1.jpg?resize=350%2C200","width":350,"height":200},"classes":[]},{"id":166,"url":"https:\/\/blogs.avui.cat\/botonier\/2009\/02\/02\/catalunya-mirada-de-lluny-i-5-els-%e2%80%9caltres%e2%80%9d\/","url_meta":{"origin":751,"position":4},"title":"Catalunya mirada de lluny : i 5. Els \u201caltres\u201d","author":"Ramon Boixet","date":"2 febrer 2009","format":false,"excerpt":"Catalunya sempre ha estat una terra hist\u00f2ricament d\u2019intercanvis i de pas per a molts pobles durant segles degut a la seva posici\u00f3 geogr\u00e0fica i per tant sempre ha conegut corrents migrat\u00f2ries.Su\u00efssa tamb\u00e9, amb l\u2019excepci\u00f3 de la entrada mar\u00edtima. No \u00e9s doncs estrany que ambd\u00f3s pobles tinguin una identitat formada a\u2026","rel":"","context":"A &quot;General&quot;","block_context":{"text":"General","link":"https:\/\/blogs.avui.cat\/botonier\/category\/general\/"},"img":{"alt_text":"","src":"","width":0,"height":0},"classes":[]},{"id":167,"url":"https:\/\/blogs.avui.cat\/botonier\/2009\/02\/03\/la-cultura-catalana-a-l%e2%80%99exterior\/","url_meta":{"origin":751,"position":5},"title":"La cultura catalana a l\u2019exterior","author":"Ramon Boixet","date":"3 febrer 2009","format":false,"excerpt":"Molt es comenta darrerament la decisi\u00f3 de la Generalitat d\u2019obrir les dites ambaixades a diverses ciutats del m\u00f3n. Em suposo que la finalitat \u00e9s la de promocionar Catalunya com a dest\u00ed d\u2019inversions, cultural i tur\u00edstic ja que altres possibilitats d\u2019ordre pol\u00edtic estan fora del dret que l\u2019estat espanyol i l\u2019\u2026","rel":"","context":"A &quot;General&quot;","block_context":{"text":"General","link":"https:\/\/blogs.avui.cat\/botonier\/category\/general\/"},"img":{"alt_text":"","src":"","width":0,"height":0},"classes":[]}],"jetpack_sharing_enabled":true,"jetpack_likes_enabled":true,"_links":{"self":[{"href":"https:\/\/blogs.avui.cat\/botonier\/wp-json\/wp\/v2\/posts\/751","targetHints":{"allow":["GET"]}}],"collection":[{"href":"https:\/\/blogs.avui.cat\/botonier\/wp-json\/wp\/v2\/posts"}],"about":[{"href":"https:\/\/blogs.avui.cat\/botonier\/wp-json\/wp\/v2\/types\/post"}],"author":[{"embeddable":true,"href":"https:\/\/blogs.avui.cat\/botonier\/wp-json\/wp\/v2\/users\/126"}],"replies":[{"embeddable":true,"href":"https:\/\/blogs.avui.cat\/botonier\/wp-json\/wp\/v2\/comments?post=751"}],"version-history":[{"count":4,"href":"https:\/\/blogs.avui.cat\/botonier\/wp-json\/wp\/v2\/posts\/751\/revisions"}],"predecessor-version":[{"id":2465,"href":"https:\/\/blogs.avui.cat\/botonier\/wp-json\/wp\/v2\/posts\/751\/revisions\/2465"}],"wp:attachment":[{"href":"https:\/\/blogs.avui.cat\/botonier\/wp-json\/wp\/v2\/media?parent=751"}],"wp:term":[{"taxonomy":"category","embeddable":true,"href":"https:\/\/blogs.avui.cat\/botonier\/wp-json\/wp\/v2\/categories?post=751"},{"taxonomy":"post_tag","embeddable":true,"href":"https:\/\/blogs.avui.cat\/botonier\/wp-json\/wp\/v2\/tags?post=751"}],"curies":[{"name":"wp","href":"https:\/\/api.w.org\/{rel}","templated":true}]}}