{"id":73,"date":"2008-10-04T11:23:00","date_gmt":"2008-10-04T09:23:00","guid":{"rendered":"http:\/\/blogs.avui.cat\/botonier\/2008\/10\/04\/la-tolerancia-i-el-lleo-de-la-metro\/"},"modified":"2013-06-19T09:50:42","modified_gmt":"2013-06-19T08:50:42","slug":"la-tolerancia-i-el-lleo-de-la-metro","status":"publish","type":"post","link":"https:\/\/blogs.avui.cat\/botonier\/2008\/10\/04\/la-tolerancia-i-el-lleo-de-la-metro\/","title":{"rendered":"La toler\u00e0ncia i el lle\u00f3 de la Metro"},"content":{"rendered":"<p><a href=\"https:\/\/i0.wp.com\/4.bp.blogspot.com\/_gS2A8TwyupA\/SOc52GE6opI\/AAAAAAAAAL0\/XLGAc9s4M_k\/s1600-h\/Lle%C3%B3%2BMetro.JPG\"><img data-recalc-dims=\"1\" decoding=\"async\" src=\"https:\/\/i0.wp.com\/4.bp.blogspot.com\/_gS2A8TwyupA\/SOc52GE6opI\/AAAAAAAAAL0\/XLGAc9s4M_k\/s200\/Lle%C3%B3%2BMetro.JPG\" border=\"0\" \/><\/a><\/p>\n<p>Als diaris per internet (que s\u00f3n els que tinc a l&#8217;abast a Su\u00efssa) excepte a e-noticies no he vist cap ressenya sobre l&#8217;entrega ahir divendres  del \u201c XIV Premio a la Tolerancia\u201d atorgat per l&#8217;Associaci\u00f3 per la Toler\u00e0ncia, faltaria m\u00e9s!. L&#8217;afortunat ha estat el periodista d&#8217;Onda Cero Carlos Herrera.<\/p>\n<p>En el seu discurs a l&#8217;acte d&#8217;entrega del premi, el senyor Herrera, Mister Toler\u00e0ncia, va dir (copio de e-noticies) : \u201c Els no nacionalistes som transl\u00facids. No ens veuen. No existim&#8230;. Per a la Barcelona pol\u00edticament correcta, vost\u00e8s no existeixen, jo no existeixo&#8230; encara que siguem capa\u00e7os de transmetre un missatge a la societat. Per aix\u00f2 aquest valor sagrat de la toler\u00e0ncia se&#8217;ns fa m\u00e9s imprescindible que mai\u201d etc. etc..<\/p>\n<p>Gr\u00e0cies, lector, per aguantar la citaci\u00f3. Bona prova de toler\u00e0ncia.<\/p>\n<p>A mi, si una auto anomenada Associaci\u00f3 per la Toler\u00e0ncia vol donar un premi al senyor Carlos Herrera, o com anys enrere a Fernando Savater, a l&#8217;Albert Boadella o al Mario Vargas Llosa, no em sembla ni b\u00e9 ni malament. Tothom pot dedicar el seu temps i els seus diner a causes tan nobles com afavorir la toler\u00e0ncia. Per\u00f3 que un senyor com el recent \u201cMister Toler\u00e0ncia\u201d digui que ell \u00e9s \u201cno-nacionalista\u201d i seguidament engegui una serie de desprop\u00f2sits molt poc tolerants, em fa dubtar molt dels reals prop\u00f2sits dels creador del premi.<\/p>\n<p>Ben mirat \u00e9s com si alg\u00fa don\u00e9s el premi de Vegetari\u00e0 del Any  al lle\u00f3 de la Metro, poc sospit\u00f3s de menjar verdures i que no serveix per gran cosa m\u00e9s que per fer soroll.<\/p>\n","protected":false},"excerpt":{"rendered":"<p>Als diaris per internet (que s\u00f3n els que tinc a l&#8217;abast a Su\u00efssa) excepte a e-noticies no he vist cap ressenya sobre l&#8217;entrega ahir divendres del \u201c XIV Premio a la Tolerancia\u201d atorgat per l&#8217;Associaci\u00f3 per la Toler\u00e0ncia, faltaria m\u00e9s!. L&#8217;afortunat ha estat el periodista d&#8217;Onda Cero Carlos Herrera. En el seu discurs a l&#8217;acte [&hellip;]<\/p>\n","protected":false},"author":126,"featured_media":0,"comment_status":"closed","ping_status":"closed","sticky":false,"template":"","format":"standard","meta":{"jetpack_post_was_ever_published":false,"_jetpack_newsletter_access":"","_jetpack_dont_email_post_to_subs":false,"_jetpack_newsletter_tier_id":0,"_jetpack_memberships_contains_paywalled_content":false,"_jetpack_memberships_contains_paid_content":false,"footnotes":"","jetpack_publicize_message":"","jetpack_publicize_feature_enabled":true,"jetpack_social_post_already_shared":false,"jetpack_social_options":{"image_generator_settings":{"template":"highway","default_image_id":0,"font":"","enabled":false},"version":2}},"categories":[1],"tags":[],"class_list":["post-73","post","type-post","status-publish","format-standard","hentry","category-general"],"jetpack_publicize_connections":[],"jetpack_featured_media_url":"","jetpack-related-posts":[{"id":387,"url":"https:\/\/blogs.avui.cat\/botonier\/2009\/11\/12\/polemica-i-religio\/","url_meta":{"origin":73,"position":0},"title":"Pol\u00e8mica i religi\u00f3","author":"Ramon Boixet","date":"12 novembre 2009","format":false,"excerpt":"Dos temes amb una forta c\u00e0rrega emocional per tocar la religi\u00f3 acaparen l\u2019atenci\u00f3 de tot Su\u00efssa.D\u2019una part l\u2019assumpte dels minarets que ja vaig comentar el 8 de febrer del 2008 i l\u2019onze de gener d\u2019enguany. Finalment el dia 29 de novembre anirem a votar per aprovar o rebutjar la iniciativa\u2026","rel":"","context":"A &quot;General&quot;","block_context":{"text":"General","link":"https:\/\/blogs.avui.cat\/botonier\/category\/general\/"},"img":{"alt_text":"","src":"","width":0,"height":0},"classes":[]},{"id":380,"url":"https:\/\/blogs.avui.cat\/botonier\/2009\/10\/28\/renovacio-i-aire-fresc\/","url_meta":{"origin":73,"position":1},"title":"Renovaci\u00f3 i aire fresc","author":"Ramon Boixet","date":"28 octubre 2009","format":false,"excerpt":"\u00c9s perill\u00f3s reaccionar amb el cap calent i no \u00e9s just generalitzar ni els m\u00e8rits ni les faltes.La situaci\u00f3 actual del m\u00f3n pol\u00edtic i social a Catalunya (per no parlar d\u2019Espanya i d\u2019altres indrets) demostra que la realitat i les aparences sempre han anat per camins diferents. No cal ara\u2026","rel":"","context":"A &quot;General&quot;","block_context":{"text":"General","link":"https:\/\/blogs.avui.cat\/botonier\/category\/general\/"},"img":{"alt_text":"","src":"","width":0,"height":0},"classes":[]},{"id":157,"url":"https:\/\/blogs.avui.cat\/botonier\/2009\/01\/22\/de-bisbes-i-confessionaris\/","url_meta":{"origin":73,"position":2},"title":"De bisbes i confessionaris","author":"Ramon Boixet","date":"22 gener 2009","format":false,"excerpt":"Fina ara, els cat\u00f2lics su\u00efssos podien rebre l\u2019absoluci\u00f3 dels seus pecats de manera global, dins de les denominades Absolucions Generals. Reunits els fidels a l\u2019esgl\u00e9sia, el sacerdot donava a tots l\u2019absoluci\u00f3 despr\u00e9s d\u2019unes preg\u00e0ries i de que interiorment s\u2019arrepentissin dels seus pecats.Aquestes Absolucions Generals eren provocades per la manca de\u2026","rel":"","context":"A &quot;General&quot;","block_context":{"text":"General","link":"https:\/\/blogs.avui.cat\/botonier\/category\/general\/"},"img":{"alt_text":"","src":"","width":0,"height":0},"classes":[]},{"id":159,"url":"https:\/\/blogs.avui.cat\/botonier\/2009\/01\/24\/el-bus-ateu\/","url_meta":{"origin":73,"position":3},"title":"El Bus Ateu","author":"Ramon Boixet","date":"24 gener 2009","format":false,"excerpt":"La campanya denominada \"Bus Ateu\" ha servit per que es publiquessin molts comentaris a tots els mitjans de comunicaci\u00f3, tant favorables com contraris.Ja s\u00e9 que estic caminant sobre un terreny bellugad\u00eds per\u00f2 \u00e9s un tema aquest de l\u2019exist\u00e8ncia de D\u00e9u, del que ning\u00fa \u00e9s ali\u00e8 perqu\u00e8 des que l\u2019home \u00e9s\u2026","rel":"","context":"A &quot;General&quot;","block_context":{"text":"General","link":"https:\/\/blogs.avui.cat\/botonier\/category\/general\/"},"img":{"alt_text":"","src":"","width":0,"height":0},"classes":[]},{"id":361,"url":"https:\/\/blogs.avui.cat\/botonier\/2009\/09\/24\/gaddafi-a-lonu\/","url_meta":{"origin":73,"position":4},"title":"Gaddafi a l&#8217;ONU","author":"Ramon Boixet","date":"24 setembre 2009","format":false,"excerpt":"Ahir vaig tenir el temps i la paci\u00e8ncia de seguir per la cadena de televisi\u00f3 BBC, amb traducci\u00f3 simult\u00e0nia a l\u2018angl\u00e9s, el discurs que el president de L\u00edbia Gaddafi va pronunciar davant l\u2019Assemblea de l'ONU. Va durar gaireb\u00e9 una hora i mitja i, com tots els discursos massa llargs, va\u2026","rel":"","context":"A &quot;General&quot;","block_context":{"text":"General","link":"https:\/\/blogs.avui.cat\/botonier\/category\/general\/"},"img":{"alt_text":"","src":"","width":0,"height":0},"classes":[]},{"id":693,"url":"https:\/\/blogs.avui.cat\/botonier\/2009\/09\/24\/gaddafi-a-lonu-2\/","url_meta":{"origin":73,"position":5},"title":"Gaddafi a l&#8217;ONU","author":"Ramon Boixet","date":"24 setembre 2009","format":false,"excerpt":"Ahir vaig tenir el temps i la paci\u00e8ncia de seguir per la cadena de televisi\u00f3 BBC, amb traducci\u00f3 simult\u00e0nia a l\u2018angl\u00e9s, el discurs que el president de L\u00edbia Gaddafi va pronunciar davant l\u2019Assemblea de l'ONU. Va durar gaireb\u00e9 una hora i mitja i, com tots els discursos massa llargs, va\u2026","rel":"","context":"A &quot;General&quot;","block_context":{"text":"General","link":"https:\/\/blogs.avui.cat\/botonier\/category\/general\/"},"img":{"alt_text":"","src":"","width":0,"height":0},"classes":[]}],"jetpack_sharing_enabled":true,"jetpack_likes_enabled":true,"_links":{"self":[{"href":"https:\/\/blogs.avui.cat\/botonier\/wp-json\/wp\/v2\/posts\/73","targetHints":{"allow":["GET"]}}],"collection":[{"href":"https:\/\/blogs.avui.cat\/botonier\/wp-json\/wp\/v2\/posts"}],"about":[{"href":"https:\/\/blogs.avui.cat\/botonier\/wp-json\/wp\/v2\/types\/post"}],"author":[{"embeddable":true,"href":"https:\/\/blogs.avui.cat\/botonier\/wp-json\/wp\/v2\/users\/126"}],"replies":[{"embeddable":true,"href":"https:\/\/blogs.avui.cat\/botonier\/wp-json\/wp\/v2\/comments?post=73"}],"version-history":[{"count":2,"href":"https:\/\/blogs.avui.cat\/botonier\/wp-json\/wp\/v2\/posts\/73\/revisions"}],"predecessor-version":[{"id":3258,"href":"https:\/\/blogs.avui.cat\/botonier\/wp-json\/wp\/v2\/posts\/73\/revisions\/3258"}],"wp:attachment":[{"href":"https:\/\/blogs.avui.cat\/botonier\/wp-json\/wp\/v2\/media?parent=73"}],"wp:term":[{"taxonomy":"category","embeddable":true,"href":"https:\/\/blogs.avui.cat\/botonier\/wp-json\/wp\/v2\/categories?post=73"},{"taxonomy":"post_tag","embeddable":true,"href":"https:\/\/blogs.avui.cat\/botonier\/wp-json\/wp\/v2\/tags?post=73"}],"curies":[{"name":"wp","href":"https:\/\/api.w.org\/{rel}","templated":true}]}}