{"id":635,"date":"2010-09-09T07:56:50","date_gmt":"2010-09-09T05:56:50","guid":{"rendered":"http:\/\/blogs.avui.cat\/botonier\/2010\/09\/09\/les-bones-universitats-catalanes\/"},"modified":"2013-06-19T09:47:12","modified_gmt":"2013-06-19T08:47:12","slug":"les-bones-universitats-catalanes","status":"publish","type":"post","link":"https:\/\/blogs.avui.cat\/botonier\/2010\/09\/09\/les-bones-universitats-catalanes\/","title":{"rendered":"Les bones universitats catalanes"},"content":{"rendered":"<p><a href=\"https:\/\/i0.wp.com\/blogs.avui.cat\/botonier\/files\/2010\/09\/uni.JPG\" title='uni.JPG'><img data-recalc-dims=\"1\" src=\"https:\/\/i0.wp.com\/blogs.avui.cat\/botonier\/files\/2010\/09\/uni.thumbnail.JPG\" alt='uni.JPG' \/><\/a><br \/>\nNo faig res de nou si em miro les estad\u00edstiques i les enquestes del tipus que siguin amb una certa precauci\u00f3. Com que no hi ha res que no es pugui manipular, s\u2019imposa prud\u00e8ncia, per\u00f2 certes noticies no poden deixar d&#8217;alegrar el meu esperit. <\/p>\n<p>QS World University Rankings ha publicat la llista de les 200 millors universitats del m\u00f3n. De l\u2019estat espanyol nom\u00e9s dues figuren dins de la llista : la UB (148) i la UAB (173).<\/p>\n<p>Fa uns quinze dies escrivia sobre la necessitat que Catalunya promocioni un alt nivell d\u2019investigaci\u00f3 en tots els \u00e0mbits, com a \u00fanica soluci\u00f3 per fer part dels pa\u00efsos competitius del present i del proper futur. <\/p>\n<p>Les dues universitats catalanes s\u00f3n un bon exemple i un motiu de satisfacci\u00f3 pel reconeixement internacional de la seva tasca, que per cert inclou l\u2019\u00fas del catal\u00e0 amb tota naturalitat, cosa que probablement no ser\u00e0 massa destacada ni a fora ni a dins. <\/p>\n<p>Com que escric de Su\u00efssa estant, un pa\u00eds petit com Catalunya, no puc deixar d\u2019esmentar que 7 universitats su\u00efsses figuren dins de les 200 millors, concretament el Polit\u00e8cnic de Zuric (18), el de Lausana (32) i les Universitats de Ginebra (71), Zuric (101), Basilea (137), Lausana (152) i Berna (162). <\/p>\n<p>No tot s\u00f3n bancs, formatges, rellotges i xocolata.<\/p>\n","protected":false},"excerpt":{"rendered":"<p>No faig res de nou si em miro les estad\u00edstiques i les enquestes del tipus que siguin amb una certa precauci\u00f3. Com que no hi ha res que no es pugui manipular, s\u2019imposa prud\u00e8ncia, per\u00f2 certes noticies no poden deixar d&#8217;alegrar el meu esperit. QS World University Rankings ha publicat la llista de les 200 [&hellip;]<\/p>\n","protected":false},"author":126,"featured_media":0,"comment_status":"closed","ping_status":"closed","sticky":false,"template":"","format":"standard","meta":{"jetpack_post_was_ever_published":false,"_jetpack_newsletter_access":"","_jetpack_dont_email_post_to_subs":false,"_jetpack_newsletter_tier_id":0,"_jetpack_memberships_contains_paywalled_content":false,"_jetpack_memberships_contains_paid_content":false,"footnotes":"","jetpack_publicize_message":"","jetpack_publicize_feature_enabled":true,"jetpack_social_post_already_shared":false,"jetpack_social_options":{"image_generator_settings":{"template":"highway","default_image_id":0,"font":"","enabled":false},"version":2}},"categories":[1],"tags":[],"class_list":["post-635","post","type-post","status-publish","format-standard","hentry","category-general"],"jetpack_publicize_connections":[],"jetpack_featured_media_url":"","jetpack-related-posts":[{"id":169,"url":"https:\/\/blogs.avui.cat\/botonier\/2009\/02\/05\/el-catala-i-europa\/","url_meta":{"origin":635,"position":0},"title":"El catal\u00e0 i Europa","author":"Ramon Boixet","date":"5 febrer 2009","format":false,"excerpt":"Jo voldria haver vist la noticia a la primera plana de tots els diaris, amb lletres ben grosses i a tres columnes. Per fi una bona noticia per la nostra llengua i sorgida de la UE, de la m\u00e0 de l\u2019Ag\u00e8ncia Catalana de Noticies.La Comissi\u00f3 Europea defensa que les universitats\u2026","rel":"","context":"A &quot;General&quot;","block_context":{"text":"General","link":"https:\/\/blogs.avui.cat\/botonier\/category\/general\/"},"img":{"alt_text":"","src":"","width":0,"height":0},"classes":[]},{"id":318,"url":"https:\/\/blogs.avui.cat\/botonier\/2009\/07\/30\/%c2%bfes-el-castella-un-dialecte-del-catala\/","url_meta":{"origin":635,"position":1},"title":"\u00bf\u00c9s el castell\u00e0 un dialecte del catal\u00e0?","author":"Ramon Boixet","date":"30 juliol 2009","format":false,"excerpt":"Fa cosa d\u2019uns cinc o sis anys va circular per la xarxa electr\u00f2nica un pret\u00e8s estudi del Departament de Rom\u00e0niques de la Universitat de Friburg de Brisg\u00f2via d'Alemanya que demostrava que el castell\u00e0 era un dialecte del catal\u00e0, b\u00e0sicament gr\u00e0cies a uns documents descoberts a la Biblioteca Vaticana.Els documents eren\u2026","rel":"","context":"A &quot;General&quot;","block_context":{"text":"General","link":"https:\/\/blogs.avui.cat\/botonier\/category\/general\/"},"img":{"alt_text":"","src":"","width":0,"height":0},"classes":[]},{"id":516,"url":"https:\/\/blogs.avui.cat\/botonier\/2010\/04\/21\/no-magrada-baltasar-garzon\/","url_meta":{"origin":635,"position":2},"title":"No m&#8217;agrada Baltasar Garz\u00f3n","author":"Ramon Boixet","date":"21 abril 2010","format":false,"excerpt":"A mi, com a Joan Puigcerc\u00f3s, tampoc m\u2019agrada Baltasar Garz\u00f3n, i tamb\u00e9 el trobo fr\u00edvol i narcisista. En el seu blog, Puigcerc\u00f3s diu a m\u00e9s a m\u00e9s que \u00e9s un mal jutge. No ho puc dir amb tanta rotunditat per\u00f2 si que recordo la seva actuaci\u00f3 poc abans dels Jocs\u2026","rel":"","context":"A &quot;General&quot;","block_context":{"text":"General","link":"https:\/\/blogs.avui.cat\/botonier\/category\/general\/"},"img":{"alt_text":"","src":"","width":0,"height":0},"classes":[]},{"id":729,"url":"https:\/\/blogs.avui.cat\/botonier\/2010\/04\/21\/no-magrada-baltasar-garzon-2\/","url_meta":{"origin":635,"position":3},"title":"No m&#8217;agrada Baltasar Garz\u00f3n","author":"Ramon Boixet","date":"21 abril 2010","format":false,"excerpt":"A mi, com a Joan Puigcerc\u00f3s, tampoc m\u2019agrada Baltasar Garz\u00f3n, i tamb\u00e9 el trobo fr\u00edvol i narcisista. En el seu blog, Puigcerc\u00f3s diu a m\u00e9s a m\u00e9s que \u00e9s un mal jutge. No ho puc dir amb tanta rotunditat per\u00f2 si que recordo la seva actuaci\u00f3 poc abans dels Jocs\u2026","rel":"","context":"A &quot;General&quot;","block_context":{"text":"General","link":"https:\/\/blogs.avui.cat\/botonier\/category\/general\/"},"img":{"alt_text":"","src":"","width":0,"height":0},"classes":[]},{"id":1134,"url":"https:\/\/blogs.avui.cat\/botonier\/2012\/06\/17\/la-llengua-catalana-maltractada\/","url_meta":{"origin":635,"position":4},"title":"La llengua catalana maltractada","author":"Ramon Boixet","date":"17 juny 2012","format":false,"excerpt":"Maltractada i menyspreada. Els de la meva generaci\u00f3, escolaritzats sense un minut de catal\u00e0 ni al parvulari ni a\u00a0la\u00a0universitat, veiem amb molta\u00a0preocupaci\u00f3\u00a0com van reculant molts dels bon progressos fets els darrers decennis per donar al catal\u00e0 la normalitat que\u00a0durant\u00a0anys ens va ser negada. En moments on la\u00a0preocupaci\u00f3\u00a0de molts \u00e9s d'ordre\u00a0econ\u00f2mic,\u2026","rel":"","context":"A &quot;General&quot;","block_context":{"text":"General","link":"https:\/\/blogs.avui.cat\/botonier\/category\/general\/"},"img":{"alt_text":"","src":"https:\/\/i0.wp.com\/blogs.avui.cat\/botonier\/files\/2012\/06\/5612579-L-150x150.jpg?resize=350%2C200","width":350,"height":200},"classes":[]},{"id":564,"url":"https:\/\/blogs.avui.cat\/botonier\/2010\/06\/14\/el-gran-triomf-de-jaume-cabre-i-que-el-barca-em-perdoni\/","url_meta":{"origin":635,"position":5},"title":"El gran triomf de Jaume Cabr\u00e9 (i que el Bar\u00e7a em perdoni)","author":"Ramon Boixet","date":"14 juny 2010","format":false,"excerpt":"Avui, l\u2019escriptor Jaume Cabr\u00e9 ser\u00e0 distingit amb el Premi d \u2018Honor de les Lletres Catalanes. La import\u00e0ncia del premi i sobretot les grans qualitats de Cabr\u00e9 fan indiscutible el que avui en parli uns moments, per damunt de l\u2019elecci\u00f3 d\u2019Alexandre (Sandro) Rosell com a president del Bar\u00e7a.Jaume Cabr\u00e9 \u00e9s conegut\u2026","rel":"","context":"A &quot;General&quot;","block_context":{"text":"General","link":"https:\/\/blogs.avui.cat\/botonier\/category\/general\/"},"img":{"alt_text":"","src":"","width":0,"height":0},"classes":[]}],"jetpack_sharing_enabled":true,"jetpack_likes_enabled":true,"_links":{"self":[{"href":"https:\/\/blogs.avui.cat\/botonier\/wp-json\/wp\/v2\/posts\/635","targetHints":{"allow":["GET"]}}],"collection":[{"href":"https:\/\/blogs.avui.cat\/botonier\/wp-json\/wp\/v2\/posts"}],"about":[{"href":"https:\/\/blogs.avui.cat\/botonier\/wp-json\/wp\/v2\/types\/post"}],"author":[{"embeddable":true,"href":"https:\/\/blogs.avui.cat\/botonier\/wp-json\/wp\/v2\/users\/126"}],"replies":[{"embeddable":true,"href":"https:\/\/blogs.avui.cat\/botonier\/wp-json\/wp\/v2\/comments?post=635"}],"version-history":[{"count":4,"href":"https:\/\/blogs.avui.cat\/botonier\/wp-json\/wp\/v2\/posts\/635\/revisions"}],"predecessor-version":[{"id":2469,"href":"https:\/\/blogs.avui.cat\/botonier\/wp-json\/wp\/v2\/posts\/635\/revisions\/2469"}],"wp:attachment":[{"href":"https:\/\/blogs.avui.cat\/botonier\/wp-json\/wp\/v2\/media?parent=635"}],"wp:term":[{"taxonomy":"category","embeddable":true,"href":"https:\/\/blogs.avui.cat\/botonier\/wp-json\/wp\/v2\/categories?post=635"},{"taxonomy":"post_tag","embeddable":true,"href":"https:\/\/blogs.avui.cat\/botonier\/wp-json\/wp\/v2\/tags?post=635"}],"curies":[{"name":"wp","href":"https:\/\/api.w.org\/{rel}","templated":true}]}}