{"id":616,"date":"2010-08-20T11:25:01","date_gmt":"2010-08-20T09:25:01","guid":{"rendered":"http:\/\/blogs.avui.cat\/botonier\/2010\/08\/20\/a-veure-si-ens-entenem-duna-vegada\/"},"modified":"2013-06-19T09:47:14","modified_gmt":"2013-06-19T08:47:14","slug":"a-veure-si-ens-entenem-duna-vegada","status":"publish","type":"post","link":"https:\/\/blogs.avui.cat\/botonier\/2010\/08\/20\/a-veure-si-ens-entenem-duna-vegada\/","title":{"rendered":"A veure si ens entenem d&#8217;una vegada!"},"content":{"rendered":"<p><a href=\"https:\/\/i0.wp.com\/blogs.avui.cat\/botonier\/files\/2010\/08\/esc1.JPG\" title='esc1.JPG'><img data-recalc-dims=\"1\" src=\"https:\/\/i0.wp.com\/blogs.avui.cat\/botonier\/files\/2010\/08\/esc1.thumbnail.JPG\" alt='esc1.JPG' \/><\/a><br \/>\nCom en tantes coses, quan sembla que tot va tranquil\u2022lament pel bon cam\u00ed, certes actituds ens desinflen l\u2019il-lusi\u00f3 i ens fan tocar de peus a terra. I \u00e9s que, en el fons, tots solem ser m\u00e9s egoistes que altruistes.<\/p>\n<p>Un malestar acumulat amb relaci\u00f3 al govern espanyol, i en general a l\u2019actitud d\u2019Espanya amb Catalunya, va anar filtrant una certa esperan\u00e7a de canvi en les estructures pol\u00edtiques, no de manera immediata, per\u00f2 si amb un horitz\u00f3 a la vista. La darrera manifestaci\u00f3 a Barcelona proclamant que Catalunya \u00e9s una naci\u00f3 i que disposa del dret a decidir va donar molt bon aire fins i tot a algunes veles que ja estaven pr\u00e0cticament plegades. <\/p>\n<p>Un parell de setmanes despr\u00e9s, i davant de les properes eleccions, sembla que ja estem una altra vegada amb les enveges, les ranc\u00fanies i l\u2019autofagia pol\u00edtica, com tantes vegades ha lamentablement succe\u00eft. Llegeixo alguns titulars d\u2019un mateix diari digital: \u00abERC espera que CiU es comprometi a no pactar amb el PP\u00bb, \u00abLlorente demana a Mas que aclareixi si vol una Catalunya independent\u00bb, \u00abNo \u00e9s el moment que el poble decideixi qu\u00e8 vol\u00bb diu Marina Geli, \u00abHerrera tamb\u00e9 dona l\u2019Estatut per liquidat\u00bb, \u00abFelip Puig avan\u00e7a que CiU no plantejar\u00e0 cap refer\u00e8ndum d\u2019independ\u00e8ncia les properes dues legislatures\u00bb, \u00abCarretero confia en arribar a acords amb molts grups independentistes\u00bb.<\/p>\n<p>No cal continuar. Si com Carretero diu existeixen realment \u00abmolts grups independentistes\u00bb, ja poden comen\u00e7ar a rebaixar les seves il\u2022lusions perqu\u00e8 certs camins nom\u00e9s es poden seguir units i aix\u00f2 de \u201cmolts grups\u201d em sembla una divisi\u00f3 que no tindria d\u2019existir en l\u2019aspecte fonamental, encara que potser si en certs detalls formals.<\/p>\n<p>Si les forces pretesament partid\u00e0ries d\u2019un canvi de situaci\u00f3 no treballen juntes, mai no s\u2019arribar\u00e0 all\u00e0 on molta gent ha col\u2022locat les seves il\u2022lusions i les seves esperances. A veure si ens entenem d\u2019una vegada!.<\/p>\n<p>(Il-lustraci\u00f3: escultura de Manel Marzo-Mart)<\/p>\n","protected":false},"excerpt":{"rendered":"<p>Com en tantes coses, quan sembla que tot va tranquil\u2022lament pel bon cam\u00ed, certes actituds ens desinflen l\u2019il-lusi\u00f3 i ens fan tocar de peus a terra. I \u00e9s que, en el fons, tots solem ser m\u00e9s egoistes que altruistes. Un malestar acumulat amb relaci\u00f3 al govern espanyol, i en general a l\u2019actitud d\u2019Espanya amb Catalunya, [&hellip;]<\/p>\n","protected":false},"author":126,"featured_media":0,"comment_status":"closed","ping_status":"closed","sticky":false,"template":"","format":"standard","meta":{"jetpack_post_was_ever_published":false,"_jetpack_newsletter_access":"","_jetpack_dont_email_post_to_subs":false,"_jetpack_newsletter_tier_id":0,"_jetpack_memberships_contains_paywalled_content":false,"_jetpack_memberships_contains_paid_content":false,"footnotes":"","jetpack_publicize_message":"","jetpack_publicize_feature_enabled":true,"jetpack_social_post_already_shared":false,"jetpack_social_options":{"image_generator_settings":{"template":"highway","default_image_id":0,"font":"","enabled":false},"version":2}},"categories":[1],"tags":[],"class_list":["post-616","post","type-post","status-publish","format-standard","hentry","category-general"],"jetpack_publicize_connections":[],"jetpack_featured_media_url":"","jetpack-related-posts":[{"id":749,"url":"https:\/\/blogs.avui.cat\/botonier\/2010\/08\/20\/a-veure-si-ens-entenem-duna-vegada-2\/","url_meta":{"origin":616,"position":0},"title":"A veure si ens entenem d&#8217;una vegada!","author":"Ramon Boixet","date":"20 agost 2010","format":false,"excerpt":"Com en tantes coses, quan sembla que tot va tranquil\u2022lament pel bon cam\u00ed, certes actituds ens desinflen l\u2019il-lusi\u00f3 i ens fan tocar de peus a terra. I \u00e9s que, en el fons, tots solem ser m\u00e9s egoistes que altruistes. Un malestar acumulat amb relaci\u00f3 al govern espanyol, i en general\u2026","rel":"","context":"A &quot;General&quot;","block_context":{"text":"General","link":"https:\/\/blogs.avui.cat\/botonier\/category\/general\/"},"img":{"alt_text":"","src":"","width":0,"height":0},"classes":[]},{"id":352,"url":"https:\/\/blogs.avui.cat\/botonier\/2009\/09\/11\/escolti-president-montilla\/","url_meta":{"origin":616,"position":1},"title":"Escolti, president Montilla&#8230;","author":"Ramon Boixet","date":"11 setembre 2009","format":false,"excerpt":"Permeti'm comen\u00e7ar dient que no ens coneixem personalment i que dubto molt que alguna vegada ens trobem. Malgrat aix\u00f2, em permeto donar a aquestes ratlles un to col\u2022loquial, directe i poc embafat. No estic segur que vost\u00e8 arribi a llegir aquest article. Escriure un blog \u00e9s com cantar sota la\u2026","rel":"","context":"A &quot;General&quot;","block_context":{"text":"General","link":"https:\/\/blogs.avui.cat\/botonier\/category\/general\/"},"img":{"alt_text":"","src":"","width":0,"height":0},"classes":[]},{"id":692,"url":"https:\/\/blogs.avui.cat\/botonier\/2009\/09\/11\/escolti-president-montilla-2\/","url_meta":{"origin":616,"position":2},"title":"Escolti, president Montilla&#8230;","author":"Ramon Boixet","date":"11 setembre 2009","format":false,"excerpt":"Permeti'm comen\u00e7ar dient que no ens coneixem personalment i que dubto molt que alguna vegada ens trobem. Malgrat aix\u00f2, em permeto donar a aquestes ratlles un to col\u2022loquial, directe i poc embafat. No estic segur que vost\u00e8 arribi a llegir aquest article. Escriure un blog \u00e9s com cantar sota la\u2026","rel":"","context":"A &quot;General&quot;","block_context":{"text":"General","link":"https:\/\/blogs.avui.cat\/botonier\/category\/general\/"},"img":{"alt_text":"","src":"","width":0,"height":0},"classes":[]},{"id":1221,"url":"https:\/\/blogs.avui.cat\/botonier\/2012\/11\/23\/dilluns-en-parlarem\/","url_meta":{"origin":616,"position":3},"title":"Dilluns en parlarem","author":"Ramon Boixet","date":"23 novembre 2012","format":false,"excerpt":"S'acaba la campanya electoral amb un ambient condicionat per moltes declaracions d'un to poc habitual entre nosaltres. L'ombra d'un refer\u00e8ndum sobre la independ\u00e8ncia sembla que ha despertat tots els fantasmes que Espanya guardava al rebost a l'espera de una bona ocasi\u00f3 per fer-los volar. Certes declaracions de personatges del m\u00f3n\u2026","rel":"","context":"A &quot;General&quot;","block_context":{"text":"General","link":"https:\/\/blogs.avui.cat\/botonier\/category\/general\/"},"img":{"alt_text":"","src":"https:\/\/i0.wp.com\/blogs.avui.cat\/botonier\/files\/2012\/11\/Ohne-Titel-2-150x150.jpg?resize=350%2C200","width":350,"height":200},"classes":[]},{"id":440,"url":"https:\/\/blogs.avui.cat\/botonier\/2010\/01\/27\/hondures-i-la-monarquia-espanyola\/","url_meta":{"origin":616,"position":4},"title":"Hondures i la monarquia espanyola","author":"Ramon Boixet","date":"27 gener 2010","format":false,"excerpt":"Avui dimecres, el president electe d'Hondures, Porfirio Lobo, pren possessi\u00f3 del seu c\u00e0rrec. Com que la seva elecci\u00f3 va ser l\u2019ultima anella d\u2019una cadena de fets lamentables, amb segrests, intents de cops d'estat, vagues i manifestacions, la cerim\u00f2nia ser\u00e0 austera i poc visitada per personalitats estrangeres. Espanya ha decidit estar\u2026","rel":"","context":"A &quot;General&quot;","block_context":{"text":"General","link":"https:\/\/blogs.avui.cat\/botonier\/category\/general\/"},"img":{"alt_text":"","src":"","width":0,"height":0},"classes":[]},{"id":51,"url":"https:\/\/blogs.avui.cat\/botonier\/2008\/07\/22\/federalisme\/","url_meta":{"origin":616,"position":5},"title":"Federalisme?","author":"Ramon Boixet","date":"22 juliol 2008","format":false,"excerpt":"Ara que es torna a parlar c\u00edclicament de federalisme com a una bona soluci\u00f3 perqu\u00e8 Catalunya tingui unes possibilitats d'autogovern que s'assemblin el m\u00e0xim a les que es creuen justes, voldria fer un parell de consideracions, segurament intranscendents. Su\u00efssa ha portat el federalisme a un nivell molt alt i, tot\u2026","rel":"","context":"A &quot;General&quot;","block_context":{"text":"General","link":"https:\/\/blogs.avui.cat\/botonier\/category\/general\/"},"img":{"alt_text":"","src":"","width":0,"height":0},"classes":[]}],"jetpack_sharing_enabled":true,"jetpack_likes_enabled":true,"_links":{"self":[{"href":"https:\/\/blogs.avui.cat\/botonier\/wp-json\/wp\/v2\/posts\/616","targetHints":{"allow":["GET"]}}],"collection":[{"href":"https:\/\/blogs.avui.cat\/botonier\/wp-json\/wp\/v2\/posts"}],"about":[{"href":"https:\/\/blogs.avui.cat\/botonier\/wp-json\/wp\/v2\/types\/post"}],"author":[{"embeddable":true,"href":"https:\/\/blogs.avui.cat\/botonier\/wp-json\/wp\/v2\/users\/126"}],"replies":[{"embeddable":true,"href":"https:\/\/blogs.avui.cat\/botonier\/wp-json\/wp\/v2\/comments?post=616"}],"version-history":[{"count":4,"href":"https:\/\/blogs.avui.cat\/botonier\/wp-json\/wp\/v2\/posts\/616\/revisions"}],"predecessor-version":[{"id":2476,"href":"https:\/\/blogs.avui.cat\/botonier\/wp-json\/wp\/v2\/posts\/616\/revisions\/2476"}],"wp:attachment":[{"href":"https:\/\/blogs.avui.cat\/botonier\/wp-json\/wp\/v2\/media?parent=616"}],"wp:term":[{"taxonomy":"category","embeddable":true,"href":"https:\/\/blogs.avui.cat\/botonier\/wp-json\/wp\/v2\/categories?post=616"},{"taxonomy":"post_tag","embeddable":true,"href":"https:\/\/blogs.avui.cat\/botonier\/wp-json\/wp\/v2\/tags?post=616"}],"curies":[{"name":"wp","href":"https:\/\/api.w.org\/{rel}","templated":true}]}}