{"id":581,"date":"2010-07-05T09:01:00","date_gmt":"2010-07-05T07:01:00","guid":{"rendered":"http:\/\/blogs.avui.cat\/botonier\/2010\/07\/05\/no-lentenc-senyor-montilla\/"},"modified":"2013-06-19T09:47:20","modified_gmt":"2013-06-19T08:47:20","slug":"no-lentenc-senyor-montilla","status":"publish","type":"post","link":"https:\/\/blogs.avui.cat\/botonier\/2010\/07\/05\/no-lentenc-senyor-montilla\/","title":{"rendered":"No l&#8217;entenc, senyor Montilla"},"content":{"rendered":"<p><a href=\"https:\/\/i0.wp.com\/3.bp.blogspot.com\/_gS2A8TwyupA\/TDGDhQ2Sh7I\/AAAAAAAABOY\/19BmuLK9NrQ\/s1600\/Som.JPG\"><img data-recalc-dims=\"1\" decoding=\"async\" src=\"https:\/\/i0.wp.com\/3.bp.blogspot.com\/_gS2A8TwyupA\/TDGDhQ2Sh7I\/AAAAAAAABOY\/19BmuLK9NrQ\/s200\/Som.JPG\" border=\"0\" \/><\/a><br \/>No l\u2019entenc, i em sembla que no s\u00f3c l\u2019\u00fanic. Vost\u00e8 \u00e9s alhora el ciutad\u00e0 Montilla, el primer secretari del PSC i el President de la Generalitat. Una sola persona, per\u00f2 amb tres facetes d\u2019actuaci\u00f3, de manera que per no confondre el personal, ha de quedar clar a cada posicionament seu quin dels \u201ctres\u201d Montilla fa el que fa. <\/p>\n<p>La seva decisi\u00f3 de participar a la manifestaci\u00f3 del dia 10, iniciada per \u00d2mnium Cultural, va donar una agradable sorpresa a molts ciutadans. Com que el lema era \u201cSom una naci\u00f3, nosaltres decidim\u201d, el fet de participar-hi era donar un recolzament institucional que la manifestaci\u00f3 segurament es mereixia. <\/p>\n<p> Ara b\u00e9, la seva exig\u00e8ncia que la manifestaci\u00f3 vagi encap\u00e7alada per una senyera i no per una pancarta amb el lema em sembla excessiu. Anem per parts: el ciutad\u00e0 Montilla sap que \u00d2mnium i d\u2019altres volen fer una manifestaci\u00f3 per demostrar el dret i la voluntat de decidir el que Catalunya \u00e9s i vol ser, i s\u2019hi apunta, decideix anar-hi tal com molts milers de catalans, sense posar condicions als organitzadors.<\/p>\n<p>Tamb\u00e9 pot ser que el Primer secretari del PSC, senyor Montilla, per tal de no deixar el seu partit sense el cap principal, decideix anar a la manifestaci\u00f3. Com que el seu partit no s\u2019ha desent\u00e8s fins ara del PSOE, els de Madrid li diuen que d\u2019anar-hi molt b\u00e9, per\u00f2 darrera d\u2019una pancarta que diu que Catalunya \u00e9s una naci\u00f3, pot fer enfadar a molta gent, cosa que no conv\u00e9 al govern de Madrid, de manera que s\u2019ha d\u2019intentar diluir el missatge. <\/p>\n<p>Posats a fer fantasies, el President de la Generalitat, oblidant que \u00e9s el president de tots els catalans, veu que les eleccions s\u2019acosten i que no es pot estar fora de Barcelona, o amb grip, un dia com el 10 de Juliol i decideix d\u2019anar a la manifestaci\u00f3. Aix\u00f2 si, d\u2019una manera que permeti donar relleu al seu c\u00e0rrec, \u00e9s a dir, al davant de tot. El problema \u00e9s que els organitzadors han previst la pancarta amb el lema com a primera pancarta, amb els representats dels partits i les entitats al darrera, i despr\u00e9s, una senyera, amb els c\u00e0rrecs institucionals. El President Montilla va pensar que aix\u00f2 no pot ser, que ell no pot anar darrera de l\u2019Artur Mas,  i per tant intenta fer col\u2022locar la pancarta amb el lema en un lloc de segona import\u00e0ncia, per tal d\u2019anar ell al davant.<\/p>\n<p>No l\u2019entenc, senyor Montilla. Ja em dir\u00e0 quina de les seves tres personalitats \u00e9s la que anir\u00e0 a la manifestaci\u00f3. Crec que val la pena que ens ho expliqui, i si els organitzadors fan el que vost\u00e8 demana, seran ells els que ens tindran d\u2019explicar els motius del canvi, de la baixada de cap i fins i tot de la genuflexi\u00f3.<\/p>\n","protected":false},"excerpt":{"rendered":"<p>No l\u2019entenc, i em sembla que no s\u00f3c l\u2019\u00fanic. Vost\u00e8 \u00e9s alhora el ciutad\u00e0 Montilla, el primer secretari del PSC i el President de la Generalitat. Una sola persona, per\u00f2 amb tres facetes d\u2019actuaci\u00f3, de manera que per no confondre el personal, ha de quedar clar a cada posicionament seu quin dels \u201ctres\u201d Montilla fa [&hellip;]<\/p>\n","protected":false},"author":126,"featured_media":0,"comment_status":"closed","ping_status":"closed","sticky":false,"template":"","format":"standard","meta":{"jetpack_post_was_ever_published":false,"_jetpack_newsletter_access":"","_jetpack_dont_email_post_to_subs":false,"_jetpack_newsletter_tier_id":0,"_jetpack_memberships_contains_paywalled_content":false,"_jetpack_memberships_contains_paid_content":false,"footnotes":"","jetpack_publicize_message":"","jetpack_publicize_feature_enabled":true,"jetpack_social_post_already_shared":false,"jetpack_social_options":{"image_generator_settings":{"template":"highway","default_image_id":0,"font":"","enabled":false},"version":2}},"categories":[1],"tags":[],"class_list":["post-581","post","type-post","status-publish","format-standard","hentry","category-general"],"jetpack_publicize_connections":[],"jetpack_featured_media_url":"","jetpack-related-posts":[{"id":744,"url":"https:\/\/blogs.avui.cat\/botonier\/2010\/07\/05\/no-lentenc-senyor-montilla-2\/","url_meta":{"origin":581,"position":0},"title":"No l&#8217;entenc, senyor Montilla","author":"Ramon Boixet","date":"5 juliol 2010","format":false,"excerpt":"No l\u2019entenc, i em sembla que no s\u00f3c l\u2019\u00fanic. Vost\u00e8 \u00e9s alhora el ciutad\u00e0 Montilla, el primer secretari del PSC i el President de la Generalitat. Una sola persona, per\u00f2 amb tres facetes d\u2019actuaci\u00f3, de manera que per no confondre el personal, ha de quedar clar a cada posicionament seu\u2026","rel":"","context":"A &quot;General&quot;","block_context":{"text":"General","link":"https:\/\/blogs.avui.cat\/botonier\/category\/general\/"},"img":{"alt_text":"","src":"","width":0,"height":0},"classes":[]},{"id":582,"url":"https:\/\/blogs.avui.cat\/botonier\/2010\/07\/07\/carod-recolza-montilla\/","url_meta":{"origin":581,"position":1},"title":"Carod recolza Montilla","author":"Ramon Boixet","date":"7 juliol 2010","format":false,"excerpt":"Aprofitant un dels viatges a l\u2019estranger, per cert d\u2019una efici\u00e8ncia sovint dubtosa, el vicepresident del Govern senyor Carod ha declarat que el lema de la manifestaci\u00f3 li sembla \"perfecte\", i el fet que la marxa de dissabte \"pugui anar encap\u00e7alada per la bandera nacional del pa\u00eds \u00e9s el missatge m\u00e9s\u2026","rel":"","context":"A &quot;General&quot;","block_context":{"text":"General","link":"https:\/\/blogs.avui.cat\/botonier\/category\/general\/"},"img":{"alt_text":"","src":"","width":0,"height":0},"classes":[]},{"id":586,"url":"https:\/\/blogs.avui.cat\/botonier\/2010\/07\/12\/ai-senyor-montilla\/","url_meta":{"origin":581,"position":2},"title":"Ai, senyor Montilla !","author":"Ramon Boixet","date":"12 juliol 2010","format":false,"excerpt":"Em puc imaginar que per vost\u00e8 la manifestaci\u00f3 del dissabte \u00e9s com un malson. No ha de ser agradable per vost\u00e8 tenir la sensaci\u00f3 que hi feia nosa. Ho dir\u00e9 d\u2019una manera m\u00e9s suau. Vost\u00e8 no va fer cap favor a ning\u00fa: ni a la manifestaci\u00f3, ni al seu c\u00e0rrec\u2026","rel":"","context":"A &quot;General&quot;","block_context":{"text":"General","link":"https:\/\/blogs.avui.cat\/botonier\/category\/general\/"},"img":{"alt_text":"","src":"","width":0,"height":0},"classes":[]},{"id":587,"url":"https:\/\/blogs.avui.cat\/botonier\/2010\/07\/14\/tenim-la-gent-que-cal\/","url_meta":{"origin":581,"position":3},"title":"Tenim la gent que cal?","author":"Ramon Boixet","date":"14 juliol 2010","format":false,"excerpt":"Ara veurem si tenim els pol\u00edtics amb el nivell que una naci\u00f3 necessita o b\u00e9 tindrem de comen\u00e7ar per crear una nova \u201cfornada\u201d que ens porti all\u00e0 on la gent vol. arribar.La manifestaci\u00f3 del dissabte ha estat pr\u00e0cticament ignorada per la majoria d\u2019espanyols tant per una manca d\u2019informacions com per\u2026","rel":"","context":"A &quot;General&quot;","block_context":{"text":"General","link":"https:\/\/blogs.avui.cat\/botonier\/category\/general\/"},"img":{"alt_text":"","src":"","width":0,"height":0},"classes":[]},{"id":583,"url":"https:\/\/blogs.avui.cat\/botonier\/2010\/07\/09\/sant-tornem-hi\/","url_meta":{"origin":581,"position":4},"title":"Sant Tornem-hi","author":"Ramon Boixet","date":"9 juliol 2010","format":false,"excerpt":"Catalunya no pot desaprofitar les poques ocasions que es presenten per demostrar unitat. Demostrar unitat no \u00e9s ser un ramat de xais, ni un conjunt d'essers descolorits: tota difer\u00e8ncia de forma \u00e9s legitima i els partits i les associacions permeten que cadasc\u00fa decideixi de quina opci\u00f3 corrent vol fer part.\u2026","rel":"","context":"A &quot;General&quot;","block_context":{"text":"General","link":"https:\/\/blogs.avui.cat\/botonier\/category\/general\/"},"img":{"alt_text":"","src":"","width":0,"height":0},"classes":[]},{"id":1180,"url":"https:\/\/blogs.avui.cat\/botonier\/2012\/09\/08\/tot-depen-de-nosaltres\/","url_meta":{"origin":581,"position":5},"title":"Tot dep\u00e8n de nosaltres","author":"Ramon Boixet","date":"8 setembre 2012","format":false,"excerpt":"La manifestaci\u00f3 del dia 11, convocada per l'ANC amb el lema \"Catalunya Nou Estat d'Europa\", ja est\u00e0 provocant esveraments, penediments, amagades i actituds de sorpresa. Tothom disposa del dret d' anar a la manifestaci\u00f3, o de no anar-hi, sense necessitat de donar masses explicacions, llevat dels anomenats \"personatges p\u00fablics\" que\u2026","rel":"","context":"A &quot;General&quot;","block_context":{"text":"General","link":"https:\/\/blogs.avui.cat\/botonier\/category\/general\/"},"img":{"alt_text":"","src":"https:\/\/i0.wp.com\/blogs.avui.cat\/botonier\/files\/2012\/09\/Marxa1-150x150.jpg?resize=350%2C200","width":350,"height":200},"classes":[]}],"jetpack_sharing_enabled":true,"jetpack_likes_enabled":true,"_links":{"self":[{"href":"https:\/\/blogs.avui.cat\/botonier\/wp-json\/wp\/v2\/posts\/581","targetHints":{"allow":["GET"]}}],"collection":[{"href":"https:\/\/blogs.avui.cat\/botonier\/wp-json\/wp\/v2\/posts"}],"about":[{"href":"https:\/\/blogs.avui.cat\/botonier\/wp-json\/wp\/v2\/types\/post"}],"author":[{"embeddable":true,"href":"https:\/\/blogs.avui.cat\/botonier\/wp-json\/wp\/v2\/users\/126"}],"replies":[{"embeddable":true,"href":"https:\/\/blogs.avui.cat\/botonier\/wp-json\/wp\/v2\/comments?post=581"}],"version-history":[{"count":4,"href":"https:\/\/blogs.avui.cat\/botonier\/wp-json\/wp\/v2\/posts\/581\/revisions"}],"predecessor-version":[{"id":2501,"href":"https:\/\/blogs.avui.cat\/botonier\/wp-json\/wp\/v2\/posts\/581\/revisions\/2501"}],"wp:attachment":[{"href":"https:\/\/blogs.avui.cat\/botonier\/wp-json\/wp\/v2\/media?parent=581"}],"wp:term":[{"taxonomy":"category","embeddable":true,"href":"https:\/\/blogs.avui.cat\/botonier\/wp-json\/wp\/v2\/categories?post=581"},{"taxonomy":"post_tag","embeddable":true,"href":"https:\/\/blogs.avui.cat\/botonier\/wp-json\/wp\/v2\/tags?post=581"}],"curies":[{"name":"wp","href":"https:\/\/api.w.org\/{rel}","templated":true}]}}