{"id":573,"date":"2010-06-24T09:00:00","date_gmt":"2010-06-24T07:00:00","guid":{"rendered":"http:\/\/blogs.avui.cat\/botonier\/2010\/06\/24\/malgastar-i-especular-un-exemple\/"},"modified":"2013-06-19T09:47:22","modified_gmt":"2013-06-19T08:47:22","slug":"malgastar-i-especular-un-exemple","status":"publish","type":"post","link":"https:\/\/blogs.avui.cat\/botonier\/2010\/06\/24\/malgastar-i-especular-un-exemple\/","title":{"rendered":"Malgastar i especular: un exemple"},"content":{"rendered":"<p><a href=\"https:\/\/i0.wp.com\/1.bp.blogspot.com\/_gS2A8TwyupA\/TCMCvPNzudI\/AAAAAAAABNo\/wFJIitTsLeE\/s1600\/CR.JPG\"><img data-recalc-dims=\"1\" decoding=\"async\" src=\"https:\/\/i0.wp.com\/1.bp.blogspot.com\/_gS2A8TwyupA\/TCMCvPNzudI\/AAAAAAAABNo\/wFJIitTsLeE\/s200\/CR.JPG\" border=\"0\" \/><\/a><\/p>\n<p>El desembre del 2008 va entrar en servei un flamant aeroport a Ciudad Real, amb un cost de l\u2019ordre de 1.100 milions d\u2019euros. S\u2019ha de dir que era el primer aeroport internacional privat d\u2019Espanya. <\/p>\n<p>La idea inicial era la d&#8217;oferir una alternativa al sud de Madrid, i per tant es va construir amb tots els ets i uts que corresponen. <\/p>\n<p>Amb el nom van comen\u00e7ar els problemes : primer el van batejar com a Aeropuerto Don Quijote, despr\u00e9s com a Aeropuerto Madrid Sur-Ciudad Real i finalment Aeropuerto de Ciudad Real. <\/p>\n<p>Previst per un moviment de passatgers de l\u2019ordre de 2 milions a l\u2019any avui dia nom\u00e9s rep un vol al dia, un sol vol, cap a Londres de manera que totes les previsions han fallat estrepitosament. <\/p>\n<p>Ara, la companyia propiet\u00e0ria, CR Aeropuertos S.L., ha fet fallida amb un forat de 290 milions d\u2019euros. Tres caixes d\u2019estalvis, dos d\u2019elles intervingudes per l\u2019Estat, aguanten el deute, cosa que no ajuda a veure clar l\u2019estat general de caixes i bancs.<br \/>Hem de suposar que la construcci\u00f3 d\u2019un aeroport que s\u2019ha mostrat innecessari, va permetre que algunes persones o entitats guanyessin molts diners. La venda de terrenys, les obres i tots els negocis laterals, han folrat algunes carteres. Ara, el d\u00e8ficit l\u2019han de pagar algunes caixes i algunes empreses, \u00e9s a dir tothom. <\/p>\n<p>Posats a estalviar, el govern pot comen\u00e7ar a posar fre a projectes d&#8217;improbable efic\u00e0cia com el de l&#8217;aeroport de Ciudad Real. A les televisions de Su\u00efssa i Alemanya s\u2019ha vist un reportatge sobre aquest aeroport, que no deixa massa b\u00e9 el paper d\u2019Espanya en moment de crisi econ\u00f2mica i de proclames d\u2019estalvi.<\/p>\n","protected":false},"excerpt":{"rendered":"<p>El desembre del 2008 va entrar en servei un flamant aeroport a Ciudad Real, amb un cost de l\u2019ordre de 1.100 milions d\u2019euros. S\u2019ha de dir que era el primer aeroport internacional privat d\u2019Espanya. La idea inicial era la d&#8217;oferir una alternativa al sud de Madrid, i per tant es va construir amb tots els [&hellip;]<\/p>\n","protected":false},"author":126,"featured_media":0,"comment_status":"closed","ping_status":"closed","sticky":false,"template":"","format":"standard","meta":{"jetpack_post_was_ever_published":false,"_jetpack_newsletter_access":"","_jetpack_dont_email_post_to_subs":false,"_jetpack_newsletter_tier_id":0,"_jetpack_memberships_contains_paywalled_content":false,"_jetpack_memberships_contains_paid_content":false,"footnotes":"","jetpack_publicize_message":"","jetpack_publicize_feature_enabled":true,"jetpack_social_post_already_shared":false,"jetpack_social_options":{"image_generator_settings":{"template":"highway","default_image_id":0,"font":"","enabled":false},"version":2}},"categories":[1],"tags":[],"class_list":["post-573","post","type-post","status-publish","format-standard","hentry","category-general"],"jetpack_publicize_connections":[],"jetpack_featured_media_url":"","jetpack-related-posts":[{"id":604,"url":"https:\/\/blogs.avui.cat\/botonier\/2010\/08\/10\/llei-i-sentit-comu-una-historia-real\/","url_meta":{"origin":573,"position":0},"title":"Llei i sentit com\u00fa: una hist\u00f2ria real","author":"Ramon Boixet","date":"10 agost 2010","format":false,"excerpt":"El dia 24 d\u2019abril d\u2019enguany, la molt famosa violinista Patricia Kopatchinskaja, amb passaport austr\u00edac i resident a Su\u00efssa, va ser retinguda a la duana de l'aeroport de Zuric per voler entrar a Su\u00efssa amb un viol\u00ed valorat en 4 milions d\u2019euros. El viol\u00ed \u00e9s propietat de la Banca Nacional Austr\u00edaca\u2026","rel":"","context":"A &quot;General&quot;","block_context":{"text":"General","link":"https:\/\/blogs.avui.cat\/botonier\/category\/general\/"},"img":{"alt_text":"","src":"","width":0,"height":0},"classes":[]},{"id":392,"url":"https:\/\/blogs.avui.cat\/botonier\/2009\/11\/19\/autonomia-per-laeroport-del-prat\/","url_meta":{"origin":573,"position":1},"title":"Autonomia per l&#8217;aeroport del Prat","author":"Ramon Boixet","date":"19 novembre 2009","format":false,"excerpt":"El nostre aeroport m\u00e9s important necessita amb tota urg\u00e8ncia d\u2019un canvi d\u2019estructures o va cam\u00ed de convertir-se en un aeroport de tercera categoria malgrat la nova terminal.No cal explicar els detalls a tots els que s\u00f3n o han estat passatgers del Prat: manca de connexi\u00f3 amb el metro, deficient connexi\u00f3\u2026","rel":"","context":"A &quot;General&quot;","block_context":{"text":"General","link":"https:\/\/blogs.avui.cat\/botonier\/category\/general\/"},"img":{"alt_text":"","src":"","width":0,"height":0},"classes":[]},{"id":704,"url":"https:\/\/blogs.avui.cat\/botonier\/2009\/11\/19\/autonomia-per-laeroport-del-prat-2\/","url_meta":{"origin":573,"position":2},"title":"Autonomia per l&#8217;aeroport del Prat","author":"Ramon Boixet","date":"19 novembre 2009","format":false,"excerpt":"El nostre aeroport m\u00e9s important necessita amb tota urg\u00e8ncia d\u2019un canvi d\u2019estructures o va cam\u00ed de convertir-se en un aeroport de tercera categoria malgrat la nova terminal.No cal explicar els detalls a tots els que s\u00f3n o han estat passatgers del Prat: manca de connexi\u00f3 amb el metro, deficient connexi\u00f3\u2026","rel":"","context":"A &quot;General&quot;","block_context":{"text":"General","link":"https:\/\/blogs.avui.cat\/botonier\/category\/general\/"},"img":{"alt_text":"","src":"","width":0,"height":0},"classes":[]},{"id":3449,"url":"https:\/\/blogs.avui.cat\/botonier\/2020\/05\/04\/aparcament-per-avions\/","url_meta":{"origin":573,"position":3},"title":"Aparcament per avions","author":"Ramon Boixet","date":"4 maig 2020","format":false,"excerpt":"\u00a0 La\u00a0companyia\u00a0su\u00efssa\u00a0SWISS\u00a0va\u00a0n\u00e9ixer\u00a0l'any 2002\u00a0en\u00a0comprar l'alemanya Lufthansa la fallida SWISSAIR.\u00a0Malgrat\u00a0el canvi de propietat\u00a0SWISS\u00a0va mantenir les qualitats d'imatge, de bon servei i de puntualitat\u00a0de la seva companyia d'origen. Les actuals\u00a0circumst\u00e0ncies\u00a0estan obligant a totes les companyies d'aviaci\u00f3\u00a0a prendre decisions urgents i dures per la manca de viatgers i per la\u00a0inc\u00f2gnita\u00a0de quan les activitats podran\u2026","rel":"","context":"A &quot;General&quot;","block_context":{"text":"General","link":"https:\/\/blogs.avui.cat\/botonier\/category\/general\/"},"img":{"alt_text":"","src":"https:\/\/i0.wp.com\/blogs.avui.cat\/botonier\/files\/2020\/05\/images-150x150.jpeg?resize=350%2C200","width":350,"height":200},"classes":[]},{"id":567,"url":"https:\/\/blogs.avui.cat\/botonier\/2010\/06\/17\/0-1-el-triomf-de-la-modestia\/","url_meta":{"origin":573,"position":4},"title":"0-1 : El triomf de la mod\u00e8stia","author":"Ramon Boixet","date":"17 juny 2010","format":false,"excerpt":"Una vegada acabat el partit de futbol entre Espanya i Su\u00efssa, vaig entrar als diaris digitals espanyols, amb la insana curiositat de saber com qualificaven el resultat. La premsa de Madrid va escriure: \u00abCura d'humildad\u00bb, \u00abToque de atenci\u00f3n\u00bb, \u00abPatinazo de Espa\u00f1a\u00bb i \u00abPeor, imposible\u00bb. D\u00e9u n\u2019hi do!. La premsa su\u00efssa,\u2026","rel":"","context":"A &quot;General&quot;","block_context":{"text":"General","link":"https:\/\/blogs.avui.cat\/botonier\/category\/general\/"},"img":{"alt_text":"","src":"","width":0,"height":0},"classes":[]},{"id":569,"url":"https:\/\/blogs.avui.cat\/botonier\/2010\/06\/19\/laeroport-de-barcelona-no-es-el-millor\/","url_meta":{"origin":573,"position":5},"title":"L&#8217;aeroport de Barcelona no \u00e9s el millor","author":"Ramon Boixet","date":"19 juny 2010","format":false,"excerpt":"El Consell Internacional d\u2019Aeroports d\u2019Europa ha distingit l\u2019aeroport de Barcelona com el millor de l\u2019any dins de la categoria d'aeroports amb m\u00e9s de 25 milions de passatgers. Sembla que el premi \u00e9s, en gran part, degut a la terminal T1 de la que el jurat ha valorat el disseny, l'agilitat\u2026","rel":"","context":"A &quot;General&quot;","block_context":{"text":"General","link":"https:\/\/blogs.avui.cat\/botonier\/category\/general\/"},"img":{"alt_text":"","src":"","width":0,"height":0},"classes":[]}],"jetpack_sharing_enabled":true,"jetpack_likes_enabled":true,"_links":{"self":[{"href":"https:\/\/blogs.avui.cat\/botonier\/wp-json\/wp\/v2\/posts\/573","targetHints":{"allow":["GET"]}}],"collection":[{"href":"https:\/\/blogs.avui.cat\/botonier\/wp-json\/wp\/v2\/posts"}],"about":[{"href":"https:\/\/blogs.avui.cat\/botonier\/wp-json\/wp\/v2\/types\/post"}],"author":[{"embeddable":true,"href":"https:\/\/blogs.avui.cat\/botonier\/wp-json\/wp\/v2\/users\/126"}],"replies":[{"embeddable":true,"href":"https:\/\/blogs.avui.cat\/botonier\/wp-json\/wp\/v2\/comments?post=573"}],"version-history":[{"count":3,"href":"https:\/\/blogs.avui.cat\/botonier\/wp-json\/wp\/v2\/posts\/573\/revisions"}],"predecessor-version":[{"id":2510,"href":"https:\/\/blogs.avui.cat\/botonier\/wp-json\/wp\/v2\/posts\/573\/revisions\/2510"}],"wp:attachment":[{"href":"https:\/\/blogs.avui.cat\/botonier\/wp-json\/wp\/v2\/media?parent=573"}],"wp:term":[{"taxonomy":"category","embeddable":true,"href":"https:\/\/blogs.avui.cat\/botonier\/wp-json\/wp\/v2\/categories?post=573"},{"taxonomy":"post_tag","embeddable":true,"href":"https:\/\/blogs.avui.cat\/botonier\/wp-json\/wp\/v2\/tags?post=573"}],"curies":[{"name":"wp","href":"https:\/\/api.w.org\/{rel}","templated":true}]}}